{"id":47414,"date":"2022-12-18T12:29:00","date_gmt":"2022-12-18T15:29:00","guid":{"rendered":"https:\/\/blogopara.com.br\/?p=47414"},"modified":"2022-12-18T09:47:07","modified_gmt":"2022-12-18T12:47:07","slug":"janja-influencia-na-transicao-e-ensaia-papel-no-futuro-governo-lula","status":"publish","type":"post","link":"https:\/\/blogopara.com.br\/index.php\/2022\/12\/18\/janja-influencia-na-transicao-e-ensaia-papel-no-futuro-governo-lula","title":{"rendered":"Janja influencia na transi\u00e7\u00e3o e ensaia papel no futuro governo Lula"},"content":{"rendered":"\n<p><a href=\"https:\/\/www.facebook.com\/dialog\/feed?app_id=458584288257241&amp;link=https%3A%2F%2Fbr.noticias.yahoo.com%2Fjanja-influencia-na-transi%25C3%25A7%25C3%25A3o-e-073007590.html%3Fsoc_src%3Dsocial-sh%26soc_trk%3Dfb%26tsrc%3Dfb\" rel=\"noreferrer noopener\" target=\"_blank\"><\/a><a href=\"https:\/\/twitter.com\/intent\/tweet?text=Janja%20influencia%20na%20transi%C3%A7%C3%A3o%20e%20ensaia%20papel%20no%20futuro%20governo%20Lula&amp;url=https%3A%2F%2Fbr.noticias.yahoo.com%2Fjanja-influencia-na-transi%25C3%25A7%25C3%25A3o-e-073007590.html%3Fsoc_src%3Dsocial-sh%26soc_trk%3Dtw%26tsrc%3Dtwtr&amp;via=YahooBr\" rel=\"noreferrer noopener\" target=\"_blank\"><\/a><a href=\"mailto:?subject=Janja%20influencia%20na%20transi%C3%A7%C3%A3o%20e%20ensaia%20papel%20no%20futuro%20governo%20Lula&amp;body=https%3A%2F%2Fbr.noticias.yahoo.com%2Fjanja-influencia-na-transi%25C3%25A7%25C3%25A3o-e-073007590.html%3Fsoc_src%3Dsocial-sh%26soc_trk%3Dma\" rel=\"noreferrer noopener\" target=\"_blank\"><\/a><\/p>\n\n\n<p style=\"text-align: justify;\">Ao despachar com a equipe de transi\u00e7\u00e3o no Centro Cultural do Banco do Brasil (CCBB), em Bras\u00edlia, a futura primeira-dama Ros\u00e2ngela Silva, a Janja, ensaia o protagonismo que ter\u00e1 no futuro governo. Al\u00e9m de ser a respons\u00e1vel pela organiza\u00e7\u00e3o da cerim\u00f4nia de posse, ela tem influenciado na escolha de nomes e na discuss\u00e3o de pol\u00edticas p\u00fablicas das futuras pastas da Cultura, Mulheres e Direitos Humanos. At\u00e9 mesmo a defini\u00e7\u00e3o da nova diretoria da Itaipu Binacional, estatal na qual trabalhou por 15 anos, deve passar pelo crivo da mulher do presidente eleito, Luiz In\u00e1cio Lula da Silva.<\/p>\n<p style=\"text-align: justify;\">O movimento mais recente com as digitais de Janja foi a indica\u00e7\u00e3o do secret\u00e1rio nacional de Cultura do PT, Marcio Tavares, para ser o n\u00famero dois do Minist\u00e9rio da Cultura. Tavares ganhou a confian\u00e7a da futura primeira-dama ap\u00f3s os dois se aproximaram durante a organiza\u00e7\u00e3o de atos da campanha eleitoral com a presen\u00e7a de artistas. A cantora Margareth Menezes, escolhida para comandar a pasta, tinha outros nomes em mente.<\/p>\n<p style=\"text-align: justify;\">No caso de Itaipu, Janja tem amigos, conhece os servidores de carreira, as demandas da empresa e, de acordo com auxiliares, costuma ser consultada por Lula quando o assunto se refere \u00e0 hidrel\u00e9trica. De 2005 a 2020, a soci\u00f3loga trabalhou nas \u00e1reas de Assist\u00eancia da Diretoria-Geral, Assessoria de Energias Renov\u00e1veis, Assessoria de Responsabilidade Social e Divis\u00e3o Regional de Recursos Humanos em Curitiba. Cargos na diretoria e no conselho da estatal, por\u00e9m, costumam ser usados para contemplar aliados pol\u00edticos.<\/p>\n<p style=\"text-align: justify;\">E \u00e9 de Itaipu tamb\u00e9m uma das apostas da futura primeira-dama para o Minist\u00e9rio da Mulher. A professora paranaense e ex-diretora da hidrel\u00e9trica Maria Helena Guarezi, filiada ao PT, trabalhou com Janja em 12 dos 15 anos em que a soci\u00f3loga esteve na empresa. A professora integrou o grupo de trabalho de Mulheres durante a transi\u00e7\u00e3o.<\/p>\n<h4 style=\"text-align: justify;\">Inc\u00f4modo<\/h4>\n<p style=\"text-align: justify;\">Embora a autoridade da primeira-dama n\u00e3o seja questionada publicamente, a forma como ela conduz algumas indica\u00e7\u00f5es tem gerado ru\u00eddo no entorno do presidente eleito. No caso da pasta das Mulheres, a avalia\u00e7\u00e3o de integrantes do PT \u00e9 que a defini\u00e7\u00e3o de quem vai comandar a pasta deve ser alvo de debate com a milit\u00e2ncia do partido e movimentos sociais que atuam na \u00e1rea, em vez de uma escolha pessoal. A defesa \u00e9 por um nome que tenha protagonismo nos grupos de discuss\u00e3o e liga\u00e7\u00e3o com a academia. A antrop\u00f3loga Debora Diniz \u00e9 uma das citadas.<\/p>\n<p style=\"text-align: justify;\">Quem convive com a futura primeira-dama, contudo, assegura que ela dever\u00e1 dar palpite em diversos minist\u00e9rios e ter\u00e1 interlocu\u00e7\u00e3o com v\u00e1rios nomes do primeiro escal\u00e3o.<\/p>\n<p style=\"text-align: justify;\">\u2014 Temos que aproveitar isso para fazer gest\u00e3o, ajudar no desenvolvimento do pa\u00eds e (garantir) que as pol\u00edticas do governo federal des\u00e7am para os estados e munic\u00edpios. A Janja pode pautar pol\u00edtica porque a bandeira que ela abra\u00e7ar, quem \u00e9 o ministro que vai dizer n\u00e3o? As causas que forem abra\u00e7adas por ela ter\u00e3o for\u00e7a. Podem at\u00e9 reclamar e n\u00e3o gostar, mas ter\u00e3o for\u00e7a \u2014 afirma a vice-governadora do Sergipe, Eliane Aquino (PT), integrante do grupo de Direitos Humanos na transi\u00e7\u00e3o.<\/p>\n<p style=\"text-align: justify;\">Janja vai quase diariamente ao CCBB e frequenta a sede do governo de transi\u00e7\u00e3o mais que Lula, que tem despachado a maior parte do tempo de um hotel na \u00e1rea central de Bras\u00edlia.<\/p>\n<p style=\"text-align: justify;\">A partir de janeiro, a futura primeira-dama ganhar\u00e1 uma sala no Pal\u00e1cio do Planalto, a poucos metros do gabinete presidencial. Ela tem avaliado nomes para formar a equipe com quem vai trabalhar. Atualmente, s\u00f3 tem uma assessora pessoal.<\/p>\n<p style=\"text-align: justify;\">Pessoas pr\u00f3ximas ao casal afirmam que essas fun\u00e7\u00f5es dever\u00e3o ser preenchidas por assessores com os quais Janja j\u00e1 trabalhou na campanha, amigas do Paran\u00e1 e petistas que estiveram com ela durante a vig\u00edlia \u201cLula Livre\u201d, na \u00e9poca em que o presidente eleito esteve preso em Curitiba.<\/p>\n<p>Fonte: Extra<\/p>","protected":false},"excerpt":{"rendered":"<p>Ao despachar com a equipe de transi\u00e7\u00e3o no Centro Cultural do Banco do Brasil (CCBB), em Bras\u00edlia, a futura primeira-dama Ros\u00e2ngela Silva, a Janja, ensaia o protagonismo que ter\u00e1 no futuro governo. Al\u00e9m de ser a respons\u00e1vel pela organiza\u00e7\u00e3o da cerim\u00f4nia de posse, ela tem influenciado na escolha de nomes e na discuss\u00e3o de pol\u00edticas [&hellip;]<\/p>\n","protected":false},"author":1,"featured_media":47415,"comment_status":"closed","ping_status":"open","sticky":false,"template":"","format":"standard","meta":{"_uag_custom_page_level_css":"","_monsterinsights_skip_tracking":false,"_monsterinsights_sitenote_active":false,"_monsterinsights_sitenote_note":"","_monsterinsights_sitenote_category":0,"jetpack_post_was_ever_published":false,"_jetpack_newsletter_access":"","_jetpack_dont_email_post_to_subs":false,"_jetpack_newsletter_tier_id":0,"_jetpack_memberships_contains_paywalled_content":false,"_jetpack_memberships_contains_paid_content":false,"footnotes":"","jetpack_publicize_message":"","jetpack_publicize_feature_enabled":true,"jetpack_social_post_already_shared":true,"jetpack_social_options":{"image_generator_settings":{"template":"highway","default_image_id":0,"font":"","enabled":false},"version":2}},"categories":[197],"tags":[3381,10312,554],"class_list":["post-47414","post","type-post","status-publish","format-standard","has-post-thumbnail","hentry","category-politica","tag-governo","tag-janja","tag-lula"],"jetpack_publicize_connections":[],"jetpack_featured_media_url":"https:\/\/blogopara.com.br\/wp-content\/uploads\/2022\/12\/janja_lula-2.jpg","uagb_featured_image_src":{"full":["https:\/\/blogopara.com.br\/wp-content\/uploads\/2022\/12\/janja_lula-2.jpg",499,364,false],"thumbnail":["https:\/\/blogopara.com.br\/wp-content\/uploads\/2022\/12\/janja_lula-2-150x150.jpg",150,150,true],"medium":["https:\/\/blogopara.com.br\/wp-content\/uploads\/2022\/12\/janja_lula-2-300x219.jpg",300,219,true],"medium_large":["https:\/\/blogopara.com.br\/wp-content\/uploads\/2022\/12\/janja_lula-2.jpg",499,364,false],"large":["https:\/\/blogopara.com.br\/wp-content\/uploads\/2022\/12\/janja_lula-2.jpg",499,364,false],"1536x1536":["https:\/\/blogopara.com.br\/wp-content\/uploads\/2022\/12\/janja_lula-2.jpg",499,364,false],"2048x2048":["https:\/\/blogopara.com.br\/wp-content\/uploads\/2022\/12\/janja_lula-2.jpg",499,364,false],"mantranews-slider-large":["https:\/\/blogopara.com.br\/wp-content\/uploads\/2022\/12\/janja_lula-2.jpg",499,364,false],"mantranews-featured-medium":["https:\/\/blogopara.com.br\/wp-content\/uploads\/2022\/12\/janja_lula-2-420x307.jpg",420,307,true],"mantranews-featured-long":["https:\/\/blogopara.com.br\/wp-content\/uploads\/2022\/12\/janja_lula-2-300x364.jpg",300,364,true],"mantranews-block-medium":["https:\/\/blogopara.com.br\/wp-content\/uploads\/2022\/12\/janja_lula-2-464x290.jpg",464,290,true],"mantranews-carousel-image":["https:\/\/blogopara.com.br\/wp-content\/uploads\/2022\/12\/janja_lula-2.jpg",499,364,false],"mantranews-block-thumb":["https:\/\/blogopara.com.br\/wp-content\/uploads\/2022\/12\/janja_lula-2-322x230.jpg",322,230,true],"mantranews-single-large":["https:\/\/blogopara.com.br\/wp-content\/uploads\/2022\/12\/janja_lula-2.jpg",499,364,false]},"uagb_author_info":{"display_name":"Reda\u00e7\u00e3o geral","author_link":"https:\/\/blogopara.com.br\/index.php\/author\/blogopara"},"uagb_comment_info":0,"uagb_excerpt":"Ao despachar com a equipe de transi\u00e7\u00e3o no Centro Cultural do Banco do Brasil (CCBB), em Bras\u00edlia, a futura primeira-dama Ros\u00e2ngela Silva, a Janja, ensaia o protagonismo que ter\u00e1 no futuro governo. Al\u00e9m de ser a respons\u00e1vel pela organiza\u00e7\u00e3o da cerim\u00f4nia de posse, ela tem influenciado na escolha de nomes e na discuss\u00e3o de pol\u00edticas&hellip;","jetpack_sharing_enabled":true,"jetpack_likes_enabled":true,"_links":{"self":[{"href":"https:\/\/blogopara.com.br\/index.php\/wp-json\/wp\/v2\/posts\/47414","targetHints":{"allow":["GET"]}}],"collection":[{"href":"https:\/\/blogopara.com.br\/index.php\/wp-json\/wp\/v2\/posts"}],"about":[{"href":"https:\/\/blogopara.com.br\/index.php\/wp-json\/wp\/v2\/types\/post"}],"author":[{"embeddable":true,"href":"https:\/\/blogopara.com.br\/index.php\/wp-json\/wp\/v2\/users\/1"}],"replies":[{"embeddable":true,"href":"https:\/\/blogopara.com.br\/index.php\/wp-json\/wp\/v2\/comments?post=47414"}],"version-history":[{"count":1,"href":"https:\/\/blogopara.com.br\/index.php\/wp-json\/wp\/v2\/posts\/47414\/revisions"}],"predecessor-version":[{"id":47416,"href":"https:\/\/blogopara.com.br\/index.php\/wp-json\/wp\/v2\/posts\/47414\/revisions\/47416"}],"wp:featuredmedia":[{"embeddable":true,"href":"https:\/\/blogopara.com.br\/index.php\/wp-json\/wp\/v2\/media\/47415"}],"wp:attachment":[{"href":"https:\/\/blogopara.com.br\/index.php\/wp-json\/wp\/v2\/media?parent=47414"}],"wp:term":[{"taxonomy":"category","embeddable":true,"href":"https:\/\/blogopara.com.br\/index.php\/wp-json\/wp\/v2\/categories?post=47414"},{"taxonomy":"post_tag","embeddable":true,"href":"https:\/\/blogopara.com.br\/index.php\/wp-json\/wp\/v2\/tags?post=47414"}],"curies":[{"name":"wp","href":"https:\/\/api.w.org\/{rel}","templated":true}]}}