{"id":47502,"date":"2022-12-20T11:37:00","date_gmt":"2022-12-20T14:37:00","guid":{"rendered":"https:\/\/blogopara.com.br\/?p=47502"},"modified":"2022-12-19T19:42:22","modified_gmt":"2022-12-19T22:42:22","slug":"gestao-suzana-ramos-vai-entregar-mais-uma-casa-reformada-e-adaptada-em-juazeiro","status":"publish","type":"post","link":"https:\/\/blogopara.com.br\/index.php\/2022\/12\/20\/gestao-suzana-ramos-vai-entregar-mais-uma-casa-reformada-e-adaptada-em-juazeiro","title":{"rendered":"Gest\u00e3o Suzana Ramos vai entregar mais uma casa reformada e adaptada em Juazeiro"},"content":{"rendered":"<p class=\"x_MsoNormal\" style=\"text-align: justify;\">A Gest\u00e3o Suzana Ramos vai entregar, nesta quarta-feira (21), \u00e0s 10h, mais uma casa totalmente reformada e adaptada no povoado de Sabi\u00e1, no Salitre, interior do munic\u00edpio. Com um investimento de mais de R$ 30 mil em recursos pr\u00f3prios, o im\u00f3vel foi reestruturado atrav\u00e9s do programa Transformar, que possibilita a adapta\u00e7\u00e3o de resid\u00eancias para pessoas em situa\u00e7\u00e3o de vulnerabilidade social e que possuam algum tipo de defici\u00eancia ou dificuldade de locomo\u00e7\u00e3o.<\/p>\n<p class=\"x_MsoNormal\" style=\"text-align: justify;\">No processo de reforma e adapta\u00e7\u00e3o, o im\u00f3vel passou por refor\u00e7o da sua estrutura, revestimento das paredes, instala\u00e7\u00e3o do piso, adapta\u00e7\u00e3o dos banheiros, abertura do v\u00e3o das portas, revis\u00e3o da rede el\u00e9trica e hidr\u00e1ulica, pintura, rampa de acessibilidade, entre outras melhorias. \u201cEsse \u00e9 um programa que tem como objetivo dar mais dignidade, conforto e autonomia para as pessoas com defici\u00eancia do nosso munic\u00edpio. \u00c9 a terceira casa que a prefeita Suzana Ramos entrega e n\u00f3s ainda vamos entregar muito mais\u201d, disse a secret\u00e1ria de Desenvolvimento Social, Mulher e Diversidade, Am\u00e9lia Pedra.<\/p>\n<p class=\"x_MsoNormal\" style=\"text-align: justify;\"><b>\u00a0<\/b><b>O Programa<\/b><\/p>\n<p class=\"x_MsoNormal\" style=\"text-align: justify;\">Os im\u00f3veis adaptados s\u00e3o habilitados previamente, a partir de um credenciamento realizado pelo munic\u00edpio. Atualmente, o programa, que \u00e9 realizado com recursos pr\u00f3prios do munic\u00edpio, tem quatro obras em execu\u00e7\u00e3o, correspondentes ao edital de 2020. Em seguida, ser\u00e3o iniciadas as adapta\u00e7\u00f5es dos im\u00f3veis contemplados no edital de 2022, pelo programa Humanizar.<\/p>\n","protected":false},"excerpt":{"rendered":"<p>A Gest\u00e3o Suzana Ramos vai entregar, nesta quarta-feira (21), \u00e0s 10h, mais uma casa totalmente reformada e adaptada no povoado de Sabi\u00e1, no Salitre, interior do munic\u00edpio. Com um investimento de mais de R$ 30 mil em recursos pr\u00f3prios, o im\u00f3vel foi reestruturado atrav\u00e9s do programa Transformar, que possibilita a adapta\u00e7\u00e3o de resid\u00eancias para pessoas [&hellip;]<\/p>\n","protected":false},"author":1,"featured_media":47464,"comment_status":"closed","ping_status":"open","sticky":false,"template":"","format":"standard","meta":{"_uag_custom_page_level_css":"","_monsterinsights_skip_tracking":false,"_monsterinsights_sitenote_active":false,"_monsterinsights_sitenote_note":"","_monsterinsights_sitenote_category":0,"jetpack_post_was_ever_published":false,"_jetpack_newsletter_access":"","_jetpack_dont_email_post_to_subs":false,"_jetpack_newsletter_tier_id":0,"_jetpack_memberships_contains_paywalled_content":false,"_jetpack_memberships_contains_paid_content":false,"footnotes":"","jetpack_publicize_message":"","jetpack_publicize_feature_enabled":true,"jetpack_social_post_already_shared":true,"jetpack_social_options":{"image_generator_settings":{"template":"highway","default_image_id":0,"font":"","enabled":false},"version":2}},"categories":[10114,203],"tags":[],"class_list":["post-47502","post","type-post","status-publish","format-standard","has-post-thumbnail","hentry","category-direitos-humanos","category-juazeiro"],"jetpack_publicize_connections":[],"jetpack_featured_media_url":"https:\/\/blogopara.com.br\/wp-content\/uploads\/2022\/12\/thumbnail_IMG_8122.jpg","uagb_featured_image_src":{"full":["https:\/\/blogopara.com.br\/wp-content\/uploads\/2022\/12\/thumbnail_IMG_8122.jpg",500,333,false],"thumbnail":["https:\/\/blogopara.com.br\/wp-content\/uploads\/2022\/12\/thumbnail_IMG_8122-150x150.jpg",150,150,true],"medium":["https:\/\/blogopara.com.br\/wp-content\/uploads\/2022\/12\/thumbnail_IMG_8122-300x200.jpg",300,200,true],"medium_large":["https:\/\/blogopara.com.br\/wp-content\/uploads\/2022\/12\/thumbnail_IMG_8122.jpg",500,333,false],"large":["https:\/\/blogopara.com.br\/wp-content\/uploads\/2022\/12\/thumbnail_IMG_8122.jpg",500,333,false],"1536x1536":["https:\/\/blogopara.com.br\/wp-content\/uploads\/2022\/12\/thumbnail_IMG_8122.jpg",500,333,false],"2048x2048":["https:\/\/blogopara.com.br\/wp-content\/uploads\/2022\/12\/thumbnail_IMG_8122.jpg",500,333,false],"mantranews-slider-large":["https:\/\/blogopara.com.br\/wp-content\/uploads\/2022\/12\/thumbnail_IMG_8122.jpg",500,333,false],"mantranews-featured-medium":["https:\/\/blogopara.com.br\/wp-content\/uploads\/2022\/12\/thumbnail_IMG_8122-420x307.jpg",420,307,true],"mantranews-featured-long":["https:\/\/blogopara.com.br\/wp-content\/uploads\/2022\/12\/thumbnail_IMG_8122-300x333.jpg",300,333,true],"mantranews-block-medium":["https:\/\/blogopara.com.br\/wp-content\/uploads\/2022\/12\/thumbnail_IMG_8122-464x290.jpg",464,290,true],"mantranews-carousel-image":["https:\/\/blogopara.com.br\/wp-content\/uploads\/2022\/12\/thumbnail_IMG_8122.jpg",500,333,false],"mantranews-block-thumb":["https:\/\/blogopara.com.br\/wp-content\/uploads\/2022\/12\/thumbnail_IMG_8122-322x230.jpg",322,230,true],"mantranews-single-large":["https:\/\/blogopara.com.br\/wp-content\/uploads\/2022\/12\/thumbnail_IMG_8122.jpg",500,333,false]},"uagb_author_info":{"display_name":"Reda\u00e7\u00e3o geral","author_link":"https:\/\/blogopara.com.br\/index.php\/author\/blogopara"},"uagb_comment_info":0,"uagb_excerpt":"A Gest\u00e3o Suzana Ramos vai entregar, nesta quarta-feira (21), \u00e0s 10h, mais uma casa totalmente reformada e adaptada no povoado de Sabi\u00e1, no Salitre, interior do munic\u00edpio. Com um investimento de mais de R$ 30 mil em recursos pr\u00f3prios, o im\u00f3vel foi reestruturado atrav\u00e9s do programa Transformar, que possibilita a adapta\u00e7\u00e3o de resid\u00eancias para pessoas&hellip;","jetpack_sharing_enabled":true,"jetpack_likes_enabled":true,"_links":{"self":[{"href":"https:\/\/blogopara.com.br\/index.php\/wp-json\/wp\/v2\/posts\/47502","targetHints":{"allow":["GET"]}}],"collection":[{"href":"https:\/\/blogopara.com.br\/index.php\/wp-json\/wp\/v2\/posts"}],"about":[{"href":"https:\/\/blogopara.com.br\/index.php\/wp-json\/wp\/v2\/types\/post"}],"author":[{"embeddable":true,"href":"https:\/\/blogopara.com.br\/index.php\/wp-json\/wp\/v2\/users\/1"}],"replies":[{"embeddable":true,"href":"https:\/\/blogopara.com.br\/index.php\/wp-json\/wp\/v2\/comments?post=47502"}],"version-history":[{"count":1,"href":"https:\/\/blogopara.com.br\/index.php\/wp-json\/wp\/v2\/posts\/47502\/revisions"}],"predecessor-version":[{"id":47504,"href":"https:\/\/blogopara.com.br\/index.php\/wp-json\/wp\/v2\/posts\/47502\/revisions\/47504"}],"wp:featuredmedia":[{"embeddable":true,"href":"https:\/\/blogopara.com.br\/index.php\/wp-json\/wp\/v2\/media\/47464"}],"wp:attachment":[{"href":"https:\/\/blogopara.com.br\/index.php\/wp-json\/wp\/v2\/media?parent=47502"}],"wp:term":[{"taxonomy":"category","embeddable":true,"href":"https:\/\/blogopara.com.br\/index.php\/wp-json\/wp\/v2\/categories?post=47502"},{"taxonomy":"post_tag","embeddable":true,"href":"https:\/\/blogopara.com.br\/index.php\/wp-json\/wp\/v2\/tags?post=47502"}],"curies":[{"name":"wp","href":"https:\/\/api.w.org\/{rel}","templated":true}]}}