{"id":47577,"date":"2022-12-21T09:50:00","date_gmt":"2022-12-21T12:50:00","guid":{"rendered":"https:\/\/blogopara.com.br\/?p=47577"},"modified":"2022-12-21T09:34:40","modified_gmt":"2022-12-21T12:34:40","slug":"ator-pedro-paulo-rangel-morre-aos-74-anos-no-rio","status":"publish","type":"post","link":"https:\/\/blogopara.com.br\/index.php\/2022\/12\/21\/ator-pedro-paulo-rangel-morre-aos-74-anos-no-rio","title":{"rendered":"Ator Pedro Paulo Rangel morre aos 74 anos no Rio"},"content":{"rendered":"<div id=\"chunk-19kfi\">\n<div class=\"mc-column content-text active-extra-styles \" data-block-type=\"unstyled\" data-block-weight=\"20\" data-block-id=\"3\">\n<p class=\"content-text__container \" style=\"text-align: justify;\" data-track-category=\"Link no Texto\" data-track-links=\"\">Morreu no fim da madrugada desta quarta-feira (21) o ator Pedro Paulo Rangel. A informa\u00e7\u00e3o foi confirmada pela fam\u00edlia.<\/p>\n<\/div>\n<\/div>\n<div class=\"wall protected-content\">\n<div id=\"chunk-btlkn\" style=\"text-align: justify;\">\n<div class=\"mc-column content-text active-extra-styles \" data-block-type=\"unstyled\" data-block-weight=\"44\" data-block-id=\"4\">\n<p class=\"content-text__container \" data-track-category=\"Link no Texto\" data-track-links=\"\">O artista de 74 anos estava\u00a0<a href=\"https:\/\/g1.globo.com\/rj\/rio-de-janeiro\/noticia\/2022\/12\/11\/ator-pedro-paulo-rangel-esta-internado-em-cti-de-hospital-particular-no-rio.ghtml\">internado no CTI da Casa de Sa\u00fade S\u00e3o Jos\u00e9<\/a>, na Zona Sul do Rio, para tratar uma\u00a0<a href=\"https:\/\/g1.globo.com\/rj\/rio-de-janeiro\/noticia\/2022\/12\/12\/ator-pedro-paulo-rangel-segue-em-cti-para-tratar-enfisema-pulmonar-quadro-delicado-diz-hospital.ghtml\">descompensa\u00e7\u00e3o do quadro de enfisema pulmonar<\/a>, desde o dia 30 de novembro. A causa da morte ainda n\u00e3o foi divulgada.<\/p>\n<\/div>\n<\/div>\n<div id=\"chunk-9isac\" style=\"text-align: justify;\">\n<div class=\"mc-column content-text active-extra-styles \" data-block-type=\"unstyled\" data-block-weight=\"25\" data-block-id=\"5\">\n<p class=\"content-text__container \" data-track-category=\"Link no Texto\" data-track-links=\"\">Entre os trabalhos mais marcantes de Pedro Paulo est\u00e3o as novelas &#8220;Gabriela&#8221; (1975), &#8220;Saramandaia&#8221; (1976), &#8220;Vale Tudo&#8221; (1988), e o humor\u00edstico &#8220;TV Pirata&#8221; (1988).<\/p>\n<\/div>\n<\/div>\n<div id=\"chunk-ff01p\" style=\"text-align: justify;\">\n<div class=\"mc-column content-text active-extra-styles \" data-block-type=\"unstyled\" data-block-weight=\"62\" data-block-id=\"11\">\n<p class=\"content-text__container \" data-track-category=\"Link no Texto\" data-track-links=\"\">Nascido no\u00a0<a href=\"https:\/\/g1.globo.com\/rj\/rio-de-janeiro\/cidade\/rio-de-janeiro\/\">Rio de Janeiro<\/a>\u00a0em 29 de junho de 1948, Pedro Paulo Marques Rangel era morador do Rio Cumprido, na Zona Norte da cidade, quando teve o primeiro contato com o teatro, aos 11 anos. Fascinado com a descoberta, decidiu ser ator. Foi nessa \u00e9poca que escreveu uma pe\u00e7a para que pudesse atuar: &#8220;Quando os Pais Entram de F\u00e9rias&#8221;.<\/p>\n<\/div>\n<\/div>\n<div id=\"chunk-cht4c\" style=\"text-align: justify;\">\n<div class=\"mc-column content-text active-extra-styles \" data-block-type=\"unstyled\" data-block-weight=\"39\" data-block-id=\"12\">\n<p class=\"content-text__container \" data-track-category=\"Link no Texto\" data-track-links=\"\">Mais tarde, no grupo de teatro da Igreja de Santa Terezinha, conheceu o ator Marco Nanini, com quem estudaria no Conservat\u00f3rio Nacional de Teatro, atual Escola de Teatro da Universidade Federal do Estado do Rio de Janeiro (Unirio).<\/p>\n<\/div>\n<\/div>\n<div id=\"chunk-e1ptk\" style=\"text-align: justify;\">\n<div class=\"mc-column content-text active-extra-styles \" data-block-type=\"unstyled\" data-block-weight=\"29\" data-block-id=\"15\">\n<p class=\"content-text__container \" data-track-category=\"Link no Texto\" data-track-links=\"\">O primeiro contato de Pedro Paulo com o teatro profissional foi em 1968, na pe\u00e7a &#8220;Roda Viva&#8221;, de Chico Buarque, sob a dire\u00e7\u00e3o de Jos\u00e9 Celso Martinez Corr\u00eaa.<\/p>\n<\/div>\n<\/div>\n<div id=\"chunk-ci2tb\" style=\"text-align: justify;\">\n<div class=\"mc-column content-text active-extra-styles \" data-block-type=\"unstyled\" data-block-weight=\"65\" data-block-id=\"16\">\n<p class=\"content-text__container \" data-track-category=\"Link no Texto\" data-track-links=\"\">Depois de passar pela TV Tupi de S\u00e3o Paulo, o ator estreou na TV Globo em 1972, na novela &#8220;Bicho do Mato&#8221;. Seu primeiro personagem de sucesso foi Juca Viana, em &#8220;Gabriela&#8221;. Na novela, Pedro Paulo protagonizou o primeiro nu masculino da televis\u00e3o, numa cena que mostrava o casal Juca e Chiquinha (Cidinha Millan) sendo atirado na rua, depois de ser flagrado na cama.<\/p>\n<\/div>\n<\/div>\n<div class=\"mc-column content-text active-extra-styles\" style=\"text-align: justify;\" data-block-type=\"raw\" data-block-weight=\"3\" data-block-id=\"17\">\n<p class=\"content-text__container\">\n<div class=\"content-intertitle\">\n<h2>Destaque no humor<\/h2>\n<\/div>\n<\/div>\n<div id=\"chunk-dkhif\" style=\"text-align: justify;\">\n<div class=\"mc-column content-text active-extra-styles \" data-block-type=\"unstyled\" data-block-weight=\"33\" data-block-id=\"20\">\n<p class=\"content-text__container \" data-track-category=\"Link no Texto\" data-track-links=\"\">Ap\u00f3s v\u00e1rias pe\u00e7as de teatro e alguns filmes durante a d\u00e9cada de 70 e o in\u00edcio dos anos 80, como &#8220;Menino do Rio&#8221; (1982), Pedro Paulo voltou a trabalhar na TV Globo.<\/p>\n<\/div>\n<\/div>\n<div id=\"chunk-g8mi\" style=\"text-align: justify;\">\n<div class=\"mc-column content-text active-extra-styles \" data-block-type=\"unstyled\" data-block-weight=\"35\" data-block-id=\"21\">\n<p class=\"content-text__container \" data-track-category=\"Link no Texto\" data-track-links=\"\">Convidado por J\u00f4 Soares, o ator participou de esquetes no programa humor\u00edstico &#8220;Viva o Gordo&#8221; (1982). O resultado agradou e ele foi convidado para integrar o elenco da segunda temporada de &#8220;TV Pirata&#8221; (1988).<\/p>\n<\/div>\n<\/div>\n<div id=\"chunk-a1e3j\" style=\"text-align: justify;\">\n<div class=\"mc-column content-text active-extra-styles \" data-block-type=\"unstyled\" data-block-weight=\"40\" data-block-id=\"22\">\n<p class=\"content-text__container \" data-track-category=\"Link no Texto\" data-track-links=\"\">Em 1992, um novo papel marcou a carreira de Pedro Paulo Rangel, o homossexual Adamastor, de &#8220;Pedra sobre Pedra&#8221;. Em seguida, ele fez as novelas &#8220;O Mapa da Mina&#8221; (1993) e &#8220;A Indomada&#8221; (1997), al\u00e9m da miniss\u00e9rie &#8220;Engra\u00e7adinha&#8221;.<\/p>\n<\/div>\n<\/div>\n<div id=\"chunk-6qc4u\" style=\"text-align: justify;\">\n<div class=\"mc-column content-text active-extra-styles \" data-block-type=\"unstyled\" data-block-weight=\"42\" data-block-id=\"23\">\n<p class=\"content-text__container \" data-track-category=\"Link no Texto\" data-track-links=\"\">Entre outras obras do ator est\u00e3o as novelas &#8220;Pedra Sobre Pedra&#8221;, &#8220;Vale Tudo&#8221;, &#8220;A Indomada&#8221;, &#8220;Saramandaia&#8221;, &#8220;O Cravo e a Rosa&#8221; e &#8220;Bel\u00edssima&#8221;, al\u00e9m de seriados e miniss\u00e9ries, como &#8220;A Muralha&#8221;, &#8220;Voc\u00ea Decide&#8221;, &#8220;A Diarista&#8221;, &#8220;Os Aspones&#8221; e &#8220;Sob Nova Dire\u00e7\u00e3o&#8221;.<\/p>\n<p data-track-category=\"Link no Texto\" data-track-links=\"\">Fonte de informa\u00e7\u00f5es: G1<\/p>\n<\/div>\n<\/div>\n<div id=\"chunk-4lgsv\">\n<div class=\"row medium-uncollapsed content-media content-photo\" data-block-type=\"backstage-photo\" data-block-id=\"24\">\n<div class=\"mc-column content-media__container\">\n<div class=\"content-media-container glb-skeleton-box\" style=\"text-align: justify;\"><\/div>\n<\/div>\n<\/div>\n<\/div>\n<\/div>\n","protected":false},"excerpt":{"rendered":"<p>Morreu no fim da madrugada desta quarta-feira (21) o ator Pedro Paulo Rangel. A informa\u00e7\u00e3o foi confirmada pela fam\u00edlia. O artista de 74 anos estava\u00a0internado no CTI da Casa de Sa\u00fade S\u00e3o Jos\u00e9, na Zona Sul do Rio, para tratar uma\u00a0descompensa\u00e7\u00e3o do quadro de enfisema pulmonar, desde o dia 30 de novembro. A causa da [&hellip;]<\/p>\n","protected":false},"author":1,"featured_media":47578,"comment_status":"closed","ping_status":"open","sticky":false,"template":"","format":"standard","meta":{"_uag_custom_page_level_css":"","_monsterinsights_skip_tracking":false,"_monsterinsights_sitenote_active":false,"_monsterinsights_sitenote_note":"","_monsterinsights_sitenote_category":0,"jetpack_post_was_ever_published":false,"_jetpack_newsletter_access":"","_jetpack_dont_email_post_to_subs":false,"_jetpack_newsletter_tier_id":0,"_jetpack_memberships_contains_paywalled_content":false,"_jetpack_memberships_contains_paid_content":false,"footnotes":"","jetpack_publicize_message":"","jetpack_publicize_feature_enabled":true,"jetpack_social_post_already_shared":true,"jetpack_social_options":{"image_generator_settings":{"template":"highway","default_image_id":0,"font":"","enabled":false},"version":2}},"categories":[200,1784],"tags":[],"class_list":["post-47577","post","type-post","status-publish","format-standard","has-post-thumbnail","hentry","category-brasil","category-cultura-2"],"jetpack_publicize_connections":[],"jetpack_featured_media_url":"https:\/\/blogopara.com.br\/wp-content\/uploads\/2022\/12\/82209426.jpg","uagb_featured_image_src":{"full":["https:\/\/blogopara.com.br\/wp-content\/uploads\/2022\/12\/82209426.jpg",500,281,false],"thumbnail":["https:\/\/blogopara.com.br\/wp-content\/uploads\/2022\/12\/82209426-150x150.jpg",150,150,true],"medium":["https:\/\/blogopara.com.br\/wp-content\/uploads\/2022\/12\/82209426-300x169.jpg",300,169,true],"medium_large":["https:\/\/blogopara.com.br\/wp-content\/uploads\/2022\/12\/82209426.jpg",500,281,false],"large":["https:\/\/blogopara.com.br\/wp-content\/uploads\/2022\/12\/82209426.jpg",500,281,false],"1536x1536":["https:\/\/blogopara.com.br\/wp-content\/uploads\/2022\/12\/82209426.jpg",500,281,false],"2048x2048":["https:\/\/blogopara.com.br\/wp-content\/uploads\/2022\/12\/82209426.jpg",500,281,false],"mantranews-slider-large":["https:\/\/blogopara.com.br\/wp-content\/uploads\/2022\/12\/82209426.jpg",500,281,false],"mantranews-featured-medium":["https:\/\/blogopara.com.br\/wp-content\/uploads\/2022\/12\/82209426-420x281.jpg",420,281,true],"mantranews-featured-long":["https:\/\/blogopara.com.br\/wp-content\/uploads\/2022\/12\/82209426-300x281.jpg",300,281,true],"mantranews-block-medium":["https:\/\/blogopara.com.br\/wp-content\/uploads\/2022\/12\/82209426-464x281.jpg",464,281,true],"mantranews-carousel-image":["https:\/\/blogopara.com.br\/wp-content\/uploads\/2022\/12\/82209426.jpg",500,281,false],"mantranews-block-thumb":["https:\/\/blogopara.com.br\/wp-content\/uploads\/2022\/12\/82209426-322x230.jpg",322,230,true],"mantranews-single-large":["https:\/\/blogopara.com.br\/wp-content\/uploads\/2022\/12\/82209426.jpg",500,281,false]},"uagb_author_info":{"display_name":"Reda\u00e7\u00e3o geral","author_link":"https:\/\/blogopara.com.br\/index.php\/author\/blogopara"},"uagb_comment_info":0,"uagb_excerpt":"Morreu no fim da madrugada desta quarta-feira (21) o ator Pedro Paulo Rangel. A informa\u00e7\u00e3o foi confirmada pela fam\u00edlia. O artista de 74 anos estava\u00a0internado no CTI da Casa de Sa\u00fade S\u00e3o Jos\u00e9, na Zona Sul do Rio, para tratar uma\u00a0descompensa\u00e7\u00e3o do quadro de enfisema pulmonar, desde o dia 30 de novembro. A causa da&hellip;","jetpack_sharing_enabled":true,"jetpack_likes_enabled":true,"_links":{"self":[{"href":"https:\/\/blogopara.com.br\/index.php\/wp-json\/wp\/v2\/posts\/47577","targetHints":{"allow":["GET"]}}],"collection":[{"href":"https:\/\/blogopara.com.br\/index.php\/wp-json\/wp\/v2\/posts"}],"about":[{"href":"https:\/\/blogopara.com.br\/index.php\/wp-json\/wp\/v2\/types\/post"}],"author":[{"embeddable":true,"href":"https:\/\/blogopara.com.br\/index.php\/wp-json\/wp\/v2\/users\/1"}],"replies":[{"embeddable":true,"href":"https:\/\/blogopara.com.br\/index.php\/wp-json\/wp\/v2\/comments?post=47577"}],"version-history":[{"count":1,"href":"https:\/\/blogopara.com.br\/index.php\/wp-json\/wp\/v2\/posts\/47577\/revisions"}],"predecessor-version":[{"id":47579,"href":"https:\/\/blogopara.com.br\/index.php\/wp-json\/wp\/v2\/posts\/47577\/revisions\/47579"}],"wp:featuredmedia":[{"embeddable":true,"href":"https:\/\/blogopara.com.br\/index.php\/wp-json\/wp\/v2\/media\/47578"}],"wp:attachment":[{"href":"https:\/\/blogopara.com.br\/index.php\/wp-json\/wp\/v2\/media?parent=47577"}],"wp:term":[{"taxonomy":"category","embeddable":true,"href":"https:\/\/blogopara.com.br\/index.php\/wp-json\/wp\/v2\/categories?post=47577"},{"taxonomy":"post_tag","embeddable":true,"href":"https:\/\/blogopara.com.br\/index.php\/wp-json\/wp\/v2\/tags?post=47577"}],"curies":[{"name":"wp","href":"https:\/\/api.w.org\/{rel}","templated":true}]}}