{"id":47588,"date":"2022-12-21T10:15:00","date_gmt":"2022-12-21T13:15:00","guid":{"rendered":"https:\/\/blogopara.com.br\/?p=47588"},"modified":"2022-12-21T09:50:06","modified_gmt":"2022-12-21T12:50:06","slug":"em-fim-de-mandato-bolsonaro-renova-concessao-da-globo-band-e-record","status":"publish","type":"post","link":"https:\/\/blogopara.com.br\/index.php\/2022\/12\/21\/em-fim-de-mandato-bolsonaro-renova-concessao-da-globo-band-e-record","title":{"rendered":"Em fim de mandato, Bolsonaro renova concess\u00e3o da Globo, Band e Record"},"content":{"rendered":"<p class=\"texto\" style=\"text-align: justify;\">No final do mandato, o presidente Jair Bolsonaro (PL) editou um decreto nesta ter\u00e7a-feira (20\/12) renovando por quinze anos a contar de outubro de 2022, as concess\u00f5es das outorgas de radio e televis\u00e3o para a Rede Globo, Band e Record.<\/p>\n<p class=\"texto\" style=\"text-align: justify;\">&#8220;O processo de renova\u00e7\u00e3o segue o rito previsto no Decreto n\u00ba 52.795, de 1963\u00a0\u2014 Regulamento do Servi\u00e7o de Radiodifus\u00e3o, que apresenta uma s\u00e9rie de requisitos que devem ser cumpridos pela interessada, para valida\u00e7\u00e3o de seu pedido. Neste sentido, a \u00e1rea t\u00e9cnica e a Consultoria Jur\u00eddica do Minist\u00e9rio das Comunica\u00e7\u00f5es se manifestaram favoravelmente \u00e0s renova\u00e7\u00f5es das outorgas&#8221;, diz o trecho do comunicado divulgado pelo\u00a0Minist\u00e9rio das Comunica\u00e7\u00f5es.<\/p>\n<p class=\"texto\" style=\"text-align: justify;\">O tema ainda dever\u00e1 ser analisado pelo Congresso\u00a0para an\u00e1lise e delibera\u00e7\u00e3o sobre os pedidos de renova\u00e7\u00e3o das outorgas.\u00a0Bolsonaro amea\u00e7ou por diversas vezes adotar crit\u00e9rios r\u00edgidos para renovar a concess\u00e3o, em especial, da Globo.<\/p>\n<p>Fonte: Correio Braziliense<\/p>\n","protected":false},"excerpt":{"rendered":"<p>O tema ainda dever\u00e1 ser analisado pelo Congresso para an\u00e1lise e delibera\u00e7\u00e3o sobre os pedidos de renova\u00e7\u00e3o das outorgas. Bolsonaro amea\u00e7ou por diversas vezes adotar crit\u00e9rios r\u00edgidos para renovar a concess\u00e3o, em especial, da Globo.<\/p>\n","protected":false},"author":1,"featured_media":32470,"comment_status":"closed","ping_status":"open","sticky":false,"template":"","format":"standard","meta":{"_uag_custom_page_level_css":"","_monsterinsights_skip_tracking":false,"_monsterinsights_sitenote_active":false,"_monsterinsights_sitenote_note":"","_monsterinsights_sitenote_category":0,"jetpack_post_was_ever_published":false,"_jetpack_newsletter_access":"","_jetpack_dont_email_post_to_subs":false,"_jetpack_newsletter_tier_id":0,"_jetpack_memberships_contains_paywalled_content":false,"_jetpack_memberships_contains_paid_content":false,"footnotes":"","jetpack_publicize_message":"","jetpack_publicize_feature_enabled":true,"jetpack_social_post_already_shared":true,"jetpack_social_options":{"image_generator_settings":{"template":"highway","default_image_id":0,"font":"","enabled":false},"version":2}},"categories":[200,197],"tags":[10335,966],"class_list":["post-47588","post","type-post","status-publish","format-standard","has-post-thumbnail","hentry","category-brasil","category-politica","tag-concessao","tag-lei"],"jetpack_publicize_connections":[],"jetpack_featured_media_url":"https:\/\/blogopara.com.br\/wp-content\/uploads\/2022\/01\/bolsonaro_culpa_medidas_contra_covid_por_inflacao_ficou_em_casa_e_agora_me_culpa_widelg.jpg","uagb_featured_image_src":{"full":["https:\/\/blogopara.com.br\/wp-content\/uploads\/2022\/01\/bolsonaro_culpa_medidas_contra_covid_por_inflacao_ficou_em_casa_e_agora_me_culpa_widelg.jpg",500,281,false],"thumbnail":["https:\/\/blogopara.com.br\/wp-content\/uploads\/2022\/01\/bolsonaro_culpa_medidas_contra_covid_por_inflacao_ficou_em_casa_e_agora_me_culpa_widelg-150x150.jpg",150,150,true],"medium":["https:\/\/blogopara.com.br\/wp-content\/uploads\/2022\/01\/bolsonaro_culpa_medidas_contra_covid_por_inflacao_ficou_em_casa_e_agora_me_culpa_widelg-300x169.jpg",300,169,true],"medium_large":["https:\/\/blogopara.com.br\/wp-content\/uploads\/2022\/01\/bolsonaro_culpa_medidas_contra_covid_por_inflacao_ficou_em_casa_e_agora_me_culpa_widelg.jpg",500,281,false],"large":["https:\/\/blogopara.com.br\/wp-content\/uploads\/2022\/01\/bolsonaro_culpa_medidas_contra_covid_por_inflacao_ficou_em_casa_e_agora_me_culpa_widelg.jpg",500,281,false],"1536x1536":["https:\/\/blogopara.com.br\/wp-content\/uploads\/2022\/01\/bolsonaro_culpa_medidas_contra_covid_por_inflacao_ficou_em_casa_e_agora_me_culpa_widelg.jpg",500,281,false],"2048x2048":["https:\/\/blogopara.com.br\/wp-content\/uploads\/2022\/01\/bolsonaro_culpa_medidas_contra_covid_por_inflacao_ficou_em_casa_e_agora_me_culpa_widelg.jpg",500,281,false],"mantranews-slider-large":["https:\/\/blogopara.com.br\/wp-content\/uploads\/2022\/01\/bolsonaro_culpa_medidas_contra_covid_por_inflacao_ficou_em_casa_e_agora_me_culpa_widelg.jpg",500,281,false],"mantranews-featured-medium":["https:\/\/blogopara.com.br\/wp-content\/uploads\/2022\/01\/bolsonaro_culpa_medidas_contra_covid_por_inflacao_ficou_em_casa_e_agora_me_culpa_widelg-420x281.jpg",420,281,true],"mantranews-featured-long":["https:\/\/blogopara.com.br\/wp-content\/uploads\/2022\/01\/bolsonaro_culpa_medidas_contra_covid_por_inflacao_ficou_em_casa_e_agora_me_culpa_widelg-300x281.jpg",300,281,true],"mantranews-block-medium":["https:\/\/blogopara.com.br\/wp-content\/uploads\/2022\/01\/bolsonaro_culpa_medidas_contra_covid_por_inflacao_ficou_em_casa_e_agora_me_culpa_widelg-464x281.jpg",464,281,true],"mantranews-carousel-image":["https:\/\/blogopara.com.br\/wp-content\/uploads\/2022\/01\/bolsonaro_culpa_medidas_contra_covid_por_inflacao_ficou_em_casa_e_agora_me_culpa_widelg.jpg",500,281,false],"mantranews-block-thumb":["https:\/\/blogopara.com.br\/wp-content\/uploads\/2022\/01\/bolsonaro_culpa_medidas_contra_covid_por_inflacao_ficou_em_casa_e_agora_me_culpa_widelg-322x230.jpg",322,230,true],"mantranews-single-large":["https:\/\/blogopara.com.br\/wp-content\/uploads\/2022\/01\/bolsonaro_culpa_medidas_contra_covid_por_inflacao_ficou_em_casa_e_agora_me_culpa_widelg.jpg",500,281,false]},"uagb_author_info":{"display_name":"Reda\u00e7\u00e3o geral","author_link":"https:\/\/blogopara.com.br\/index.php\/author\/blogopara"},"uagb_comment_info":0,"uagb_excerpt":"O tema ainda dever\u00e1 ser analisado pelo Congresso para an\u00e1lise e delibera\u00e7\u00e3o sobre os pedidos de renova\u00e7\u00e3o das outorgas. Bolsonaro amea\u00e7ou por diversas vezes adotar crit\u00e9rios r\u00edgidos para renovar a concess\u00e3o, em especial, da Globo.","jetpack_sharing_enabled":true,"jetpack_likes_enabled":true,"_links":{"self":[{"href":"https:\/\/blogopara.com.br\/index.php\/wp-json\/wp\/v2\/posts\/47588","targetHints":{"allow":["GET"]}}],"collection":[{"href":"https:\/\/blogopara.com.br\/index.php\/wp-json\/wp\/v2\/posts"}],"about":[{"href":"https:\/\/blogopara.com.br\/index.php\/wp-json\/wp\/v2\/types\/post"}],"author":[{"embeddable":true,"href":"https:\/\/blogopara.com.br\/index.php\/wp-json\/wp\/v2\/users\/1"}],"replies":[{"embeddable":true,"href":"https:\/\/blogopara.com.br\/index.php\/wp-json\/wp\/v2\/comments?post=47588"}],"version-history":[{"count":1,"href":"https:\/\/blogopara.com.br\/index.php\/wp-json\/wp\/v2\/posts\/47588\/revisions"}],"predecessor-version":[{"id":47590,"href":"https:\/\/blogopara.com.br\/index.php\/wp-json\/wp\/v2\/posts\/47588\/revisions\/47590"}],"wp:featuredmedia":[{"embeddable":true,"href":"https:\/\/blogopara.com.br\/index.php\/wp-json\/wp\/v2\/media\/32470"}],"wp:attachment":[{"href":"https:\/\/blogopara.com.br\/index.php\/wp-json\/wp\/v2\/media?parent=47588"}],"wp:term":[{"taxonomy":"category","embeddable":true,"href":"https:\/\/blogopara.com.br\/index.php\/wp-json\/wp\/v2\/categories?post=47588"},{"taxonomy":"post_tag","embeddable":true,"href":"https:\/\/blogopara.com.br\/index.php\/wp-json\/wp\/v2\/tags?post=47588"}],"curies":[{"name":"wp","href":"https:\/\/api.w.org\/{rel}","templated":true}]}}