{"id":47643,"date":"2022-12-23T11:56:00","date_gmt":"2022-12-23T14:56:00","guid":{"rendered":"https:\/\/blogopara.com.br\/?p=47643"},"modified":"2022-12-22T22:00:00","modified_gmt":"2022-12-23T01:00:00","slug":"prefeita-suzana-ramos-visita-casa-messe-de-amor-para-confraternizar-com-criancas-acolhidas-e-servidores","status":"publish","type":"post","link":"https:\/\/blogopara.com.br\/index.php\/2022\/12\/23\/prefeita-suzana-ramos-visita-casa-messe-de-amor-para-confraternizar-com-criancas-acolhidas-e-servidores","title":{"rendered":"Prefeita Suzana Ramos visita Casa Messe de Amor para confraternizar com crian\u00e7as acolhidas e servidores"},"content":{"rendered":"<p style=\"text-align: justify;\">A prefeita Suzana Ramos visitou, nesta quinta-feira (22), as crian\u00e7as acolhidas na Casa Messe de Amor. A gestora aproveitou a oportunidade para rever as instala\u00e7\u00f5es do espa\u00e7o inaugurado h\u00e1 quase dois meses e para desejar boas festas \u00e0s crian\u00e7as e aos servidores.<\/p>\n<p style=\"text-align: justify;\">\u201cEu gosto muito de visitar a Casa Messe, ver as crian\u00e7as bem acolhidas, em um espa\u00e7o confort\u00e1vel, diferente da casa onde viviam quando assumi a gest\u00e3o municipal. Gosto tamb\u00e9m de conversar com as crian\u00e7as, receber esse amor que elas transbordam e dar um pouco do meu carinho, principalmente nesse momento de final de ano, quando renovamos as nossas esperan\u00e7as\u201d, disse a prefeita Suzana Ramos.<\/p>\n<h4 style=\"text-align: justify;\">Casa Messe de Amor<\/h4>\n<p style=\"text-align: justify;\">Atualmente com 11 crian\u00e7as, sendo 5 meninos e 6 meninas, a Casa Messe de Amor recebe crian\u00e7as e adolescentes que, por algum motivo, tiveram que ser afastados de suas fam\u00edlias. Inaugurado em outubro, a nova sede do equipamento tem capacidade para atender at\u00e9 20 crian\u00e7as e conta com brinquedoteca, smart tv conectada \u00e0 internet, playground, dormit\u00f3rios masculino e feminino climatizados e sala pedag\u00f3gica para aulas de refor\u00e7o, atividades de artes e oficinas.<\/p>\n<p style=\"text-align: justify;\">Fonte: Ascom\/PMJ<\/p>\n","protected":false},"excerpt":{"rendered":"<p>A prefeita Suzana Ramos visitou, nesta quinta-feira (22), as crian\u00e7as acolhidas na Casa Messe de Amor. A gestora aproveitou a oportunidade para rever as instala\u00e7\u00f5es do espa\u00e7o inaugurado h\u00e1 quase dois meses e para desejar boas festas \u00e0s crian\u00e7as e aos servidores. \u201cEu gosto muito de visitar a Casa Messe, ver as crian\u00e7as bem acolhidas, [&hellip;]<\/p>\n","protected":false},"author":1,"featured_media":47644,"comment_status":"closed","ping_status":"open","sticky":false,"template":"","format":"standard","meta":{"_uag_custom_page_level_css":"","_monsterinsights_skip_tracking":false,"_monsterinsights_sitenote_active":false,"_monsterinsights_sitenote_note":"","_monsterinsights_sitenote_category":0,"jetpack_post_was_ever_published":false,"_jetpack_newsletter_access":"","_jetpack_dont_email_post_to_subs":false,"_jetpack_newsletter_tier_id":0,"_jetpack_memberships_contains_paywalled_content":false,"_jetpack_memberships_contains_paid_content":false,"footnotes":"","jetpack_publicize_message":"","jetpack_publicize_feature_enabled":true,"jetpack_social_post_already_shared":true,"jetpack_social_options":{"image_generator_settings":{"template":"highway","default_image_id":0,"font":"","enabled":false},"version":2}},"categories":[1504,203],"tags":[10339,5195],"class_list":["post-47643","post","type-post","status-publish","format-standard","has-post-thumbnail","hentry","category-comunidade","category-juazeiro","tag-casa-messe-do-amor","tag-prefeita-suzana-ramos"],"jetpack_publicize_connections":[],"jetpack_featured_media_url":"https:\/\/blogopara.com.br\/wp-content\/uploads\/2022\/12\/suzana-1.jpeg","uagb_featured_image_src":{"full":["https:\/\/blogopara.com.br\/wp-content\/uploads\/2022\/12\/suzana-1.jpeg",500,334,false],"thumbnail":["https:\/\/blogopara.com.br\/wp-content\/uploads\/2022\/12\/suzana-1-150x150.jpeg",150,150,true],"medium":["https:\/\/blogopara.com.br\/wp-content\/uploads\/2022\/12\/suzana-1-300x200.jpeg",300,200,true],"medium_large":["https:\/\/blogopara.com.br\/wp-content\/uploads\/2022\/12\/suzana-1.jpeg",500,334,false],"large":["https:\/\/blogopara.com.br\/wp-content\/uploads\/2022\/12\/suzana-1.jpeg",500,334,false],"1536x1536":["https:\/\/blogopara.com.br\/wp-content\/uploads\/2022\/12\/suzana-1.jpeg",500,334,false],"2048x2048":["https:\/\/blogopara.com.br\/wp-content\/uploads\/2022\/12\/suzana-1.jpeg",500,334,false],"mantranews-slider-large":["https:\/\/blogopara.com.br\/wp-content\/uploads\/2022\/12\/suzana-1.jpeg",500,334,false],"mantranews-featured-medium":["https:\/\/blogopara.com.br\/wp-content\/uploads\/2022\/12\/suzana-1-420x307.jpeg",420,307,true],"mantranews-featured-long":["https:\/\/blogopara.com.br\/wp-content\/uploads\/2022\/12\/suzana-1-300x334.jpeg",300,334,true],"mantranews-block-medium":["https:\/\/blogopara.com.br\/wp-content\/uploads\/2022\/12\/suzana-1-464x290.jpeg",464,290,true],"mantranews-carousel-image":["https:\/\/blogopara.com.br\/wp-content\/uploads\/2022\/12\/suzana-1.jpeg",500,334,false],"mantranews-block-thumb":["https:\/\/blogopara.com.br\/wp-content\/uploads\/2022\/12\/suzana-1-322x230.jpeg",322,230,true],"mantranews-single-large":["https:\/\/blogopara.com.br\/wp-content\/uploads\/2022\/12\/suzana-1.jpeg",500,334,false]},"uagb_author_info":{"display_name":"Reda\u00e7\u00e3o geral","author_link":"https:\/\/blogopara.com.br\/index.php\/author\/blogopara"},"uagb_comment_info":0,"uagb_excerpt":"A prefeita Suzana Ramos visitou, nesta quinta-feira (22), as crian\u00e7as acolhidas na Casa Messe de Amor. A gestora aproveitou a oportunidade para rever as instala\u00e7\u00f5es do espa\u00e7o inaugurado h\u00e1 quase dois meses e para desejar boas festas \u00e0s crian\u00e7as e aos servidores. \u201cEu gosto muito de visitar a Casa Messe, ver as crian\u00e7as bem acolhidas,&hellip;","jetpack_sharing_enabled":true,"jetpack_likes_enabled":true,"_links":{"self":[{"href":"https:\/\/blogopara.com.br\/index.php\/wp-json\/wp\/v2\/posts\/47643","targetHints":{"allow":["GET"]}}],"collection":[{"href":"https:\/\/blogopara.com.br\/index.php\/wp-json\/wp\/v2\/posts"}],"about":[{"href":"https:\/\/blogopara.com.br\/index.php\/wp-json\/wp\/v2\/types\/post"}],"author":[{"embeddable":true,"href":"https:\/\/blogopara.com.br\/index.php\/wp-json\/wp\/v2\/users\/1"}],"replies":[{"embeddable":true,"href":"https:\/\/blogopara.com.br\/index.php\/wp-json\/wp\/v2\/comments?post=47643"}],"version-history":[{"count":1,"href":"https:\/\/blogopara.com.br\/index.php\/wp-json\/wp\/v2\/posts\/47643\/revisions"}],"predecessor-version":[{"id":47645,"href":"https:\/\/blogopara.com.br\/index.php\/wp-json\/wp\/v2\/posts\/47643\/revisions\/47645"}],"wp:featuredmedia":[{"embeddable":true,"href":"https:\/\/blogopara.com.br\/index.php\/wp-json\/wp\/v2\/media\/47644"}],"wp:attachment":[{"href":"https:\/\/blogopara.com.br\/index.php\/wp-json\/wp\/v2\/media?parent=47643"}],"wp:term":[{"taxonomy":"category","embeddable":true,"href":"https:\/\/blogopara.com.br\/index.php\/wp-json\/wp\/v2\/categories?post=47643"},{"taxonomy":"post_tag","embeddable":true,"href":"https:\/\/blogopara.com.br\/index.php\/wp-json\/wp\/v2\/tags?post=47643"}],"curies":[{"name":"wp","href":"https:\/\/api.w.org\/{rel}","templated":true}]}}