{"id":47729,"date":"2022-12-26T07:40:00","date_gmt":"2022-12-26T10:40:00","guid":{"rendered":"https:\/\/blogopara.com.br\/?p=47729"},"modified":"2022-12-25T21:42:01","modified_gmt":"2022-12-26T00:42:01","slug":"sesau-divulga-cronograma-da-unidade-movel-de-atendimento-odontologico-para-esta-semana-confira","status":"publish","type":"post","link":"https:\/\/blogopara.com.br\/index.php\/2022\/12\/26\/sesau-divulga-cronograma-da-unidade-movel-de-atendimento-odontologico-para-esta-semana-confira","title":{"rendered":"SESAU divulga cronograma da Unidade M\u00f3vel de Atendimento Odontol\u00f3gico para esta semana; confira"},"content":{"rendered":"<p class=\"x_MsoNormal\">A Prefeitura de Juazeiro, atrav\u00e9s da Secretaria de Sa\u00fade (Sesau), segue levando atendimento a Unidade M\u00f3vel de Atendimento Odontol\u00f3gico para a popula\u00e7\u00e3o. Confira o cronograma de 26 a 29 de dezembro:<\/p>\n<p class=\"x_MsoNormal\">&#8211; Na segunda-feira (26) os atendimentos ser\u00e3o na EMEI Prefeito Apr\u00edgio Duarte, no Residencial Juazeiro I, para crian\u00e7as de 5 a 9 anos participantes do \u2018Projeto Cuidar\u2019, da\u00a0 Secretaria de Desenvolvimento Social, Mulher e Diversidade (SEDES);<\/p>\n<p class=\"x_MsoNormal\">&#8211; Na ter\u00e7a-feira (27) os atendimentos ser\u00e3o para pessoas em situa\u00e7\u00e3o de rua, agendadas pelo Centro POP, a partir das 8h;<\/p>\n<p class=\"x_MsoNormal\">&#8211; Na quarta-feira (28) a unidade m\u00f3vel estar\u00e1 em frente \u00e0 Unidade B\u00e1sica de Sa\u00fade (UBS) do CSU, a partir das 8h. O atendimento ser\u00e1 por livre demanda;<\/p>\n<p class=\"x_MsoNormal\">&#8211; Na quinta-feira (29) os atendimentos ser\u00e3o no Residencial S\u00e3o Francisco. A unidade estar\u00e1 em frente \u00e0 EMEI Vanda Guerra, a partir das 8h. Atendimentos por livre demanda.<\/p>\n<p class=\"x_MsoNormal\">\u00c9 preciso que os pacientes levem RG, CPF ou Cart\u00e3o SUS.<\/p>\n","protected":false},"excerpt":{"rendered":"<p>A Prefeitura de Juazeiro, atrav\u00e9s da Secretaria de Sa\u00fade (Sesau), segue levando atendimento a Unidade M\u00f3vel de Atendimento Odontol\u00f3gico para a popula\u00e7\u00e3o. Confira o cronograma de 26 a 29 de dezembro: &#8211; Na segunda-feira (26) os atendimentos ser\u00e3o na EMEI Prefeito Apr\u00edgio Duarte, no Residencial Juazeiro I, para crian\u00e7as de 5 a 9 anos participantes [&hellip;]<\/p>\n","protected":false},"author":1,"featured_media":36254,"comment_status":"closed","ping_status":"open","sticky":false,"template":"","format":"standard","meta":{"_uag_custom_page_level_css":"","_monsterinsights_skip_tracking":false,"_monsterinsights_sitenote_active":false,"_monsterinsights_sitenote_note":"","_monsterinsights_sitenote_category":0,"jetpack_post_was_ever_published":false,"_jetpack_newsletter_access":"","_jetpack_dont_email_post_to_subs":false,"_jetpack_newsletter_tier_id":0,"_jetpack_memberships_contains_paywalled_content":false,"_jetpack_memberships_contains_paid_content":false,"footnotes":"","jetpack_publicize_message":"","jetpack_publicize_feature_enabled":true,"jetpack_social_post_already_shared":true,"jetpack_social_options":{"image_generator_settings":{"template":"highway","default_image_id":0,"font":"","enabled":false},"version":2}},"categories":[205],"tags":[],"class_list":["post-47729","post","type-post","status-publish","format-standard","has-post-thumbnail","hentry","category-saude"],"jetpack_publicize_connections":[],"jetpack_featured_media_url":"https:\/\/blogopara.com.br\/wp-content\/uploads\/2022\/04\/atendimento-odontologico-unidade-movel.jpg","uagb_featured_image_src":{"full":["https:\/\/blogopara.com.br\/wp-content\/uploads\/2022\/04\/atendimento-odontologico-unidade-movel.jpg",500,333,false],"thumbnail":["https:\/\/blogopara.com.br\/wp-content\/uploads\/2022\/04\/atendimento-odontologico-unidade-movel-150x150.jpg",150,150,true],"medium":["https:\/\/blogopara.com.br\/wp-content\/uploads\/2022\/04\/atendimento-odontologico-unidade-movel-300x200.jpg",300,200,true],"medium_large":["https:\/\/blogopara.com.br\/wp-content\/uploads\/2022\/04\/atendimento-odontologico-unidade-movel.jpg",500,333,false],"large":["https:\/\/blogopara.com.br\/wp-content\/uploads\/2022\/04\/atendimento-odontologico-unidade-movel.jpg",500,333,false],"1536x1536":["https:\/\/blogopara.com.br\/wp-content\/uploads\/2022\/04\/atendimento-odontologico-unidade-movel.jpg",500,333,false],"2048x2048":["https:\/\/blogopara.com.br\/wp-content\/uploads\/2022\/04\/atendimento-odontologico-unidade-movel.jpg",500,333,false],"mantranews-slider-large":["https:\/\/blogopara.com.br\/wp-content\/uploads\/2022\/04\/atendimento-odontologico-unidade-movel.jpg",500,333,false],"mantranews-featured-medium":["https:\/\/blogopara.com.br\/wp-content\/uploads\/2022\/04\/atendimento-odontologico-unidade-movel-420x307.jpg",420,307,true],"mantranews-featured-long":["https:\/\/blogopara.com.br\/wp-content\/uploads\/2022\/04\/atendimento-odontologico-unidade-movel-300x333.jpg",300,333,true],"mantranews-block-medium":["https:\/\/blogopara.com.br\/wp-content\/uploads\/2022\/04\/atendimento-odontologico-unidade-movel-464x290.jpg",464,290,true],"mantranews-carousel-image":["https:\/\/blogopara.com.br\/wp-content\/uploads\/2022\/04\/atendimento-odontologico-unidade-movel.jpg",500,333,false],"mantranews-block-thumb":["https:\/\/blogopara.com.br\/wp-content\/uploads\/2022\/04\/atendimento-odontologico-unidade-movel-322x230.jpg",322,230,true],"mantranews-single-large":["https:\/\/blogopara.com.br\/wp-content\/uploads\/2022\/04\/atendimento-odontologico-unidade-movel.jpg",500,333,false]},"uagb_author_info":{"display_name":"Reda\u00e7\u00e3o geral","author_link":"https:\/\/blogopara.com.br\/index.php\/author\/blogopara"},"uagb_comment_info":0,"uagb_excerpt":"A Prefeitura de Juazeiro, atrav\u00e9s da Secretaria de Sa\u00fade (Sesau), segue levando atendimento a Unidade M\u00f3vel de Atendimento Odontol\u00f3gico para a popula\u00e7\u00e3o. Confira o cronograma de 26 a 29 de dezembro: &#8211; Na segunda-feira (26) os atendimentos ser\u00e3o na EMEI Prefeito Apr\u00edgio Duarte, no Residencial Juazeiro I, para crian\u00e7as de 5 a 9 anos participantes&hellip;","jetpack_sharing_enabled":true,"jetpack_likes_enabled":true,"_links":{"self":[{"href":"https:\/\/blogopara.com.br\/index.php\/wp-json\/wp\/v2\/posts\/47729","targetHints":{"allow":["GET"]}}],"collection":[{"href":"https:\/\/blogopara.com.br\/index.php\/wp-json\/wp\/v2\/posts"}],"about":[{"href":"https:\/\/blogopara.com.br\/index.php\/wp-json\/wp\/v2\/types\/post"}],"author":[{"embeddable":true,"href":"https:\/\/blogopara.com.br\/index.php\/wp-json\/wp\/v2\/users\/1"}],"replies":[{"embeddable":true,"href":"https:\/\/blogopara.com.br\/index.php\/wp-json\/wp\/v2\/comments?post=47729"}],"version-history":[{"count":1,"href":"https:\/\/blogopara.com.br\/index.php\/wp-json\/wp\/v2\/posts\/47729\/revisions"}],"predecessor-version":[{"id":47730,"href":"https:\/\/blogopara.com.br\/index.php\/wp-json\/wp\/v2\/posts\/47729\/revisions\/47730"}],"wp:featuredmedia":[{"embeddable":true,"href":"https:\/\/blogopara.com.br\/index.php\/wp-json\/wp\/v2\/media\/36254"}],"wp:attachment":[{"href":"https:\/\/blogopara.com.br\/index.php\/wp-json\/wp\/v2\/media?parent=47729"}],"wp:term":[{"taxonomy":"category","embeddable":true,"href":"https:\/\/blogopara.com.br\/index.php\/wp-json\/wp\/v2\/categories?post=47729"},{"taxonomy":"post_tag","embeddable":true,"href":"https:\/\/blogopara.com.br\/index.php\/wp-json\/wp\/v2\/tags?post=47729"}],"curies":[{"name":"wp","href":"https:\/\/api.w.org\/{rel}","templated":true}]}}