{"id":47731,"date":"2022-12-26T08:42:00","date_gmt":"2022-12-26T11:42:00","guid":{"rendered":"https:\/\/blogopara.com.br\/?p=47731"},"modified":"2022-12-25T22:00:01","modified_gmt":"2022-12-26T01:00:01","slug":"prefeita-suzana-ramos-presta-condolencias-pelo-falecimento-da-professora-maria-jose-da-rocha","status":"publish","type":"post","link":"https:\/\/blogopara.com.br\/index.php\/2022\/12\/26\/prefeita-suzana-ramos-presta-condolencias-pelo-falecimento-da-professora-maria-jose-da-rocha","title":{"rendered":"Prefeita Suzana Ramos presta condol\u00eancias pelo falecimento da professora Maria Jos\u00e9 da Rocha"},"content":{"rendered":"<p class=\"x_p1\" style=\"text-align: justify;\"><span class=\"x_s2\">A prefeita de Juazeiro, Suzana Ramos, manifestou pesar e prestou condol\u00eancias pelo falecimento da professora Maria Jos\u00e9 da Rocha, de 95 anos, ocorrido neste domingo (25). Ela deixa um legado na hist\u00f3ria da educa\u00e7\u00e3o de Juazeiro, no ensino de diversas gera\u00e7\u00f5es de estudantes, primando pela did\u00e1tica humanista.<\/span><\/p>\n<p class=\"x_p1\" style=\"text-align: justify;\"><span class=\"x_s2\">Confira:<\/span><\/p>\n<p class=\"x_p1\" style=\"text-align: justify;\"><span class=\"x_s2\">Lamento profundamente o falecimento da professora Maria Jos\u00e9 da Rocha, de 95 anos. Prestamos os nossos mais profundos sentimentos \u00e0 fam\u00edlia e aos amigos da professora, que deixa um legado muito importante na hist\u00f3ria da educa\u00e7\u00e3o de Juazeiro.<\/span><\/p>\n<p class=\"x_p1\" style=\"text-align: justify;\"><span class=\"x_s2\">Maria Jos\u00e9 da Rocha foi professora prim\u00e1ria do ex-prefeito Rivad\u00e1vio Espinola Ramos e principal respons\u00e1vel pela continuidade dos seus estudos, dedicando amor, carinho, aten\u00e7\u00e3o e moradia at\u00e9 a idade adulta. Ensinou diversas gera\u00e7\u00f5es de estudantes, primando pela did\u00e1tica humanista, cuja mem\u00f3ria privilegiada permaneceu at\u00e9 os \u00faltimos dias.<\/span><\/p>\n<p class=\"x_p1\" style=\"text-align: justify;\"><span class=\"x_s2\">Cat\u00f3lica fervorosa, Maria Jos\u00e9 era devota de Nossa Senhora do Perp\u00e9tuo Socorro. O corpo dela est\u00e1 sendo velado no SAF, e o sepultamento est\u00e1 programado para este domingo, \u00e0s 17h, no Cemit\u00e9rio Central. Que Deus conforte o cora\u00e7\u00e3o de todos.<\/span><\/p>\n","protected":false},"excerpt":{"rendered":"<p>A prefeita de Juazeiro, Suzana Ramos, manifestou pesar e prestou condol\u00eancias pelo falecimento da professora Maria Jos\u00e9 da Rocha, de 95 anos, ocorrido neste domingo (25). Ela deixa um legado na hist\u00f3ria da educa\u00e7\u00e3o de Juazeiro, no ensino de diversas gera\u00e7\u00f5es de estudantes, primando pela did\u00e1tica humanista. Confira: Lamento profundamente o falecimento da professora Maria [&hellip;]<\/p>\n","protected":false},"author":1,"featured_media":47742,"comment_status":"closed","ping_status":"open","sticky":false,"template":"","format":"standard","meta":{"_uag_custom_page_level_css":"","_monsterinsights_skip_tracking":false,"_monsterinsights_sitenote_active":false,"_monsterinsights_sitenote_note":"","_monsterinsights_sitenote_category":0,"jetpack_post_was_ever_published":false,"_jetpack_newsletter_access":"","_jetpack_dont_email_post_to_subs":false,"_jetpack_newsletter_tier_id":0,"_jetpack_memberships_contains_paywalled_content":false,"_jetpack_memberships_contains_paid_content":false,"footnotes":"","jetpack_publicize_message":"","jetpack_publicize_feature_enabled":true,"jetpack_social_post_already_shared":true,"jetpack_social_options":{"image_generator_settings":{"template":"highway","default_image_id":0,"font":"","enabled":false},"version":2}},"categories":[203,204],"tags":[],"class_list":["post-47731","post","type-post","status-publish","format-standard","has-post-thumbnail","hentry","category-juazeiro","category-social"],"jetpack_publicize_connections":[],"jetpack_featured_media_url":"https:\/\/blogopara.com.br\/wp-content\/uploads\/2022\/12\/WhatsApp-Image-2022-12-25-at-21.58.37.jpeg","uagb_featured_image_src":{"full":["https:\/\/blogopara.com.br\/wp-content\/uploads\/2022\/12\/WhatsApp-Image-2022-12-25-at-21.58.37.jpeg",500,666,false],"thumbnail":["https:\/\/blogopara.com.br\/wp-content\/uploads\/2022\/12\/WhatsApp-Image-2022-12-25-at-21.58.37-150x150.jpeg",150,150,true],"medium":["https:\/\/blogopara.com.br\/wp-content\/uploads\/2022\/12\/WhatsApp-Image-2022-12-25-at-21.58.37-225x300.jpeg",225,300,true],"medium_large":["https:\/\/blogopara.com.br\/wp-content\/uploads\/2022\/12\/WhatsApp-Image-2022-12-25-at-21.58.37.jpeg",500,666,false],"large":["https:\/\/blogopara.com.br\/wp-content\/uploads\/2022\/12\/WhatsApp-Image-2022-12-25-at-21.58.37.jpeg",500,666,false],"1536x1536":["https:\/\/blogopara.com.br\/wp-content\/uploads\/2022\/12\/WhatsApp-Image-2022-12-25-at-21.58.37.jpeg",500,666,false],"2048x2048":["https:\/\/blogopara.com.br\/wp-content\/uploads\/2022\/12\/WhatsApp-Image-2022-12-25-at-21.58.37.jpeg",500,666,false],"mantranews-slider-large":["https:\/\/blogopara.com.br\/wp-content\/uploads\/2022\/12\/WhatsApp-Image-2022-12-25-at-21.58.37.jpeg",500,666,false],"mantranews-featured-medium":["https:\/\/blogopara.com.br\/wp-content\/uploads\/2022\/12\/WhatsApp-Image-2022-12-25-at-21.58.37-420x307.jpeg",420,307,true],"mantranews-featured-long":["https:\/\/blogopara.com.br\/wp-content\/uploads\/2022\/12\/WhatsApp-Image-2022-12-25-at-21.58.37-300x443.jpeg",300,443,true],"mantranews-block-medium":["https:\/\/blogopara.com.br\/wp-content\/uploads\/2022\/12\/WhatsApp-Image-2022-12-25-at-21.58.37-464x290.jpeg",464,290,true],"mantranews-carousel-image":["https:\/\/blogopara.com.br\/wp-content\/uploads\/2022\/12\/WhatsApp-Image-2022-12-25-at-21.58.37-500x500.jpeg",500,500,true],"mantranews-block-thumb":["https:\/\/blogopara.com.br\/wp-content\/uploads\/2022\/12\/WhatsApp-Image-2022-12-25-at-21.58.37-322x230.jpeg",322,230,true],"mantranews-single-large":["https:\/\/blogopara.com.br\/wp-content\/uploads\/2022\/12\/WhatsApp-Image-2022-12-25-at-21.58.37-500x642.jpeg",500,642,true]},"uagb_author_info":{"display_name":"Reda\u00e7\u00e3o geral","author_link":"https:\/\/blogopara.com.br\/index.php\/author\/blogopara"},"uagb_comment_info":0,"uagb_excerpt":"A prefeita de Juazeiro, Suzana Ramos, manifestou pesar e prestou condol\u00eancias pelo falecimento da professora Maria Jos\u00e9 da Rocha, de 95 anos, ocorrido neste domingo (25). Ela deixa um legado na hist\u00f3ria da educa\u00e7\u00e3o de Juazeiro, no ensino de diversas gera\u00e7\u00f5es de estudantes, primando pela did\u00e1tica humanista. Confira: Lamento profundamente o falecimento da professora Maria&hellip;","jetpack_sharing_enabled":true,"jetpack_likes_enabled":true,"_links":{"self":[{"href":"https:\/\/blogopara.com.br\/index.php\/wp-json\/wp\/v2\/posts\/47731","targetHints":{"allow":["GET"]}}],"collection":[{"href":"https:\/\/blogopara.com.br\/index.php\/wp-json\/wp\/v2\/posts"}],"about":[{"href":"https:\/\/blogopara.com.br\/index.php\/wp-json\/wp\/v2\/types\/post"}],"author":[{"embeddable":true,"href":"https:\/\/blogopara.com.br\/index.php\/wp-json\/wp\/v2\/users\/1"}],"replies":[{"embeddable":true,"href":"https:\/\/blogopara.com.br\/index.php\/wp-json\/wp\/v2\/comments?post=47731"}],"version-history":[{"count":1,"href":"https:\/\/blogopara.com.br\/index.php\/wp-json\/wp\/v2\/posts\/47731\/revisions"}],"predecessor-version":[{"id":47734,"href":"https:\/\/blogopara.com.br\/index.php\/wp-json\/wp\/v2\/posts\/47731\/revisions\/47734"}],"wp:featuredmedia":[{"embeddable":true,"href":"https:\/\/blogopara.com.br\/index.php\/wp-json\/wp\/v2\/media\/47742"}],"wp:attachment":[{"href":"https:\/\/blogopara.com.br\/index.php\/wp-json\/wp\/v2\/media?parent=47731"}],"wp:term":[{"taxonomy":"category","embeddable":true,"href":"https:\/\/blogopara.com.br\/index.php\/wp-json\/wp\/v2\/categories?post=47731"},{"taxonomy":"post_tag","embeddable":true,"href":"https:\/\/blogopara.com.br\/index.php\/wp-json\/wp\/v2\/tags?post=47731"}],"curies":[{"name":"wp","href":"https:\/\/api.w.org\/{rel}","templated":true}]}}