{"id":47757,"date":"2022-12-28T08:05:00","date_gmt":"2022-12-28T11:05:00","guid":{"rendered":"https:\/\/blogopara.com.br\/?p=47757"},"modified":"2022-12-27T10:32:49","modified_gmt":"2022-12-27T13:32:49","slug":"senado-tambem-adotara-medidas-rigorosas-de-acesso-ate-a-posse","status":"publish","type":"post","link":"https:\/\/blogopara.com.br\/index.php\/2022\/12\/28\/senado-tambem-adotara-medidas-rigorosas-de-acesso-ate-a-posse","title":{"rendered":"Senado tamb\u00e9m adotar\u00e1 medidas rigorosas de acesso at\u00e9 a posse"},"content":{"rendered":"<p style=\"text-align: justify;\">Depois da\u00a0C\u00e2mara dos Deputados informar que ir\u00e1 submeter os servidores a detector de metal at\u00e9 o fim da posse\u00a0de Luiz In\u00e1cio Lula da Silva, a Secretaria de Pol\u00edcia do\u00a0Senado Federal\u00a0tamb\u00e9m anunciou que vai adotar medidas rigorosas e refor\u00e7ar a seguran\u00e7a no per\u00edmetro da Pra\u00e7a dos Tr\u00eas Poderes.<\/p>\n<p style=\"text-align: justify;\" data-gtm-vis-recent-on-screen-8752935_845=\"149432\" data-gtm-vis-first-on-screen-8752935_845=\"149432\" data-gtm-vis-total-visible-time-8752935_845=\"100\" data-gtm-vis-has-fired-8752935_845=\"1\">O an\u00fancio ocorre\u00a0dois dias ap\u00f3s deflagra\u00e7\u00e3o de uma amea\u00e7a de bomba no aeroporto.<\/p>\n<p style=\"text-align: justify;\">Durante esta semana, ser\u00e1 obrigat\u00f3rio que todas as pessoas passem pelos p\u00f3rticos de raio-X e detectores de metal para adentrar nas depend\u00eancias do pr\u00e9dio do Senado Federal.<\/p>\n<p style=\"text-align: justify;\" data-gtm-vis-recent-on-screen-8752935_866=\"149579\" data-gtm-vis-first-on-screen-8752935_866=\"149579\" data-gtm-vis-total-visible-time-8752935_866=\"100\" data-gtm-vis-has-fired-8752935_866=\"1\" data-gtm-vis-recent-on-screen-8752935_862=\"149594\" data-gtm-vis-first-on-screen-8752935_862=\"149594\" data-gtm-vis-total-visible-time-8752935_862=\"100\" data-gtm-vis-has-fired-8752935_862=\"1\">A medida direciona-se a servidores, funcion\u00e1rios terceirizados e prestadores de servi\u00e7o. Durante esse per\u00edodo, tamb\u00e9m n\u00e3o ser\u00e1 permitida a entrada de visitantes.<\/p>\n<p style=\"text-align: justify;\">O acesso a entregadores de alimentos ou motoristas de aplicativo n\u00e3o ser\u00e1 concedido. As entregas de alimento e o embarque ou desembarque de passageiros dever\u00e3o ser procedidos na \u00e1rea externa ao Senado Federal.<\/p>\n<p style=\"text-align: justify;\">Tamb\u00e9m n\u00e3o ser\u00e1 permitida a entrada de correntistas nas ag\u00eancias banc\u00e1rias da Casa que n\u00e3o integrem o quadro de colaboradores. Apenas senadores, servidores, profissionais terceirizados e estagi\u00e1rios poder\u00e3o utiliz\u00e1-las.<\/p>\n<p>Fonte: Metr\u00f3poles<\/p>\n","protected":false},"excerpt":{"rendered":"<p>Depois da\u00a0C\u00e2mara dos Deputados informar que ir\u00e1 submeter os servidores a detector de metal at\u00e9 o fim da posse\u00a0de Luiz In\u00e1cio Lula da Silva, a Secretaria de Pol\u00edcia do\u00a0Senado Federal\u00a0tamb\u00e9m anunciou que vai adotar medidas rigorosas e refor\u00e7ar a seguran\u00e7a no per\u00edmetro da Pra\u00e7a dos Tr\u00eas Poderes. O an\u00fancio ocorre\u00a0dois dias ap\u00f3s deflagra\u00e7\u00e3o de uma [&hellip;]<\/p>\n","protected":false},"author":1,"featured_media":44292,"comment_status":"closed","ping_status":"open","sticky":false,"template":"","format":"standard","meta":{"_uag_custom_page_level_css":"","_monsterinsights_skip_tracking":false,"_monsterinsights_sitenote_active":false,"_monsterinsights_sitenote_note":"","_monsterinsights_sitenote_category":0,"jetpack_post_was_ever_published":false,"_jetpack_newsletter_access":"","_jetpack_dont_email_post_to_subs":false,"_jetpack_newsletter_tier_id":0,"_jetpack_memberships_contains_paywalled_content":false,"_jetpack_memberships_contains_paid_content":false,"footnotes":"","jetpack_publicize_message":"","jetpack_publicize_feature_enabled":true,"jetpack_social_post_already_shared":true,"jetpack_social_options":{"image_generator_settings":{"template":"highway","default_image_id":0,"font":"","enabled":false},"version":2}},"categories":[200],"tags":[10354,3581,10352,10353],"class_list":["post-47757","post","type-post","status-publish","format-standard","has-post-thumbnail","hentry","category-brasil","tag-ameaca-de-bomba","tag-df","tag-rodoviaria","tag-senado-federal"],"jetpack_publicize_connections":[],"jetpack_featured_media_url":"https:\/\/blogopara.com.br\/wp-content\/uploads\/2022\/10\/camara_antcrz_abr_2611214003-1.jpg","uagb_featured_image_src":{"full":["https:\/\/blogopara.com.br\/wp-content\/uploads\/2022\/10\/camara_antcrz_abr_2611214003-1.jpg",500,299,false],"thumbnail":["https:\/\/blogopara.com.br\/wp-content\/uploads\/2022\/10\/camara_antcrz_abr_2611214003-1-150x150.jpg",150,150,true],"medium":["https:\/\/blogopara.com.br\/wp-content\/uploads\/2022\/10\/camara_antcrz_abr_2611214003-1-300x179.jpg",300,179,true],"medium_large":["https:\/\/blogopara.com.br\/wp-content\/uploads\/2022\/10\/camara_antcrz_abr_2611214003-1.jpg",500,299,false],"large":["https:\/\/blogopara.com.br\/wp-content\/uploads\/2022\/10\/camara_antcrz_abr_2611214003-1.jpg",500,299,false],"1536x1536":["https:\/\/blogopara.com.br\/wp-content\/uploads\/2022\/10\/camara_antcrz_abr_2611214003-1.jpg",500,299,false],"2048x2048":["https:\/\/blogopara.com.br\/wp-content\/uploads\/2022\/10\/camara_antcrz_abr_2611214003-1.jpg",500,299,false],"mantranews-slider-large":["https:\/\/blogopara.com.br\/wp-content\/uploads\/2022\/10\/camara_antcrz_abr_2611214003-1.jpg",500,299,false],"mantranews-featured-medium":["https:\/\/blogopara.com.br\/wp-content\/uploads\/2022\/10\/camara_antcrz_abr_2611214003-1-420x299.jpg",420,299,true],"mantranews-featured-long":["https:\/\/blogopara.com.br\/wp-content\/uploads\/2022\/10\/camara_antcrz_abr_2611214003-1-300x299.jpg",300,299,true],"mantranews-block-medium":["https:\/\/blogopara.com.br\/wp-content\/uploads\/2022\/10\/camara_antcrz_abr_2611214003-1-464x290.jpg",464,290,true],"mantranews-carousel-image":["https:\/\/blogopara.com.br\/wp-content\/uploads\/2022\/10\/camara_antcrz_abr_2611214003-1.jpg",500,299,false],"mantranews-block-thumb":["https:\/\/blogopara.com.br\/wp-content\/uploads\/2022\/10\/camara_antcrz_abr_2611214003-1-322x230.jpg",322,230,true],"mantranews-single-large":["https:\/\/blogopara.com.br\/wp-content\/uploads\/2022\/10\/camara_antcrz_abr_2611214003-1.jpg",500,299,false]},"uagb_author_info":{"display_name":"Reda\u00e7\u00e3o geral","author_link":"https:\/\/blogopara.com.br\/index.php\/author\/blogopara"},"uagb_comment_info":0,"uagb_excerpt":"Depois da\u00a0C\u00e2mara dos Deputados informar que ir\u00e1 submeter os servidores a detector de metal at\u00e9 o fim da posse\u00a0de Luiz In\u00e1cio Lula da Silva, a Secretaria de Pol\u00edcia do\u00a0Senado Federal\u00a0tamb\u00e9m anunciou que vai adotar medidas rigorosas e refor\u00e7ar a seguran\u00e7a no per\u00edmetro da Pra\u00e7a dos Tr\u00eas Poderes. O an\u00fancio ocorre\u00a0dois dias ap\u00f3s deflagra\u00e7\u00e3o de uma&hellip;","jetpack_sharing_enabled":true,"jetpack_likes_enabled":true,"_links":{"self":[{"href":"https:\/\/blogopara.com.br\/index.php\/wp-json\/wp\/v2\/posts\/47757","targetHints":{"allow":["GET"]}}],"collection":[{"href":"https:\/\/blogopara.com.br\/index.php\/wp-json\/wp\/v2\/posts"}],"about":[{"href":"https:\/\/blogopara.com.br\/index.php\/wp-json\/wp\/v2\/types\/post"}],"author":[{"embeddable":true,"href":"https:\/\/blogopara.com.br\/index.php\/wp-json\/wp\/v2\/users\/1"}],"replies":[{"embeddable":true,"href":"https:\/\/blogopara.com.br\/index.php\/wp-json\/wp\/v2\/comments?post=47757"}],"version-history":[{"count":1,"href":"https:\/\/blogopara.com.br\/index.php\/wp-json\/wp\/v2\/posts\/47757\/revisions"}],"predecessor-version":[{"id":47758,"href":"https:\/\/blogopara.com.br\/index.php\/wp-json\/wp\/v2\/posts\/47757\/revisions\/47758"}],"wp:featuredmedia":[{"embeddable":true,"href":"https:\/\/blogopara.com.br\/index.php\/wp-json\/wp\/v2\/media\/44292"}],"wp:attachment":[{"href":"https:\/\/blogopara.com.br\/index.php\/wp-json\/wp\/v2\/media?parent=47757"}],"wp:term":[{"taxonomy":"category","embeddable":true,"href":"https:\/\/blogopara.com.br\/index.php\/wp-json\/wp\/v2\/categories?post=47757"},{"taxonomy":"post_tag","embeddable":true,"href":"https:\/\/blogopara.com.br\/index.php\/wp-json\/wp\/v2\/tags?post=47757"}],"curies":[{"name":"wp","href":"https:\/\/api.w.org\/{rel}","templated":true}]}}