{"id":47778,"date":"2022-12-27T15:52:00","date_gmt":"2022-12-27T18:52:00","guid":{"rendered":"https:\/\/blogopara.com.br\/?p=47778"},"modified":"2022-12-27T14:17:21","modified_gmt":"2022-12-27T17:17:21","slug":"netinho-passa-noite-de-natal-em-acampamento-bolsonarista-no-quartel-da-mouraria","status":"publish","type":"post","link":"https:\/\/blogopara.com.br\/index.php\/2022\/12\/27\/netinho-passa-noite-de-natal-em-acampamento-bolsonarista-no-quartel-da-mouraria","title":{"rendered":"Netinho passa noite de Natal em acampamento bolsonarista no Quartel da Mouraria"},"content":{"rendered":"<p style=\"text-align: justify;\">O cantor Netinho passou a noite de Natal (24) no acampamento bolsonarista em frente ao Quartel da Mouraria, no Centro de Salvador. Na manh\u00e3 deste domingo (25), o artista fez uma publica\u00e7\u00e3o no Telegram dizendo ter \u201corgulho\u201d de ter passado a noite no local.<\/p>\n<p style=\"text-align: justify;\">\u201cA simbologia e o significado do Natal somados ao grav\u00edssimo momento que vivemos, me levaram ontem a respeitosamente deixar fam\u00edlia e amigos, cada um na sua, e ir viver o meu momento, eu com meus pensamentos voltados para o Brasil e o mundo\u201d, escreveu.<\/p>\n<p style=\"text-align: justify;\">No final da tarde de s\u00e1bado, Netinho havia compartilhado no Instagram afirmando que passaria a noite em frente ao quartel. Em outro v\u00eddeo \u00e9 poss\u00edvel ouvir Netinho e um grupo de pessoas atr\u00e1s cantando o hino nacional.<\/p>\n<p style=\"text-align: justify;\">Acampamentos como este, em que est\u00e1 Netinho, se instalaram em diversas cidades do pa\u00eds, ap\u00f3s a derrota do presidente Jair Bolsonaro (PL), candidato \u00e0 reelei\u00e7\u00e3o. Al\u00e9m de contestar a integridade do processo eleitoral, as concentra\u00e7\u00f5es pedem interven\u00e7\u00e3o militar, entre outras manifesta\u00e7\u00f5es antidemocr\u00e1ticas.<\/p>\n<p style=\"text-align: justify;\">Fonte: Bahia Not\u00edcias<\/p>\n","protected":false},"excerpt":{"rendered":"<p>O cantor Netinho passou a noite de Natal (24) no acampamento bolsonarista em frente ao Quartel da Mouraria, no Centro de Salvador. Na manh\u00e3 deste domingo (25), o artista fez uma publica\u00e7\u00e3o no Telegram dizendo ter \u201corgulho\u201d de ter passado a noite no local. \u201cA simbologia e o significado do Natal somados ao grav\u00edssimo momento [&hellip;]<\/p>\n","protected":false},"author":1,"featured_media":47779,"comment_status":"closed","ping_status":"open","sticky":false,"template":"","format":"standard","meta":{"_uag_custom_page_level_css":"","_monsterinsights_skip_tracking":false,"_monsterinsights_sitenote_active":false,"_monsterinsights_sitenote_note":"","_monsterinsights_sitenote_category":0,"jetpack_post_was_ever_published":false,"_jetpack_newsletter_access":"","_jetpack_dont_email_post_to_subs":false,"_jetpack_newsletter_tier_id":0,"_jetpack_memberships_contains_paywalled_content":false,"_jetpack_memberships_contains_paid_content":false,"footnotes":"","jetpack_publicize_message":"","jetpack_publicize_feature_enabled":true,"jetpack_social_post_already_shared":true,"jetpack_social_options":{"image_generator_settings":{"template":"highway","default_image_id":0,"font":"","enabled":false},"version":2}},"categories":[199],"tags":[10362,10361],"class_list":["post-47778","post","type-post","status-publish","format-standard","has-post-thumbnail","hentry","category-bahia","tag-manifestacoes-antidemocraticas","tag-netinho"],"jetpack_publicize_connections":[],"jetpack_featured_media_url":"https:\/\/blogopara.com.br\/wp-content\/uploads\/2022\/12\/netinho.png","uagb_featured_image_src":{"full":["https:\/\/blogopara.com.br\/wp-content\/uploads\/2022\/12\/netinho.png",501,333,false],"thumbnail":["https:\/\/blogopara.com.br\/wp-content\/uploads\/2022\/12\/netinho-150x150.png",150,150,true],"medium":["https:\/\/blogopara.com.br\/wp-content\/uploads\/2022\/12\/netinho-300x199.png",300,199,true],"medium_large":["https:\/\/blogopara.com.br\/wp-content\/uploads\/2022\/12\/netinho.png",501,333,false],"large":["https:\/\/blogopara.com.br\/wp-content\/uploads\/2022\/12\/netinho.png",501,333,false],"1536x1536":["https:\/\/blogopara.com.br\/wp-content\/uploads\/2022\/12\/netinho.png",501,333,false],"2048x2048":["https:\/\/blogopara.com.br\/wp-content\/uploads\/2022\/12\/netinho.png",501,333,false],"mantranews-slider-large":["https:\/\/blogopara.com.br\/wp-content\/uploads\/2022\/12\/netinho.png",501,333,false],"mantranews-featured-medium":["https:\/\/blogopara.com.br\/wp-content\/uploads\/2022\/12\/netinho-420x307.png",420,307,true],"mantranews-featured-long":["https:\/\/blogopara.com.br\/wp-content\/uploads\/2022\/12\/netinho-300x333.png",300,333,true],"mantranews-block-medium":["https:\/\/blogopara.com.br\/wp-content\/uploads\/2022\/12\/netinho-464x290.png",464,290,true],"mantranews-carousel-image":["https:\/\/blogopara.com.br\/wp-content\/uploads\/2022\/12\/netinho.png",501,333,false],"mantranews-block-thumb":["https:\/\/blogopara.com.br\/wp-content\/uploads\/2022\/12\/netinho-322x230.png",322,230,true],"mantranews-single-large":["https:\/\/blogopara.com.br\/wp-content\/uploads\/2022\/12\/netinho.png",501,333,false]},"uagb_author_info":{"display_name":"Reda\u00e7\u00e3o geral","author_link":"https:\/\/blogopara.com.br\/index.php\/author\/blogopara"},"uagb_comment_info":0,"uagb_excerpt":"O cantor Netinho passou a noite de Natal (24) no acampamento bolsonarista em frente ao Quartel da Mouraria, no Centro de Salvador. Na manh\u00e3 deste domingo (25), o artista fez uma publica\u00e7\u00e3o no Telegram dizendo ter \u201corgulho\u201d de ter passado a noite no local. \u201cA simbologia e o significado do Natal somados ao grav\u00edssimo momento&hellip;","jetpack_sharing_enabled":true,"jetpack_likes_enabled":true,"_links":{"self":[{"href":"https:\/\/blogopara.com.br\/index.php\/wp-json\/wp\/v2\/posts\/47778","targetHints":{"allow":["GET"]}}],"collection":[{"href":"https:\/\/blogopara.com.br\/index.php\/wp-json\/wp\/v2\/posts"}],"about":[{"href":"https:\/\/blogopara.com.br\/index.php\/wp-json\/wp\/v2\/types\/post"}],"author":[{"embeddable":true,"href":"https:\/\/blogopara.com.br\/index.php\/wp-json\/wp\/v2\/users\/1"}],"replies":[{"embeddable":true,"href":"https:\/\/blogopara.com.br\/index.php\/wp-json\/wp\/v2\/comments?post=47778"}],"version-history":[{"count":1,"href":"https:\/\/blogopara.com.br\/index.php\/wp-json\/wp\/v2\/posts\/47778\/revisions"}],"predecessor-version":[{"id":47780,"href":"https:\/\/blogopara.com.br\/index.php\/wp-json\/wp\/v2\/posts\/47778\/revisions\/47780"}],"wp:featuredmedia":[{"embeddable":true,"href":"https:\/\/blogopara.com.br\/index.php\/wp-json\/wp\/v2\/media\/47779"}],"wp:attachment":[{"href":"https:\/\/blogopara.com.br\/index.php\/wp-json\/wp\/v2\/media?parent=47778"}],"wp:term":[{"taxonomy":"category","embeddable":true,"href":"https:\/\/blogopara.com.br\/index.php\/wp-json\/wp\/v2\/categories?post=47778"},{"taxonomy":"post_tag","embeddable":true,"href":"https:\/\/blogopara.com.br\/index.php\/wp-json\/wp\/v2\/tags?post=47778"}],"curies":[{"name":"wp","href":"https:\/\/api.w.org\/{rel}","templated":true}]}}