{"id":47794,"date":"2022-12-27T16:22:00","date_gmt":"2022-12-27T19:22:00","guid":{"rendered":"https:\/\/blogopara.com.br\/?p=47794"},"modified":"2022-12-27T10:26:02","modified_gmt":"2022-12-27T13:26:02","slug":"secretario-de-saude-de-juazeiro-reune-se-com-vereadores-e-o-deputado-eleito-jordavio-ramos","status":"publish","type":"post","link":"https:\/\/blogopara.com.br\/index.php\/2022\/12\/27\/secretario-de-saude-de-juazeiro-reune-se-com-vereadores-e-o-deputado-eleito-jordavio-ramos","title":{"rendered":"Secret\u00e1rio de Sa\u00fade de Juazeiro re\u00fane-se com vereadores e o deputado eleito Jord\u00e1vio Ramos"},"content":{"rendered":"<div class=\"ubHDG bwgAh XapfD L8m1x xGhch\">\n<div class=\"emOrD\">\n<div class=\"UXx3I\">\n<div class=\"zMb9B NUbju\">\n<div class=\"iMFaY\">\n<div class=\"hXFUn full\">\n<div class=\"dZIwV densityMode\">\n<div class=\"full RCfNE allowTextSelection\" title=\"COM \u00c1UDIO- Secret\u00e1rio de Sa\u00fade de Juazeiro re\u00fane-se com vereadores e deputado eleito Jord\u00e1vio Ramos em balan\u00e7o da pasta e apresenta expectativas para 2023\" role=\"heading\" aria-level=\"2\">\n<p class=\"x_MsoNormal\" style=\"text-align: justify;\">O secret\u00e1rio de Sa\u00fade de Juazeiro, Fernando Costa, reuniu-se nesta segunda-feira (26) com vereadores, o deputado estadual eleito, Jord\u00e1vio Ramos e o assessor especial Tomaz Anor em um balan\u00e7o da pasta do ano de 2022. A \u00faltima reuni\u00e3o do ano com os vereadores na Sesau \u00e9 um momento em que o executivo e o legislativo discutem os avan\u00e7os e desafios enfrentados para o desenvolvimento da sa\u00fade do munic\u00edpio.<\/p>\n<p class=\"x_MsoNormal\" style=\"text-align: justify;\">De acordo com Fernando Costa, a reuni\u00e3o \u00e9 uma oportunidade para tamb\u00e9m ouvir os anseios da comunidade referente \u00e0 sa\u00fade. \u201cEssa \u00e9 uma forma de transmitir todo o trabalho realizado pela Secretaria de Sa\u00fade. Como eles s\u00e3o a voz do povo, temos esse contato mais pr\u00f3ximo para compreender como podemos melhorar nas pol\u00edticas p\u00fablicas referentes \u00e0 sa\u00fade das pessoas\u201d, destacou o secret\u00e1rio.<\/p>\n<p class=\"x_MsoNormal\" style=\"text-align: justify;\">Dentre os avan\u00e7os apresentados pelo secret\u00e1rio Fernando Costa, est\u00e3o a instala\u00e7\u00e3o do tom\u00f3grafo, do raio-x digital e da usina de oxig\u00eanio da UPA, a entrega da Policl\u00ednica totalmente reformada e equipada, a reforma das Unidades B\u00e1sicas de Sa\u00fade (UBSs) a todo vapor, entre muitos outros ganhos para a sa\u00fade de Juazeiro. \u201cConvidamos ainda uma pessoa que se revelou uma grande lideran\u00e7a nessa \u00faltima elei\u00e7\u00e3o, o deputado estadual eleito, Jord\u00e1vio Ramos para participar, ouvir os anseios da popula\u00e7\u00e3o e do corpo de vereadores. A Secretaria de Sa\u00fade est\u00e1 aberta para ouvir as sugest\u00f5es e reclama\u00e7\u00f5es, porque a tend\u00eancia \u00e9 melhorarmos cada vez mais\u201d, enfatizou Fernando Costa.<\/p>\n<p class=\"x_MsoNormal\" style=\"text-align: justify;\">Participaram do encontro os vereadores Neguinha da Santa Casa, Jos\u00e9 Carlos Medeiros, Amadeus, Bebeto Matias, Renato Brand\u00e3o, Lourival Quirino, Jean Gomes, Nalvinho, Ben\u00e9 Marques, Hitallo Marcelino, Dion\u00edsio e Gleidson Azevedo.<\/p>\n<p class=\"x_MsoNormal\" style=\"text-align: justify;\">\n<\/div>\n<div class=\"sTEBX full\" style=\"text-align: justify;\"><\/div>\n<\/div>\n<\/div>\n<\/div>\n<\/div>\n<\/div>\n<\/div>\n<\/div>\n<div style=\"text-align: justify;\"><\/div>\n<div>\n<div class=\"wide-content-host\">\n<div class=\"Vm3e5 L8m1x\">\n<div>\n<div class=\"um8sQ allowTextSelection h7ZN1\">\n<div class=\"qv9RK yak8W aN1kJ\">\n<div style=\"text-align: justify;\"><\/div>\n<\/div>\n<\/div>\n<\/div>\n<\/div>\n<\/div>\n<\/div>\n","protected":false},"excerpt":{"rendered":"<p>O secret\u00e1rio de Sa\u00fade de Juazeiro, Fernando Costa, reuniu-se nesta segunda-feira (26) com vereadores, o deputado estadual eleito, Jord\u00e1vio Ramos e o assessor especial Tomaz Anor em um balan\u00e7o da pasta do ano de 2022. A \u00faltima reuni\u00e3o do ano com os vereadores na Sesau \u00e9 um momento em que o executivo e o legislativo [&hellip;]<\/p>\n","protected":false},"author":1,"featured_media":47795,"comment_status":"closed","ping_status":"open","sticky":false,"template":"","format":"standard","meta":{"_uag_custom_page_level_css":"","_monsterinsights_skip_tracking":false,"_monsterinsights_sitenote_active":false,"_monsterinsights_sitenote_note":"","_monsterinsights_sitenote_category":0,"jetpack_post_was_ever_published":false,"_jetpack_newsletter_access":"","_jetpack_dont_email_post_to_subs":false,"_jetpack_newsletter_tier_id":0,"_jetpack_memberships_contains_paywalled_content":false,"_jetpack_memberships_contains_paid_content":false,"footnotes":"","jetpack_publicize_message":"","jetpack_publicize_feature_enabled":true,"jetpack_social_post_already_shared":true,"jetpack_social_options":{"image_generator_settings":{"template":"highway","default_image_id":0,"font":"","enabled":false},"version":2}},"categories":[203,205],"tags":[],"class_list":["post-47794","post","type-post","status-publish","format-standard","has-post-thumbnail","hentry","category-juazeiro","category-saude"],"jetpack_publicize_connections":[],"jetpack_featured_media_url":"https:\/\/blogopara.com.br\/wp-content\/uploads\/2022\/12\/reuniao-1.jpeg","uagb_featured_image_src":{"full":["https:\/\/blogopara.com.br\/wp-content\/uploads\/2022\/12\/reuniao-1.jpeg",500,230,false],"thumbnail":["https:\/\/blogopara.com.br\/wp-content\/uploads\/2022\/12\/reuniao-1-150x150.jpeg",150,150,true],"medium":["https:\/\/blogopara.com.br\/wp-content\/uploads\/2022\/12\/reuniao-1-300x138.jpeg",300,138,true],"medium_large":["https:\/\/blogopara.com.br\/wp-content\/uploads\/2022\/12\/reuniao-1.jpeg",500,230,false],"large":["https:\/\/blogopara.com.br\/wp-content\/uploads\/2022\/12\/reuniao-1.jpeg",500,230,false],"1536x1536":["https:\/\/blogopara.com.br\/wp-content\/uploads\/2022\/12\/reuniao-1.jpeg",500,230,false],"2048x2048":["https:\/\/blogopara.com.br\/wp-content\/uploads\/2022\/12\/reuniao-1.jpeg",500,230,false],"mantranews-slider-large":["https:\/\/blogopara.com.br\/wp-content\/uploads\/2022\/12\/reuniao-1.jpeg",500,230,false],"mantranews-featured-medium":["https:\/\/blogopara.com.br\/wp-content\/uploads\/2022\/12\/reuniao-1-420x230.jpeg",420,230,true],"mantranews-featured-long":["https:\/\/blogopara.com.br\/wp-content\/uploads\/2022\/12\/reuniao-1-300x230.jpeg",300,230,true],"mantranews-block-medium":["https:\/\/blogopara.com.br\/wp-content\/uploads\/2022\/12\/reuniao-1-464x230.jpeg",464,230,true],"mantranews-carousel-image":["https:\/\/blogopara.com.br\/wp-content\/uploads\/2022\/12\/reuniao-1.jpeg",500,230,false],"mantranews-block-thumb":["https:\/\/blogopara.com.br\/wp-content\/uploads\/2022\/12\/reuniao-1-322x230.jpeg",322,230,true],"mantranews-single-large":["https:\/\/blogopara.com.br\/wp-content\/uploads\/2022\/12\/reuniao-1.jpeg",500,230,false]},"uagb_author_info":{"display_name":"Reda\u00e7\u00e3o geral","author_link":"https:\/\/blogopara.com.br\/index.php\/author\/blogopara"},"uagb_comment_info":0,"uagb_excerpt":"O secret\u00e1rio de Sa\u00fade de Juazeiro, Fernando Costa, reuniu-se nesta segunda-feira (26) com vereadores, o deputado estadual eleito, Jord\u00e1vio Ramos e o assessor especial Tomaz Anor em um balan\u00e7o da pasta do ano de 2022. A \u00faltima reuni\u00e3o do ano com os vereadores na Sesau \u00e9 um momento em que o executivo e o legislativo&hellip;","jetpack_sharing_enabled":true,"jetpack_likes_enabled":true,"_links":{"self":[{"href":"https:\/\/blogopara.com.br\/index.php\/wp-json\/wp\/v2\/posts\/47794","targetHints":{"allow":["GET"]}}],"collection":[{"href":"https:\/\/blogopara.com.br\/index.php\/wp-json\/wp\/v2\/posts"}],"about":[{"href":"https:\/\/blogopara.com.br\/index.php\/wp-json\/wp\/v2\/types\/post"}],"author":[{"embeddable":true,"href":"https:\/\/blogopara.com.br\/index.php\/wp-json\/wp\/v2\/users\/1"}],"replies":[{"embeddable":true,"href":"https:\/\/blogopara.com.br\/index.php\/wp-json\/wp\/v2\/comments?post=47794"}],"version-history":[{"count":1,"href":"https:\/\/blogopara.com.br\/index.php\/wp-json\/wp\/v2\/posts\/47794\/revisions"}],"predecessor-version":[{"id":47796,"href":"https:\/\/blogopara.com.br\/index.php\/wp-json\/wp\/v2\/posts\/47794\/revisions\/47796"}],"wp:featuredmedia":[{"embeddable":true,"href":"https:\/\/blogopara.com.br\/index.php\/wp-json\/wp\/v2\/media\/47795"}],"wp:attachment":[{"href":"https:\/\/blogopara.com.br\/index.php\/wp-json\/wp\/v2\/media?parent=47794"}],"wp:term":[{"taxonomy":"category","embeddable":true,"href":"https:\/\/blogopara.com.br\/index.php\/wp-json\/wp\/v2\/categories?post=47794"},{"taxonomy":"post_tag","embeddable":true,"href":"https:\/\/blogopara.com.br\/index.php\/wp-json\/wp\/v2\/tags?post=47794"}],"curies":[{"name":"wp","href":"https:\/\/api.w.org\/{rel}","templated":true}]}}