{"id":47849,"date":"2022-12-28T08:39:00","date_gmt":"2022-12-28T11:39:00","guid":{"rendered":"https:\/\/blogopara.com.br\/?p=47849"},"modified":"2022-12-27T23:59:04","modified_gmt":"2022-12-28T02:59:04","slug":"era-uma-vida-triste-para-mim-diz-domestica-resgatada-de-trabalho-analogo-a-escravidao-na-ba-relembre-caso","status":"publish","type":"post","link":"https:\/\/blogopara.com.br\/index.php\/2022\/12\/28\/era-uma-vida-triste-para-mim-diz-domestica-resgatada-de-trabalho-analogo-a-escravidao-na-ba-relembre-caso","title":{"rendered":"&#8216;Era uma vida triste para mim&#8217;, diz dom\u00e9stica resgatada de trabalho an\u00e1logo \u00e0 escravid\u00e3o na BA; relembre caso"},"content":{"rendered":"<p style=\"text-align: justify;\">&#8220;Era uma vida triste para mim&#8221;, afirmou Madalena Santiago, de 62 anos, dom\u00e9stica resgatada de trabalho an\u00e1logo \u00e0 escravid\u00e3o por auditores-fiscais do trabalho do Minist\u00e9rio do Trabalho e Previd\u00eancia (MTP), ao relembrar da \u00e9poca em que trabalhava para uma fam\u00edlia em Lauro de Freitas, na Regi\u00e3o Metropolitana de Salvador.<\/p>\n<p style=\"text-align: justify;\">A dom\u00e9stica viveu mais de 50 anos dos seus 60 sem receber sal\u00e1rios, al\u00e9m de ser maltratada e roubada pelos patr\u00f5es. A hist\u00f3ria dela ganhou repercuss\u00e3o nacional ap\u00f3s ser exibida no Bahia Meio Dia, telejornal da TV Bahia, em abril deste ano.<\/p>\n<p style=\"text-align: justify;\">&#8220;Em 50 anos que eu trabalhei l\u00e1, nunca recebi sal\u00e1rio, nada. S\u00f3 tristeza ali&#8230;&#8221;, lamentou.<\/p>\n<p style=\"text-align: justify;\">Depois de ser resgatada, Madalena foi acolhida e, segundo ela, algumas pessoas fizeram uma &#8220;vaquinha&#8221; para arrecadar dinheiro com o objetivo de ajud\u00e1-la.<\/p>\n<p style=\"text-align: justify;\">&#8220;Agora tenho minha casinha, onde estou morando, comprei minhas coisinhas, o pessoal me ajudou, fizeram uma vaquinha para mim. Queria conhecer esse pessoal para agradecer&#8221;, disse.<\/p>\n<p style=\"text-align: justify;\">&#8220;Agora estou feliz, construindo minha vida, na minha casa. Estou fazendo minhas coisas sozinha&#8221;, comemorou.<\/p>\n<p style=\"text-align: justify;\">Segundo o Minist\u00e9rio do Trabalho e Previd\u00eancia (MPT), Madalena trabalhou por 54 anos sem receber sal\u00e1rios, e sendo maltratada pela fam\u00edlia para quem trabalhava em Lauro de Freitas, na Regi\u00e3o Metropolitana de Salvador.<\/p>\n<p style=\"text-align: justify;\">Atualmente, Madalena da Silva recebe seguro desemprego e um sal\u00e1rio m\u00ednimo da a\u00e7\u00e3o cautelar do Minist\u00e9rio do Trabalho e Previd\u00eancia (MPT).<\/p>\n<p style=\"text-align: justify;\">Madalena relatou os maus tratos sofridos durante os anos de trabalho.<\/p>\n<p style=\"text-align: justify;\">Ainda durante a entrevista onde contou sua situa\u00e7\u00e3o, Madalena chorou ao tocar na m\u00e3o da rep\u00f3rter da TV<\/p>\n<p style=\"text-align: justify;\">Bahia, Adriana Oliveira. Durante a reportagem, a dom\u00e9stica, emocionada, desabafou com a jornalista.<\/p>\n<p style=\"text-align: justify;\">&#8220;Fico com receio de pegar na sua m\u00e3o branca&#8221;, disse Madalena.<\/p>\n<figure style=\"width: 600px\" class=\"wp-caption aligncenter\"><img loading=\"lazy\" decoding=\"async\" src=\"https:\/\/s2.glbimg.com\/9lr5PblPvyJZcPrNZCoWJWNdndM=\/0x0:1053x527\/600x0\/smart\/filters:gifv():strip_icc()\/i.s3.glbimg.com\/v1\/AUTH_59edd422c0c84a879bd37670ae4f538a\/internal_photos\/bs\/2022\/D\/c\/UEsQFXTeG1SOvIyHEmbQ\/whatsapp-image-2022-04-28-at-18.32.04-1-.jpg\" alt=\"\" width=\"600\" height=\"300\" \/><figcaption class=\"wp-caption-text\">Resgatada ap\u00f3s trabalho an\u00e1logo \u00e0 escravid\u00e3o na BA se assusta ap\u00f3s tocar em m\u00e3o de rep\u00f3rter \u2014 Foto: Reprodu\u00e7\u00e3o\/TV Bahia<\/figcaption><\/figure>\n<p style=\"text-align: justify;\">A rep\u00f3rter questionou a frase forte dita pela dom\u00e9stica e estendeu as m\u00e3os para ela. &#8220;Mas por qu\u00ea? Tem medo de qu\u00ea?&#8221;.<\/p>\n<p style=\"text-align: justify;\">A dom\u00e9stica ent\u00e3o falou que achava feio quando colocava a m\u00e3o dela em cima de uma m\u00e3o branca. &#8220;Porque ver a sua m\u00e3o branca. Eu pego e boto a minha em cima da sua e acho feio isso&#8221;, explicou.<\/p>\n<p style=\"text-align: justify;\">Adriana Oliveira abra\u00e7ou a idosa, a elogiou e ressaltou a import\u00e2ncia da igualdade racial e de g\u00eanero<\/p>\n<p style=\"text-align: justify;\">&#8220;Sua m\u00e3o \u00e9 linda, sua cor \u00e9 linda. Olhe para mim, aqui n\u00e3o tem diferen\u00e7a. O tom \u00e9 diferente, mas voc\u00ea \u00e9 mulher, eu sou mulher. Os mesmos direitos e o mesmo respeito que todo mundo tem comigo, tem que ter com voc\u00ea&#8221;, destacou a jornalista.<\/p>\n<p>Fonte: g1 Bahia<\/p>\n","protected":false},"excerpt":{"rendered":"<p>&#8220;Era uma vida triste para mim&#8221;, afirmou Madalena Santiago, de 62 anos, dom\u00e9stica resgatada de trabalho an\u00e1logo \u00e0 escravid\u00e3o por auditores-fiscais do trabalho do Minist\u00e9rio do Trabalho e Previd\u00eancia (MTP), ao relembrar da \u00e9poca em que trabalhava para uma fam\u00edlia em Lauro de Freitas, na Regi\u00e3o Metropolitana de Salvador. A dom\u00e9stica viveu mais de 50 [&hellip;]<\/p>\n","protected":false},"author":1,"featured_media":47851,"comment_status":"closed","ping_status":"open","sticky":false,"template":"","format":"standard","meta":{"_uag_custom_page_level_css":"","_monsterinsights_skip_tracking":false,"_monsterinsights_sitenote_active":false,"_monsterinsights_sitenote_note":"","_monsterinsights_sitenote_category":0,"jetpack_post_was_ever_published":false,"_jetpack_newsletter_access":"","_jetpack_dont_email_post_to_subs":false,"_jetpack_newsletter_tier_id":0,"_jetpack_memberships_contains_paywalled_content":false,"_jetpack_memberships_contains_paid_content":false,"footnotes":"","jetpack_publicize_message":"","jetpack_publicize_feature_enabled":true,"jetpack_social_post_already_shared":true,"jetpack_social_options":{"image_generator_settings":{"template":"highway","default_image_id":0,"font":"","enabled":false},"version":2}},"categories":[199],"tags":[1253,10377],"class_list":["post-47849","post","type-post","status-publish","format-standard","has-post-thumbnail","hentry","category-bahia","tag-salvador","tag-trabalho-analogo-a-escravidao"],"jetpack_publicize_connections":[],"jetpack_featured_media_url":"https:\/\/blogopara.com.br\/wp-content\/uploads\/2022\/12\/whatsapp-image-2022-12-26-at-15.45.05-1.jpg","uagb_featured_image_src":{"full":["https:\/\/blogopara.com.br\/wp-content\/uploads\/2022\/12\/whatsapp-image-2022-12-26-at-15.45.05-1.jpg",500,431,false],"thumbnail":["https:\/\/blogopara.com.br\/wp-content\/uploads\/2022\/12\/whatsapp-image-2022-12-26-at-15.45.05-1-150x150.jpg",150,150,true],"medium":["https:\/\/blogopara.com.br\/wp-content\/uploads\/2022\/12\/whatsapp-image-2022-12-26-at-15.45.05-1-300x259.jpg",300,259,true],"medium_large":["https:\/\/blogopara.com.br\/wp-content\/uploads\/2022\/12\/whatsapp-image-2022-12-26-at-15.45.05-1.jpg",500,431,false],"large":["https:\/\/blogopara.com.br\/wp-content\/uploads\/2022\/12\/whatsapp-image-2022-12-26-at-15.45.05-1.jpg",500,431,false],"1536x1536":["https:\/\/blogopara.com.br\/wp-content\/uploads\/2022\/12\/whatsapp-image-2022-12-26-at-15.45.05-1.jpg",500,431,false],"2048x2048":["https:\/\/blogopara.com.br\/wp-content\/uploads\/2022\/12\/whatsapp-image-2022-12-26-at-15.45.05-1.jpg",500,431,false],"mantranews-slider-large":["https:\/\/blogopara.com.br\/wp-content\/uploads\/2022\/12\/whatsapp-image-2022-12-26-at-15.45.05-1.jpg",500,431,false],"mantranews-featured-medium":["https:\/\/blogopara.com.br\/wp-content\/uploads\/2022\/12\/whatsapp-image-2022-12-26-at-15.45.05-1-420x307.jpg",420,307,true],"mantranews-featured-long":["https:\/\/blogopara.com.br\/wp-content\/uploads\/2022\/12\/whatsapp-image-2022-12-26-at-15.45.05-1-300x431.jpg",300,431,true],"mantranews-block-medium":["https:\/\/blogopara.com.br\/wp-content\/uploads\/2022\/12\/whatsapp-image-2022-12-26-at-15.45.05-1-464x290.jpg",464,290,true],"mantranews-carousel-image":["https:\/\/blogopara.com.br\/wp-content\/uploads\/2022\/12\/whatsapp-image-2022-12-26-at-15.45.05-1.jpg",500,431,false],"mantranews-block-thumb":["https:\/\/blogopara.com.br\/wp-content\/uploads\/2022\/12\/whatsapp-image-2022-12-26-at-15.45.05-1-322x230.jpg",322,230,true],"mantranews-single-large":["https:\/\/blogopara.com.br\/wp-content\/uploads\/2022\/12\/whatsapp-image-2022-12-26-at-15.45.05-1.jpg",500,431,false]},"uagb_author_info":{"display_name":"Reda\u00e7\u00e3o geral","author_link":"https:\/\/blogopara.com.br\/index.php\/author\/blogopara"},"uagb_comment_info":0,"uagb_excerpt":"&#8220;Era uma vida triste para mim&#8221;, afirmou Madalena Santiago, de 62 anos, dom\u00e9stica resgatada de trabalho an\u00e1logo \u00e0 escravid\u00e3o por auditores-fiscais do trabalho do Minist\u00e9rio do Trabalho e Previd\u00eancia (MTP), ao relembrar da \u00e9poca em que trabalhava para uma fam\u00edlia em Lauro de Freitas, na Regi\u00e3o Metropolitana de Salvador. A dom\u00e9stica viveu mais de 50&hellip;","jetpack_sharing_enabled":true,"jetpack_likes_enabled":true,"_links":{"self":[{"href":"https:\/\/blogopara.com.br\/index.php\/wp-json\/wp\/v2\/posts\/47849","targetHints":{"allow":["GET"]}}],"collection":[{"href":"https:\/\/blogopara.com.br\/index.php\/wp-json\/wp\/v2\/posts"}],"about":[{"href":"https:\/\/blogopara.com.br\/index.php\/wp-json\/wp\/v2\/types\/post"}],"author":[{"embeddable":true,"href":"https:\/\/blogopara.com.br\/index.php\/wp-json\/wp\/v2\/users\/1"}],"replies":[{"embeddable":true,"href":"https:\/\/blogopara.com.br\/index.php\/wp-json\/wp\/v2\/comments?post=47849"}],"version-history":[{"count":1,"href":"https:\/\/blogopara.com.br\/index.php\/wp-json\/wp\/v2\/posts\/47849\/revisions"}],"predecessor-version":[{"id":47852,"href":"https:\/\/blogopara.com.br\/index.php\/wp-json\/wp\/v2\/posts\/47849\/revisions\/47852"}],"wp:featuredmedia":[{"embeddable":true,"href":"https:\/\/blogopara.com.br\/index.php\/wp-json\/wp\/v2\/media\/47851"}],"wp:attachment":[{"href":"https:\/\/blogopara.com.br\/index.php\/wp-json\/wp\/v2\/media?parent=47849"}],"wp:term":[{"taxonomy":"category","embeddable":true,"href":"https:\/\/blogopara.com.br\/index.php\/wp-json\/wp\/v2\/categories?post=47849"},{"taxonomy":"post_tag","embeddable":true,"href":"https:\/\/blogopara.com.br\/index.php\/wp-json\/wp\/v2\/tags?post=47849"}],"curies":[{"name":"wp","href":"https:\/\/api.w.org\/{rel}","templated":true}]}}