{"id":4785,"date":"2019-11-15T13:59:37","date_gmt":"2019-11-15T15:59:37","guid":{"rendered":"http:\/\/blogopara.com.br\/?p=4785"},"modified":"2019-11-15T14:04:58","modified_gmt":"2019-11-15T16:04:58","slug":"mp-acaba-com-necessidade-de-registro-para-jornalista-e-publicitario","status":"publish","type":"post","link":"https:\/\/blogopara.com.br\/index.php\/2019\/11\/15\/mp-acaba-com-necessidade-de-registro-para-jornalista-e-publicitario","title":{"rendered":"MP acaba com necessidade de registro para jornalista e publicit\u00e1rio"},"content":{"rendered":"<p style=\"text-align: justify;\">A medida provis\u00f3ria editada pelo presidente&nbsp;<strong>Jair Bolsonaro<\/strong>&nbsp;para regulamentar o modelo de trabalho&nbsp;<strong>Verde e Amarelo<\/strong>, criado para incentivar o ingresso&nbsp;de jovens de 18 a 29 anos no mercado de trabalho, extingue a necessidade de registro profissional para todas as profiss\u00f5es, exceto as que possuem conselhos.<\/p>\n<p style=\"text-align: justify;\">Entre as&nbsp;<strong>atividades atingidas<\/strong>&nbsp;est\u00e3o a de jornalista, radialista, artista, publicit\u00e1rio, soci\u00f3logo, entre outras. A MP, que entra em vigor na data da publica\u00e7\u00e3o, precisa ser aprovada pelo Congresso Nacional em at\u00e9 120 dias para n\u00e3o perder a validade. Na pr\u00e1tica, quem quiser exercer essas profiss\u00f5es, n\u00e3o precisar\u00e1 mais solicitar registro profissional na Delegacia Regional do Trabalho.<\/p>\n<p style=\"text-align: justify;\">A mudan\u00e7a dificulta a&nbsp;<strong>fiscaliza\u00e7\u00e3o<\/strong>&nbsp;do exerc\u00edcio regular dessas atividades e pode abrir o mercado para pessoas n\u00e3o qualificadas.<\/p>\n<p style=\"text-align: justify;\"><strong>MINI REFORMA TRABALHISTA&nbsp;<\/strong><\/p>\n<p style=\"text-align: justify;\">A MP funciona como uma esp\u00e9cie de extens\u00e3o da&nbsp;<strong>reforma trabalhista<\/strong>. O maior impacto \u00e9 sobre trabalhadores da ind\u00fastria, que podem, a partir da publica\u00e7\u00e3o da MP, trabalhar por at\u00e9 seis domingos seguidos, com folga em outro dia da semana.<\/p>\n<p style=\"text-align: justify;\">Na hip\u00f3tese da concess\u00e3o de folga na segunda, por exemplo, em raz\u00e3o de trabalho aos domingos, a empresa n\u00e3o precisar\u00e1 pagar hora extra pelo dia trabalhado no fim de semana.<\/p>\n<p style=\"text-align: justify;\">&#8220;Fica autorizado o trabalho aos domingos e aos feriados. O repouso semanal remunerado dever\u00e1 coincidir com o domingo, no m\u00ednimo, uma vez no per\u00edodo m\u00e1ximo de quatro semanas para os setores de com\u00e9rcio e servi\u00e7os e, no m\u00ednimo, uma vez no per\u00edodo m\u00e1ximo de sete semanas para o setor industrial&#8221;, determine um dos trechos da medida.<\/p>\n<pre>Fonte: Correio Brasiliense<\/pre>\n<p style=\"text-align: justify;\">\n","protected":false},"excerpt":{"rendered":"<p>Todas as profiss\u00f5es que n\u00e3o tem conselhos profissionais s\u00e3o afetadas pelo ato do governo.<\/p>\n","protected":false},"author":1,"featured_media":4788,"comment_status":"open","ping_status":"open","sticky":false,"template":"","format":"standard","meta":{"_uag_custom_page_level_css":"","_monsterinsights_skip_tracking":false,"_monsterinsights_sitenote_active":false,"_monsterinsights_sitenote_note":"","_monsterinsights_sitenote_category":0,"jetpack_post_was_ever_published":false,"_jetpack_newsletter_access":"","_jetpack_dont_email_post_to_subs":false,"_jetpack_newsletter_tier_id":0,"_jetpack_memberships_contains_paywalled_content":false,"_jetpack_memberships_contains_paid_content":false,"footnotes":"","jetpack_publicize_message":"","jetpack_publicize_feature_enabled":true,"jetpack_social_post_already_shared":true,"jetpack_social_options":{"image_generator_settings":{"template":"highway","default_image_id":0,"font":"","enabled":false},"version":2}},"categories":[200],"tags":[1199,285,235,1200],"class_list":["post-4785","post","type-post","status-publish","format-standard","has-post-thumbnail","hentry","category-brasil","tag-exercicio","tag-jornalismo","tag-jornalista","tag-profissao"],"jetpack_publicize_connections":[],"jetpack_featured_media_url":"https:\/\/blogopara.com.br\/wp-content\/uploads\/2019\/11\/bolsonaro-fenaj-medida-provis\u00f3ria-mp-sobre-jornalismo-990x556.jpg","uagb_featured_image_src":{"full":["https:\/\/blogopara.com.br\/wp-content\/uploads\/2019\/11\/bolsonaro-fenaj-medida-provis\u00f3ria-mp-sobre-jornalismo-990x556.jpg",990,556,false],"thumbnail":["https:\/\/blogopara.com.br\/wp-content\/uploads\/2019\/11\/bolsonaro-fenaj-medida-provis\u00f3ria-mp-sobre-jornalismo-990x556-150x150.jpg",150,150,true],"medium":["https:\/\/blogopara.com.br\/wp-content\/uploads\/2019\/11\/bolsonaro-fenaj-medida-provis\u00f3ria-mp-sobre-jornalismo-990x556-300x168.jpg",300,168,true],"medium_large":["https:\/\/blogopara.com.br\/wp-content\/uploads\/2019\/11\/bolsonaro-fenaj-medida-provis\u00f3ria-mp-sobre-jornalismo-990x556-768x431.jpg",640,359,true],"large":["https:\/\/blogopara.com.br\/wp-content\/uploads\/2019\/11\/bolsonaro-fenaj-medida-provis\u00f3ria-mp-sobre-jornalismo-990x556.jpg",640,359,false],"1536x1536":["https:\/\/blogopara.com.br\/wp-content\/uploads\/2019\/11\/bolsonaro-fenaj-medida-provis\u00f3ria-mp-sobre-jornalismo-990x556.jpg",990,556,false],"2048x2048":["https:\/\/blogopara.com.br\/wp-content\/uploads\/2019\/11\/bolsonaro-fenaj-medida-provis\u00f3ria-mp-sobre-jornalismo-990x556.jpg",990,556,false],"mantranews-slider-large":["https:\/\/blogopara.com.br\/wp-content\/uploads\/2019\/11\/bolsonaro-fenaj-medida-provis\u00f3ria-mp-sobre-jornalismo-990x556.jpg",990,556,false],"mantranews-featured-medium":["https:\/\/blogopara.com.br\/wp-content\/uploads\/2019\/11\/bolsonaro-fenaj-medida-provis\u00f3ria-mp-sobre-jornalismo-990x556.jpg",420,236,false],"mantranews-featured-long":["https:\/\/blogopara.com.br\/wp-content\/uploads\/2019\/11\/bolsonaro-fenaj-medida-provis\u00f3ria-mp-sobre-jornalismo-990x556.jpg",300,168,false],"mantranews-block-medium":["https:\/\/blogopara.com.br\/wp-content\/uploads\/2019\/11\/bolsonaro-fenaj-medida-provis\u00f3ria-mp-sobre-jornalismo-990x556.jpg",464,261,false],"mantranews-carousel-image":["https:\/\/blogopara.com.br\/wp-content\/uploads\/2019\/11\/bolsonaro-fenaj-medida-provis\u00f3ria-mp-sobre-jornalismo-990x556.jpg",600,337,false],"mantranews-block-thumb":["https:\/\/blogopara.com.br\/wp-content\/uploads\/2019\/11\/bolsonaro-fenaj-medida-provis\u00f3ria-mp-sobre-jornalismo-990x556.jpg",322,181,false],"mantranews-single-large":["https:\/\/blogopara.com.br\/wp-content\/uploads\/2019\/11\/bolsonaro-fenaj-medida-provis\u00f3ria-mp-sobre-jornalismo-990x556.jpg",990,556,false]},"uagb_author_info":{"display_name":"Reda\u00e7\u00e3o geral","author_link":"https:\/\/blogopara.com.br\/index.php\/author\/blogopara"},"uagb_comment_info":0,"uagb_excerpt":"Todas as profiss\u00f5es que n\u00e3o tem conselhos profissionais s\u00e3o afetadas pelo ato do governo.","jetpack_sharing_enabled":true,"jetpack_likes_enabled":true,"_links":{"self":[{"href":"https:\/\/blogopara.com.br\/index.php\/wp-json\/wp\/v2\/posts\/4785","targetHints":{"allow":["GET"]}}],"collection":[{"href":"https:\/\/blogopara.com.br\/index.php\/wp-json\/wp\/v2\/posts"}],"about":[{"href":"https:\/\/blogopara.com.br\/index.php\/wp-json\/wp\/v2\/types\/post"}],"author":[{"embeddable":true,"href":"https:\/\/blogopara.com.br\/index.php\/wp-json\/wp\/v2\/users\/1"}],"replies":[{"embeddable":true,"href":"https:\/\/blogopara.com.br\/index.php\/wp-json\/wp\/v2\/comments?post=4785"}],"version-history":[{"count":2,"href":"https:\/\/blogopara.com.br\/index.php\/wp-json\/wp\/v2\/posts\/4785\/revisions"}],"predecessor-version":[{"id":4789,"href":"https:\/\/blogopara.com.br\/index.php\/wp-json\/wp\/v2\/posts\/4785\/revisions\/4789"}],"wp:featuredmedia":[{"embeddable":true,"href":"https:\/\/blogopara.com.br\/index.php\/wp-json\/wp\/v2\/media\/4788"}],"wp:attachment":[{"href":"https:\/\/blogopara.com.br\/index.php\/wp-json\/wp\/v2\/media?parent=4785"}],"wp:term":[{"taxonomy":"category","embeddable":true,"href":"https:\/\/blogopara.com.br\/index.php\/wp-json\/wp\/v2\/categories?post=4785"},{"taxonomy":"post_tag","embeddable":true,"href":"https:\/\/blogopara.com.br\/index.php\/wp-json\/wp\/v2\/tags?post=4785"}],"curies":[{"name":"wp","href":"https:\/\/api.w.org\/{rel}","templated":true}]}}