{"id":47894,"date":"2022-12-29T14:13:35","date_gmt":"2022-12-29T17:13:35","guid":{"rendered":"https:\/\/blogopara.com.br\/?p=47894"},"modified":"2022-12-29T14:14:41","modified_gmt":"2022-12-29T17:14:41","slug":"associacao-comercial-da-bahia-ressalta-ao-governador-eleito-jeronimo-rodrigues-a-importancia-do-dialogo-com-entidade","status":"publish","type":"post","link":"https:\/\/blogopara.com.br\/index.php\/2022\/12\/29\/associacao-comercial-da-bahia-ressalta-ao-governador-eleito-jeronimo-rodrigues-a-importancia-do-dialogo-com-entidade","title":{"rendered":"Associa\u00e7\u00e3o Comercial da Bahia ressalta ao governador eleito, Jer\u00f4nimo Rodrigues, a import\u00e2ncia do di\u00e1logo com entidade"},"content":{"rendered":"<p style=\"text-align: justify;\">A mais antiga associa\u00e7\u00e3o comercial da Bahia, enviou uma carta ao governador eleito, Jer\u00f4nimo Rodrigues, preocupada com os destinos do pr\u00f3ximo governo, principalmente com a \u00faltima decis\u00e3o da equipe de transi\u00e7\u00e3o do governo Lula, que pediu ao governo Bolsonaro para desistir de prorrogar o corte dos impostos federais sobre combust\u00edveis. A desonera\u00e7\u00e3o, que ajudou a conter o pre\u00e7o da gasolina na segunda metade de 2022, tem prazo para acabar: 31 de dezembro.<\/p>\n<p style=\"text-align: justify;\">Prezado senhor,<\/p>\n<p style=\"text-align: justify;\">A Associa\u00e7\u00e3o Comercial da Bahia, a mais antiga entidade associativista das classes empresariais do Brasil e das Am\u00e9ricas, o F\u00f3rum Empresarial da Bahia, o Conselho Consultivo de Entidades Empresariais (Consempre), que representa mais de 30 entidades do estado, e a Federa\u00e7\u00e3o das Associa\u00e7\u00f5es Comerciais e Empresariais do Estado da Bahia (Faceb) atuam conjuntamente para o desenvolvimento econ\u00f4mico e social, congregando empres\u00e1rios e profissionais liberais dos mais diversos setores produtivos.<\/p>\n<p style=\"text-align: justify;\">Em nosso hist\u00f3rico de atua\u00e7\u00e3o, reunimos muitos exemplos que demonstram que valorizar o empresariado local, ouvir suas propostas, opini\u00f5es e ideias \u00e9 um bom caminho para o crescimento da Bahia, com gera\u00e7\u00e3o de empregos, renda e bem-estar social para os baianos.<\/p>\n<p style=\"text-align: justify;\">Com o in\u00edcio de uma nova gest\u00e3o no governo estadual, consideramos importante convidarmos vossa excel\u00eancia para um importante di\u00e1logo entre os setores p\u00fablico e privado, visando o fortalecimento da economia, inclusive com atra\u00e7\u00e3o de novos investimentos. Acreditamos que iniciativas que possam afetar a din\u00e2mica empresarial devam ser prescindidas de debates entre governo e sociedade civil organizada, com o objetivo de minimizar os impactos e ampliar os resultados positivos gerados pelas mesmas.<\/p>\n<p style=\"text-align: justify;\">Ressaltamos que compreendemos a preocupa\u00e7\u00e3o dos governos com o equil\u00edbrio fiscal, mas destacamos que tamb\u00e9m se faz necess\u00e1rio que haja rigor no controle dos gastos p\u00fablicos. No momento em que o Brasil e boa parte do mundo sofrem com a retra\u00e7\u00e3o na economia, o aumento de al\u00edquotas de impostos pode se transformar em um verdadeiro tiro no p\u00e9, trazendo o risco de inibir a atividade econ\u00f4mica e redu\u00e7\u00e3o da arrecada\u00e7\u00e3o p\u00fablica.<\/p>\n<p style=\"text-align: justify;\">\u00c9 preciso considerar ainda o an\u00fancio feito esta semana pelo futuro ministro da Fazenda, Fernando Haddad, sobre a n\u00e3o prorroga\u00e7\u00e3o da desonera\u00e7\u00e3o de impostos federais sobre os combust\u00edveis, a partir de 1\u00ba de janeiro. A medida refor\u00e7a a necessidade de di\u00e1logo e julgamos prudente aguardar o momento adequado para uma an\u00e1lise do cen\u00e1rio ap\u00f3s a posse dos governos eleitos, para que as decis\u00f5es possam ser tomadas com mais cautela e assertividade.<\/p>\n<p style=\"text-align: justify;\">Queremos fazer juntos um governo participativo. Nossa inten\u00e7\u00e3o \u00e9 ampliar o di\u00e1logo entre governo estadual e entidades empresariais, externar o nosso posicionamento e capacidade de contribui\u00e7\u00e3o e, dessa forma, construirmos coletivamente as melhores solu\u00e7\u00f5es.<\/p>\n<p style=\"text-align: justify;\">Diante do exposto, solicitamos que nos seja indicada uma data oportuna para que possamos nos reunir e celebrar o fortalecimento deste di\u00e1logo propositivo e produtivo.<\/p>\n<p style=\"text-align: justify;\">Subscrevem,<br \/>\n1. ACB \u2013 Associa\u00e7\u00e3o Comercial da Bahia<br \/>\n2. F\u00f3rum Empresarial da Bahia<br \/>\n3. CONSEMPRE &#8211; Conselho Consultivo de Entidades Empresariais do Estado da Bahia<br \/>\n4. ABAP &#8211; Associa\u00e7\u00e3o Brasileira de Ag\u00eancias de Publicidade &#8211; Bahia;<br \/>\n5. ABAV-BA \u2013 Associa\u00e7\u00e3o Brasileira de Ag\u00eancias de Viagens da Bahia;<br \/>\n6. ABEOC &#8211; Associa\u00e7\u00e3o Brasileira de Empresas de Eventos \u2013 Regional Bahia;<br \/>\n7. ABIH &#8211; Associa\u00e7\u00e3o Brasileira da Ind\u00fastria de Hot\u00e9is. &#8211; Se\u00e7\u00e3o Bahia;<br \/>\n8. ABMP &#8211; Associa\u00e7\u00e3o Baiana de Mercado Publicit\u00e1rio;<br \/>\n9. ABRASEL &#8211; Associa\u00e7\u00e3o Brasileira de Bares e Restaurantes;<br \/>\n10. ACB &#8211; Associa\u00e7\u00e3o Comercial da Bahia;<br \/>\n11. ACENC &#8211; Associa\u00e7\u00e3o Comercial e Empresarial de Casa Nova;<br \/>\n12. ACHE &#8211; Associa\u00e7\u00e3o do Centro Hist\u00f3rico Empreendedor Salvador;<br \/>\n13. ACIJ \u2013 Associa\u00e7\u00e3o Comercial e Industrial de Jequi\u00e9;<br \/>\n14. ACIJA \u2013 Associa\u00e7\u00e3o Comercial e Industrial de Jacobina;<br \/>\n15. AHSEB &#8211; Associa\u00e7\u00e3o dos Hospitais e Servi\u00e7os de Sa\u00fade do Estado da Bahia;<br \/>\n16. AINVIC &#8211; Associa\u00e7\u00e3o das Ind\u00fastrias de Vit\u00f3ria da Conquista;<br \/>\n17. ALSCIB \u2013 Associa\u00e7\u00e3o dos Lojistas do Shopping da Bahia;<br \/>\n18. ASSOCAF\u00c9 &#8211; Associa\u00e7\u00e3o dos Produtores de Caf\u00e9 da Bahia;<br \/>\n19. CBTUR \u2013 Conselho Baiano de Turismo;<br \/>\n20. FACEB \u2013 Federa\u00e7\u00e3o das Associa\u00e7\u00f5es Comerciais do Estado da Bahia;<br \/>\n21. FETUR &#8211; Federa\u00e7\u00e3o de Hospitalidade e Turismo;<br \/>\n22. FEMICRO \u2013 Federa\u00e7\u00e3o das Associa\u00e7\u00f5es das Microempresas e Empresas de Pequeno<br \/>\nPorte e Empreendedores Individuais do Estado da Bahia;<br \/>\n23. IMIC &#8211; Instituto Miguel Calmon Estudos Sociais e Econ\u00f4micos;<br \/>\n24. Salvador Convention &amp; Visitours Bureau;<br \/>\n25. SESCAP BA &#8211; Sindicato das Empresas de Servi\u00e7os Cont\u00e1beis e das Empresas de<br \/>\nAssessoramento, Per\u00edcias, Informa\u00e7\u00f5es e Pesquisas no Estado da Bahia;<br \/>\n26. SINAPROCIM &#8211; Sindicato Nacional da Ind\u00fastria de Produtos de Cimento;<br \/>\n27. SINDCOSMETIC &#8211; Sindicato das Ind\u00fastrias de Cosm\u00e9ticos e Perfumaria do Estado da Bahia<br \/>\n28. SINDICOMBUST\u00cdVEIS &#8211; Sindicato do Com\u00e9rcio de Combust\u00edveis, Energias Alternativas e<br \/>\nLojas de Conveni\u00eancias do Estado da Bahia;<br \/>\n29. SINDERC &#8211; Sindicato das Empresas de Refei\u00e7\u00f5es do Estado da Bahia;<br \/>\n30. SINDILOJAS &#8211; Sindicato dos Lojistas do Com\u00e9rcio do Estado da Bahia;<br \/>\n31. SINDIPAN &#8211; Sindicato da Ind\u00fastria de Panifica\u00e7\u00e3o e Confeitaria da Cidade do Salvador;<br \/>\n32. SINDIREPA \u2013 Sindicato da Ind\u00fastria da Repara\u00e7\u00e3o de Ve\u00edculos e Acess\u00f3rios do Estado da<br \/>\nBahia.<\/p>\n<p style=\"text-align: justify;\">Confira a nota:<\/p>\n<p style=\"text-align: justify;\"><a href=\"https:\/\/blogopara.com.br\/wp-content\/uploads\/2022\/12\/Governador-Jeronimo-Rodrigues-Convite-dialogo-entre-setores-publico-e-privado.pdf\">Governador Jeronimo Rodrigues &#8211; Convite dialogo entre setores p\u00fablico e privado<\/a><!--more--><\/p>\n<p style=\"text-align: justify;\">\n","protected":false},"excerpt":{"rendered":"<p>A mais antiga associa\u00e7\u00e3o comercial da Bahia, enviou uma carta ao governador eleito, Jer\u00f4nimo Rodrigues, preocupada com os destinos do pr\u00f3ximo governo, principalmente com a \u00faltima decis\u00e3o da equipe de transi\u00e7\u00e3o do governo Lula, que pediu ao governo Bolsonaro para desistir de prorrogar o corte dos impostos federais sobre combust\u00edveis. A desonera\u00e7\u00e3o, que ajudou a [&hellip;]<\/p>\n","protected":false},"author":1,"featured_media":45401,"comment_status":"closed","ping_status":"open","sticky":false,"template":"","format":"standard","meta":{"_uag_custom_page_level_css":"","_monsterinsights_skip_tracking":false,"_monsterinsights_sitenote_active":false,"_monsterinsights_sitenote_note":"","_monsterinsights_sitenote_category":0,"jetpack_post_was_ever_published":false,"_jetpack_newsletter_access":"","_jetpack_dont_email_post_to_subs":false,"_jetpack_newsletter_tier_id":0,"_jetpack_memberships_contains_paywalled_content":false,"_jetpack_memberships_contains_paid_content":false,"footnotes":"","jetpack_publicize_message":"","jetpack_publicize_feature_enabled":true,"jetpack_social_post_already_shared":true,"jetpack_social_options":{"image_generator_settings":{"template":"highway","default_image_id":0,"font":"","enabled":false},"version":2}},"categories":[199,206],"tags":[],"class_list":["post-47894","post","type-post","status-publish","format-standard","has-post-thumbnail","hentry","category-bahia","category-economia"],"jetpack_publicize_connections":[],"jetpack_featured_media_url":"https:\/\/blogopara.com.br\/wp-content\/uploads\/2022\/11\/jeronimo-rodrigues-bahia-30102022153817901.jpeg","uagb_featured_image_src":{"full":["https:\/\/blogopara.com.br\/wp-content\/uploads\/2022\/11\/jeronimo-rodrigues-bahia-30102022153817901.jpeg",500,272,false],"thumbnail":["https:\/\/blogopara.com.br\/wp-content\/uploads\/2022\/11\/jeronimo-rodrigues-bahia-30102022153817901-150x150.jpeg",150,150,true],"medium":["https:\/\/blogopara.com.br\/wp-content\/uploads\/2022\/11\/jeronimo-rodrigues-bahia-30102022153817901-300x163.jpeg",300,163,true],"medium_large":["https:\/\/blogopara.com.br\/wp-content\/uploads\/2022\/11\/jeronimo-rodrigues-bahia-30102022153817901.jpeg",500,272,false],"large":["https:\/\/blogopara.com.br\/wp-content\/uploads\/2022\/11\/jeronimo-rodrigues-bahia-30102022153817901.jpeg",500,272,false],"1536x1536":["https:\/\/blogopara.com.br\/wp-content\/uploads\/2022\/11\/jeronimo-rodrigues-bahia-30102022153817901.jpeg",500,272,false],"2048x2048":["https:\/\/blogopara.com.br\/wp-content\/uploads\/2022\/11\/jeronimo-rodrigues-bahia-30102022153817901.jpeg",500,272,false],"mantranews-slider-large":["https:\/\/blogopara.com.br\/wp-content\/uploads\/2022\/11\/jeronimo-rodrigues-bahia-30102022153817901.jpeg",500,272,false],"mantranews-featured-medium":["https:\/\/blogopara.com.br\/wp-content\/uploads\/2022\/11\/jeronimo-rodrigues-bahia-30102022153817901-420x272.jpeg",420,272,true],"mantranews-featured-long":["https:\/\/blogopara.com.br\/wp-content\/uploads\/2022\/11\/jeronimo-rodrigues-bahia-30102022153817901-300x272.jpeg",300,272,true],"mantranews-block-medium":["https:\/\/blogopara.com.br\/wp-content\/uploads\/2022\/11\/jeronimo-rodrigues-bahia-30102022153817901-464x272.jpeg",464,272,true],"mantranews-carousel-image":["https:\/\/blogopara.com.br\/wp-content\/uploads\/2022\/11\/jeronimo-rodrigues-bahia-30102022153817901.jpeg",500,272,false],"mantranews-block-thumb":["https:\/\/blogopara.com.br\/wp-content\/uploads\/2022\/11\/jeronimo-rodrigues-bahia-30102022153817901-322x230.jpeg",322,230,true],"mantranews-single-large":["https:\/\/blogopara.com.br\/wp-content\/uploads\/2022\/11\/jeronimo-rodrigues-bahia-30102022153817901.jpeg",500,272,false]},"uagb_author_info":{"display_name":"Reda\u00e7\u00e3o geral","author_link":"https:\/\/blogopara.com.br\/index.php\/author\/blogopara"},"uagb_comment_info":0,"uagb_excerpt":"A mais antiga associa\u00e7\u00e3o comercial da Bahia, enviou uma carta ao governador eleito, Jer\u00f4nimo Rodrigues, preocupada com os destinos do pr\u00f3ximo governo, principalmente com a \u00faltima decis\u00e3o da equipe de transi\u00e7\u00e3o do governo Lula, que pediu ao governo Bolsonaro para desistir de prorrogar o corte dos impostos federais sobre combust\u00edveis. A desonera\u00e7\u00e3o, que ajudou a&hellip;","jetpack_sharing_enabled":true,"jetpack_likes_enabled":true,"_links":{"self":[{"href":"https:\/\/blogopara.com.br\/index.php\/wp-json\/wp\/v2\/posts\/47894","targetHints":{"allow":["GET"]}}],"collection":[{"href":"https:\/\/blogopara.com.br\/index.php\/wp-json\/wp\/v2\/posts"}],"about":[{"href":"https:\/\/blogopara.com.br\/index.php\/wp-json\/wp\/v2\/types\/post"}],"author":[{"embeddable":true,"href":"https:\/\/blogopara.com.br\/index.php\/wp-json\/wp\/v2\/users\/1"}],"replies":[{"embeddable":true,"href":"https:\/\/blogopara.com.br\/index.php\/wp-json\/wp\/v2\/comments?post=47894"}],"version-history":[{"count":2,"href":"https:\/\/blogopara.com.br\/index.php\/wp-json\/wp\/v2\/posts\/47894\/revisions"}],"predecessor-version":[{"id":47897,"href":"https:\/\/blogopara.com.br\/index.php\/wp-json\/wp\/v2\/posts\/47894\/revisions\/47897"}],"wp:featuredmedia":[{"embeddable":true,"href":"https:\/\/blogopara.com.br\/index.php\/wp-json\/wp\/v2\/media\/45401"}],"wp:attachment":[{"href":"https:\/\/blogopara.com.br\/index.php\/wp-json\/wp\/v2\/media?parent=47894"}],"wp:term":[{"taxonomy":"category","embeddable":true,"href":"https:\/\/blogopara.com.br\/index.php\/wp-json\/wp\/v2\/categories?post=47894"},{"taxonomy":"post_tag","embeddable":true,"href":"https:\/\/blogopara.com.br\/index.php\/wp-json\/wp\/v2\/tags?post=47894"}],"curies":[{"name":"wp","href":"https:\/\/api.w.org\/{rel}","templated":true}]}}