{"id":4790,"date":"2019-11-15T15:11:43","date_gmt":"2019-11-15T17:11:43","guid":{"rendered":"http:\/\/blogopara.com.br\/?p=4790"},"modified":"2019-11-19T19:37:57","modified_gmt":"2019-11-19T22:37:57","slug":"juazeiro-vereador-chama-prefeito-de-caloteiro","status":"publish","type":"post","link":"https:\/\/blogopara.com.br\/index.php\/2019\/11\/15\/juazeiro-vereador-chama-prefeito-de-caloteiro","title":{"rendered":"JUAZEIRO: VEREADOR CHAMA PREFEITO DE CALOTEIRO"},"content":{"rendered":"<p style=\"text-align: justify;\">Na sess\u00e3o da \u00faltima ter\u00e7a-feira (12) da C\u00e2mara de Vereadores de Juazeiro, o vereador Anibal (PTC) subiu a tribunal para reivindicar aten\u00e7\u00e3o do prefeito no cumprimento dos acordos e na resolu\u00e7\u00e3o das demandas das comunidades.<\/p>\n<p style=\"text-align: justify;\">Nas palavras do vereador, foi fechado um acordo com o prefeito Paulo Bomfim (PCdoB) e o mesmo se comprometeu em pavimentar as ruas dos bairros Monte Castelo e Alto do Cruzeiro, assim como a construir uma ponte para ligar os dois bairros.<\/p>\n<h4 style=\"text-align: justify;\"><span style=\"color: #ff0000;\">\u201cQuando eu vim para o governo, o prefeito me prometeu que faria. Foi feito um acordo com o prefeito, a pavimenta\u00e7\u00e3o das ruas e bairros adjacentes, at\u00e9 o presente momento s\u00f3 temos as promessas\u201d<\/span><\/h4>\n<p style=\"text-align: justify;\">No final, o vereador amea\u00e7a rachar com a base caso n\u00e3o seja cumprido o acordo, pois segundo mesmo, n\u00e3o est\u00e1 conseguindo sair \u00e0s ruas, porque foi dada esperan\u00e7a ao povo que as obras seriam feitas. \u201cSe prometeu? Vamos cumprir. Caso n\u00e3o seja poss\u00edvel, vamos para a oposi\u00e7\u00e3o\u201d<\/p>\n<p>Confira o v\u00eddeo:<\/p>\n<div style=\"width: 432px;\" class=\"wp-video\"><!--[if lt IE 9]><script>document.createElement('video');<\/script><![endif]-->\n<video class=\"wp-video-shortcode\" id=\"video-4790-1\" width=\"432\" height=\"240\" preload=\"metadata\" controls=\"controls\"><source type=\"video\/mp4\" src=\"https:\/\/blogopara.com.br\/wp-content\/uploads\/2019\/11\/anibal.mp4?_=1\" \/><a href=\"https:\/\/blogopara.com.br\/wp-content\/uploads\/2019\/11\/anibal.mp4\">https:\/\/blogopara.com.br\/wp-content\/uploads\/2019\/11\/anibal.mp4<\/a><\/video><\/div>\n","protected":false},"excerpt":{"rendered":"<p>Nos \u00faltimos dias v\u00e1rios vereadores da base e do partido do prefeito Paulo Bomfim (PCdoB) tem manifestado insatisfa\u00e7\u00e3o com a gest\u00e3o municipal.<\/p>\n","protected":false},"author":1,"featured_media":4792,"comment_status":"open","ping_status":"open","sticky":false,"template":"","format":"standard","meta":{"_uag_custom_page_level_css":"","_monsterinsights_skip_tracking":false,"_monsterinsights_sitenote_active":false,"_monsterinsights_sitenote_note":"","_monsterinsights_sitenote_category":0,"jetpack_post_was_ever_published":false,"_jetpack_newsletter_access":"","_jetpack_dont_email_post_to_subs":false,"_jetpack_newsletter_tier_id":0,"_jetpack_memberships_contains_paywalled_content":false,"_jetpack_memberships_contains_paid_content":false,"footnotes":"","jetpack_publicize_message":"","jetpack_publicize_feature_enabled":true,"jetpack_social_post_already_shared":true,"jetpack_social_options":{"image_generator_settings":{"template":"highway","default_image_id":0,"font":"","enabled":false},"version":2}},"categories":[203],"tags":[1202,15,1201],"class_list":["post-4790","post","type-post","status-publish","format-standard","has-post-thumbnail","hentry","category-juazeiro","tag-acordos","tag-paulo-bomfim","tag-vereador-anibal"],"jetpack_publicize_connections":[],"jetpack_featured_media_url":"https:\/\/blogopara.com.br\/wp-content\/uploads\/2019\/11\/aniba.jpg","uagb_featured_image_src":{"full":["https:\/\/blogopara.com.br\/wp-content\/uploads\/2019\/11\/aniba.jpg",1280,853,false],"thumbnail":["https:\/\/blogopara.com.br\/wp-content\/uploads\/2019\/11\/aniba-150x150.jpg",150,150,true],"medium":["https:\/\/blogopara.com.br\/wp-content\/uploads\/2019\/11\/aniba-300x200.jpg",300,200,true],"medium_large":["https:\/\/blogopara.com.br\/wp-content\/uploads\/2019\/11\/aniba-768x512.jpg",640,427,true],"large":["https:\/\/blogopara.com.br\/wp-content\/uploads\/2019\/11\/aniba-1024x682.jpg",640,426,true],"1536x1536":["https:\/\/blogopara.com.br\/wp-content\/uploads\/2019\/11\/aniba.jpg",1280,853,false],"2048x2048":["https:\/\/blogopara.com.br\/wp-content\/uploads\/2019\/11\/aniba.jpg",1280,853,false],"mantranews-slider-large":["https:\/\/blogopara.com.br\/wp-content\/uploads\/2019\/11\/aniba.jpg",1020,680,false],"mantranews-featured-medium":["https:\/\/blogopara.com.br\/wp-content\/uploads\/2019\/11\/aniba.jpg",420,280,false],"mantranews-featured-long":["https:\/\/blogopara.com.br\/wp-content\/uploads\/2019\/11\/aniba.jpg",300,200,false],"mantranews-block-medium":["https:\/\/blogopara.com.br\/wp-content\/uploads\/2019\/11\/aniba.jpg",435,290,false],"mantranews-carousel-image":["https:\/\/blogopara.com.br\/wp-content\/uploads\/2019\/11\/aniba.jpg",600,400,false],"mantranews-block-thumb":["https:\/\/blogopara.com.br\/wp-content\/uploads\/2019\/11\/aniba.jpg",322,215,false],"mantranews-single-large":["https:\/\/blogopara.com.br\/wp-content\/uploads\/2019\/11\/aniba.jpg",963,642,false]},"uagb_author_info":{"display_name":"Reda\u00e7\u00e3o geral","author_link":"https:\/\/blogopara.com.br\/index.php\/author\/blogopara"},"uagb_comment_info":5,"uagb_excerpt":"Nos \u00faltimos dias v\u00e1rios vereadores da base e do partido do prefeito Paulo Bomfim (PCdoB) tem manifestado insatisfa\u00e7\u00e3o com a gest\u00e3o municipal.","jetpack_sharing_enabled":true,"jetpack_likes_enabled":true,"_links":{"self":[{"href":"https:\/\/blogopara.com.br\/index.php\/wp-json\/wp\/v2\/posts\/4790","targetHints":{"allow":["GET"]}}],"collection":[{"href":"https:\/\/blogopara.com.br\/index.php\/wp-json\/wp\/v2\/posts"}],"about":[{"href":"https:\/\/blogopara.com.br\/index.php\/wp-json\/wp\/v2\/types\/post"}],"author":[{"embeddable":true,"href":"https:\/\/blogopara.com.br\/index.php\/wp-json\/wp\/v2\/users\/1"}],"replies":[{"embeddable":true,"href":"https:\/\/blogopara.com.br\/index.php\/wp-json\/wp\/v2\/comments?post=4790"}],"version-history":[{"count":3,"href":"https:\/\/blogopara.com.br\/index.php\/wp-json\/wp\/v2\/posts\/4790\/revisions"}],"predecessor-version":[{"id":4903,"href":"https:\/\/blogopara.com.br\/index.php\/wp-json\/wp\/v2\/posts\/4790\/revisions\/4903"}],"wp:featuredmedia":[{"embeddable":true,"href":"https:\/\/blogopara.com.br\/index.php\/wp-json\/wp\/v2\/media\/4792"}],"wp:attachment":[{"href":"https:\/\/blogopara.com.br\/index.php\/wp-json\/wp\/v2\/media?parent=4790"}],"wp:term":[{"taxonomy":"category","embeddable":true,"href":"https:\/\/blogopara.com.br\/index.php\/wp-json\/wp\/v2\/categories?post=4790"},{"taxonomy":"post_tag","embeddable":true,"href":"https:\/\/blogopara.com.br\/index.php\/wp-json\/wp\/v2\/tags?post=4790"}],"curies":[{"name":"wp","href":"https:\/\/api.w.org\/{rel}","templated":true}]}}