{"id":47917,"date":"2022-12-30T10:42:00","date_gmt":"2022-12-30T13:42:00","guid":{"rendered":"https:\/\/blogopara.com.br\/?p=47917"},"modified":"2022-12-29T17:52:24","modified_gmt":"2022-12-29T20:52:24","slug":"gdf-proibira-manifestacoes-bolsonaristas-na-esplanada-durante-a-posse","status":"publish","type":"post","link":"https:\/\/blogopara.com.br\/index.php\/2022\/12\/30\/gdf-proibira-manifestacoes-bolsonaristas-na-esplanada-durante-a-posse","title":{"rendered":"GDF proibir\u00e1 manifesta\u00e7\u00f5es bolsonaristas na Esplanada durante a posse"},"content":{"rendered":"<p style=\"text-align: justify;\">Por seguran\u00e7a e para evitar conflitos, o Governo do Distrito Federal (GDF) n\u00e3o vai permitir manifesta\u00e7\u00f5es de cunho politico de oposi\u00e7\u00e3o na cerim\u00f4nia de posse do presidente eleito Luiz In\u00e1cio Lula da Silva (PT), no domingo (1\u00ba\/01).<\/p>\n<p style=\"text-align: justify;\">\u201cN\u00e3o ser\u00e1 admitido manifesta\u00e7\u00e3o de cunho pol\u00edtico contr\u00e1ria no dia da posse na \u00e1rea central de Bras\u00edlia\u201d, disse do secret\u00e1rio de Seguran\u00e7a P\u00fablica do DF, J\u00falio Danilo.<\/p>\n<p style=\"text-align: justify;\">Segundo mapeamento da Pol\u00edcia Rodovi\u00e1ria Federal (PRF), al\u00e9m da vinda de apoiadores do novo presidente, h\u00e1 movimenta\u00e7\u00e3o de caravanas\u00a0bolsonaristas\u00a0em dire\u00e7\u00e3o ao DF para o dia da posse.<\/p>\n<p style=\"text-align: justify;\">\u201cA gente tem c\u00e9lula de intelig\u00eancia que possui membros das diversas ag\u00eancias e n\u00e3o ser\u00e1 permitido manifesta\u00e7\u00e3o pol\u00edtica contr\u00e1ria\u201d, explicou.<\/p>\n<p style=\"text-align: justify;\">Bolsonaristas ter\u00e3o acesso a locais fora do centro de Bras\u00edlia para manifesta\u00e7\u00f5es. \u201cAquelas pessoas que queiram vir e se manifestar, ser\u00e1 destinada \u00e1rea afastada do centro para que n\u00e3o tenhamos nenhum tipo de conflito\u201d, completou.<\/p>\n<p style=\"text-align: justify;\">A PRF ainda n\u00e3o sabe o n\u00famero exato de bolsonaristas em dire\u00e7\u00e3o ao DF, mas com rela\u00e7\u00e3o aos apoiadores de Lula, h\u00e1 estimativa de mil ve\u00edculos transportando aproximadamente 15 mil pessoas.<\/p>\n<p style=\"text-align: justify;\">Fonte: Metr\u00f3poles<\/p>\n","protected":false},"excerpt":{"rendered":"<p>Por seguran\u00e7a e para evitar conflitos, o Governo do Distrito Federal (GDF) n\u00e3o vai permitir manifesta\u00e7\u00f5es de cunho politico de oposi\u00e7\u00e3o na cerim\u00f4nia de posse do presidente eleito Luiz In\u00e1cio Lula da Silva (PT), no domingo (1\u00ba\/01). \u201cN\u00e3o ser\u00e1 admitido manifesta\u00e7\u00e3o de cunho pol\u00edtico contr\u00e1ria no dia da posse na \u00e1rea central de Bras\u00edlia\u201d, disse [&hellip;]<\/p>\n","protected":false},"author":1,"featured_media":45414,"comment_status":"closed","ping_status":"open","sticky":false,"template":"","format":"standard","meta":{"_uag_custom_page_level_css":"","_monsterinsights_skip_tracking":false,"_monsterinsights_sitenote_active":false,"_monsterinsights_sitenote_note":"","_monsterinsights_sitenote_category":0,"jetpack_post_was_ever_published":false,"_jetpack_newsletter_access":"","_jetpack_dont_email_post_to_subs":false,"_jetpack_newsletter_tier_id":0,"_jetpack_memberships_contains_paywalled_content":false,"_jetpack_memberships_contains_paid_content":false,"footnotes":"","jetpack_publicize_message":"","jetpack_publicize_feature_enabled":true,"jetpack_social_post_already_shared":true,"jetpack_social_options":{"image_generator_settings":{"template":"highway","default_image_id":0,"font":"","enabled":false},"version":2}},"categories":[200,197],"tags":[1943,10387,554,10279],"class_list":["post-47917","post","type-post","status-publish","format-standard","has-post-thumbnail","hentry","category-brasil","category-politica","tag-bolsonaristas","tag-gdf","tag-lula","tag-posse-presidencial"],"jetpack_publicize_connections":[],"jetpack_featured_media_url":"https:\/\/blogopara.com.br\/wp-content\/uploads\/2022\/11\/brasilia.jpg","uagb_featured_image_src":{"full":["https:\/\/blogopara.com.br\/wp-content\/uploads\/2022\/11\/brasilia.jpg",500,299,false],"thumbnail":["https:\/\/blogopara.com.br\/wp-content\/uploads\/2022\/11\/brasilia-150x150.jpg",150,150,true],"medium":["https:\/\/blogopara.com.br\/wp-content\/uploads\/2022\/11\/brasilia-300x179.jpg",300,179,true],"medium_large":["https:\/\/blogopara.com.br\/wp-content\/uploads\/2022\/11\/brasilia.jpg",500,299,false],"large":["https:\/\/blogopara.com.br\/wp-content\/uploads\/2022\/11\/brasilia.jpg",500,299,false],"1536x1536":["https:\/\/blogopara.com.br\/wp-content\/uploads\/2022\/11\/brasilia.jpg",500,299,false],"2048x2048":["https:\/\/blogopara.com.br\/wp-content\/uploads\/2022\/11\/brasilia.jpg",500,299,false],"mantranews-slider-large":["https:\/\/blogopara.com.br\/wp-content\/uploads\/2022\/11\/brasilia.jpg",500,299,false],"mantranews-featured-medium":["https:\/\/blogopara.com.br\/wp-content\/uploads\/2022\/11\/brasilia-420x299.jpg",420,299,true],"mantranews-featured-long":["https:\/\/blogopara.com.br\/wp-content\/uploads\/2022\/11\/brasilia-300x299.jpg",300,299,true],"mantranews-block-medium":["https:\/\/blogopara.com.br\/wp-content\/uploads\/2022\/11\/brasilia-464x290.jpg",464,290,true],"mantranews-carousel-image":["https:\/\/blogopara.com.br\/wp-content\/uploads\/2022\/11\/brasilia.jpg",500,299,false],"mantranews-block-thumb":["https:\/\/blogopara.com.br\/wp-content\/uploads\/2022\/11\/brasilia-322x230.jpg",322,230,true],"mantranews-single-large":["https:\/\/blogopara.com.br\/wp-content\/uploads\/2022\/11\/brasilia.jpg",500,299,false]},"uagb_author_info":{"display_name":"Reda\u00e7\u00e3o geral","author_link":"https:\/\/blogopara.com.br\/index.php\/author\/blogopara"},"uagb_comment_info":0,"uagb_excerpt":"Por seguran\u00e7a e para evitar conflitos, o Governo do Distrito Federal (GDF) n\u00e3o vai permitir manifesta\u00e7\u00f5es de cunho politico de oposi\u00e7\u00e3o na cerim\u00f4nia de posse do presidente eleito Luiz In\u00e1cio Lula da Silva (PT), no domingo (1\u00ba\/01). \u201cN\u00e3o ser\u00e1 admitido manifesta\u00e7\u00e3o de cunho pol\u00edtico contr\u00e1ria no dia da posse na \u00e1rea central de Bras\u00edlia\u201d, disse&hellip;","jetpack_sharing_enabled":true,"jetpack_likes_enabled":true,"_links":{"self":[{"href":"https:\/\/blogopara.com.br\/index.php\/wp-json\/wp\/v2\/posts\/47917","targetHints":{"allow":["GET"]}}],"collection":[{"href":"https:\/\/blogopara.com.br\/index.php\/wp-json\/wp\/v2\/posts"}],"about":[{"href":"https:\/\/blogopara.com.br\/index.php\/wp-json\/wp\/v2\/types\/post"}],"author":[{"embeddable":true,"href":"https:\/\/blogopara.com.br\/index.php\/wp-json\/wp\/v2\/users\/1"}],"replies":[{"embeddable":true,"href":"https:\/\/blogopara.com.br\/index.php\/wp-json\/wp\/v2\/comments?post=47917"}],"version-history":[{"count":3,"href":"https:\/\/blogopara.com.br\/index.php\/wp-json\/wp\/v2\/posts\/47917\/revisions"}],"predecessor-version":[{"id":47921,"href":"https:\/\/blogopara.com.br\/index.php\/wp-json\/wp\/v2\/posts\/47917\/revisions\/47921"}],"wp:featuredmedia":[{"embeddable":true,"href":"https:\/\/blogopara.com.br\/index.php\/wp-json\/wp\/v2\/media\/45414"}],"wp:attachment":[{"href":"https:\/\/blogopara.com.br\/index.php\/wp-json\/wp\/v2\/media?parent=47917"}],"wp:term":[{"taxonomy":"category","embeddable":true,"href":"https:\/\/blogopara.com.br\/index.php\/wp-json\/wp\/v2\/categories?post=47917"},{"taxonomy":"post_tag","embeddable":true,"href":"https:\/\/blogopara.com.br\/index.php\/wp-json\/wp\/v2\/tags?post=47917"}],"curies":[{"name":"wp","href":"https:\/\/api.w.org\/{rel}","templated":true}]}}