{"id":47975,"date":"2022-12-31T09:15:00","date_gmt":"2022-12-31T12:15:00","guid":{"rendered":"https:\/\/blogopara.com.br\/?p=47975"},"modified":"2022-12-30T22:20:43","modified_gmt":"2022-12-31T01:20:43","slug":"delegado-diz-que-homicidio-de-mae-e-filha-encontradas-degoladas-em-cama-no-interior-da-ba-foi-premeditado","status":"publish","type":"post","link":"https:\/\/blogopara.com.br\/index.php\/2022\/12\/31\/delegado-diz-que-homicidio-de-mae-e-filha-encontradas-degoladas-em-cama-no-interior-da-ba-foi-premeditado","title":{"rendered":"Delegado diz que homic\u00eddio de m\u00e3e e filha encontradas degoladas em cama no interior da BA foi premeditado"},"content":{"rendered":"<div id=\"chunk-equ6v\">\n<div class=\"mc-column content-text active-extra-styles \" data-block-type=\"unstyled\" data-block-weight=\"46\" data-block-id=\"3\">\n<p class=\"content-text__container \" style=\"text-align: justify;\" data-track-category=\"Link no Texto\" data-track-links=\"\">O delegado Arn\u00f3bio Soares, respons\u00e1vel pelo caso da m\u00e3e e filha que foram\u00a0<a href=\"https:\/\/g1.globo.com\/ba\/bahia\/noticia\/2022\/12\/29\/mulher-e-filha-sao-encontradas-mortas-em-cima-de-cama-na-bahia-ex-companheiro-da-vitima-e-suspeito-de-cometer-crime.ghtml\">encontradas degoladas<\/a>\u00a0dentro da casa onde moravam na cidade de\u00a0<a href=\"https:\/\/g1.globo.com\/ba\/bahia\/cidade\/casa-nova\/\">Casa Nova<\/a>, no norte da Bahia, afirmou nesta quinta-feira (29) que o crime foi premeditado e que tem car\u00e1ter passional. Ningu\u00e9m foi preso.<\/p>\n<\/div>\n<\/div>\n<div class=\"wall protected-content\">\n<div class=\"mc-column content-text active-extra-styles\" style=\"text-align: justify;\" data-block-type=\"raw\" data-block-weight=\"27\" data-block-id=\"4\">\n<p class=\"content-text__container\">\n<blockquote class=\"content-blockquote theme-border-color-primary-before\"><p>\u201cO motivo \u00e9 passional, inclusive premeditado por causa da frieza, do calculo a coloca\u00e7\u00e3o das v\u00edtimas no local que elas foram encontradas&#8221;, informou o delegado Arn\u00f3bio Soares.<\/p><\/blockquote>\n<\/div>\n<div class=\"mc-column content-text active-extra-styles\" style=\"text-align: justify;\" data-block-type=\"raw\" data-block-weight=\"17\" data-block-id=\"5\">\n<p class=\"content-text__container\">\n<ul class=\"content-unordered-list\">\n<li><strong>Mulheres v\u00edtimas de viol\u00eancia:<\/strong>\u00a0<a href=\"https:\/\/g1.globo.com\/ba\/bahia\/noticia\/2022\/07\/12\/mulheres-vitimas-de-violencia-confira-lista-de-servicos-de-apoio-juridico-e-psicologico-gratuitos-oferecidos-na-bahia.ghtml\">veja lista com servi\u00e7os de apoio jur\u00eddico e psicol\u00f3gico gratuitos oferecidos na Bahia<\/a><\/li>\n<\/ul>\n<\/div>\n<div id=\"chunk-au89f\" style=\"text-align: justify;\">\n<div class=\"mc-column content-text active-extra-styles \" data-block-type=\"unstyled\" data-block-weight=\"46\" data-block-id=\"6\">\n<p class=\"content-text__container \" data-track-category=\"Link no Texto\" data-track-links=\"\">Os corpos da mulher da mulher de 25 anos e da crian\u00e7a de sete foram encontrados em cima de uma cama na tarde de quarta-feira (28). Segundo a Pol\u00edcia Civil, o ex-companheiro da mulher, pai da menina, \u00e9 o suspeito do crime e \u00e9 procurado.<\/p>\n<\/div>\n<\/div>\n<div id=\"chunk-lapm\" style=\"text-align: justify;\">\n<div class=\"mc-column content-text active-extra-styles \" data-block-type=\"unstyled\" data-block-weight=\"45\" data-block-id=\"9\">\n<p class=\"content-text__container \" data-track-category=\"Link no Texto\" data-track-links=\"\">O motivo do assassinato de Edineuza Carvalho Rodrigues e da sua filha L\u00edvia Thauane ainda n\u00e3o foi confirmado. Apesar disso, a pol\u00edcia informou que algumas pessoas ouvidas contaram que mulher teria come\u00e7ado um envolvimento com outro homem, o que teria causado raiva no suspeito.<\/p>\n<\/div>\n<\/div>\n<div id=\"chunk-8pd44\" style=\"text-align: justify;\">\n<div class=\"mc-column content-text active-extra-styles \" data-block-type=\"unstyled\" data-block-weight=\"42\" data-block-id=\"10\">\n<p class=\"content-text__container \" data-track-category=\"Link no Texto\" data-track-links=\"\">Nesta quinta, o delegado ainda confirmou que o suspeito tinha acesso amplo \u00e0 casa da mulher. As duas v\u00edtimas foram encontradas por vizinhos, que arrombaram a porta da casa devido a estranha falta de movimenta\u00e7\u00e3o na resid\u00eancia, localizada no bairro Vila Isabel.<\/p>\n<\/div>\n<\/div>\n<div id=\"chunk-ev37f\" style=\"text-align: justify;\">\n<div class=\"mc-column content-text active-extra-styles \" data-block-type=\"unstyled\" data-block-weight=\"45\" data-block-id=\"11\">\n<p class=\"content-text__container \" data-track-category=\"Link no Texto\" data-track-links=\"\">Os corpos de m\u00e3e e filha foram levados para o Instituto M\u00e9dico Legal (IML) de Juazeiro, cidade tamb\u00e9m no norte do estado e a cerca de 70 km de Casa Nova, onde ocorreu o crime. N\u00e3o h\u00e1 detalhes sobre o vel\u00f3rio e sepultamento das v\u00edtimas.<\/p>\n<p data-track-category=\"Link no Texto\" data-track-links=\"\">Fonte: G1<\/p>\n<\/div>\n<\/div>\n<div id=\"chunk-e6q04\">\n<div class=\"content-ads content-ads--reveal\" data-block-type=\"ads\" data-block-id=\"12\">\n<div id=\"banner_materia__b5370937-b31d-4952-9b48-dcfb2826cd56\" class=\"tag-manager-publicidade-container mc-has-reveal mc-has-ad-lazyload tag-manager-publicidade-banner_materia__b5370937-b31d-4952-9b48-dcfb2826cd56 tag-manager-publicidade-container--carregado tag-manager-publicidade-container--visivel\" style=\"text-align: justify;\" data-id=\"banner_materia__b5370937-b31d-4952-9b48-dcfb2826cd56\" data-google-query-id=\"CK6w1qDXovwCFZC4lQIdtsUGWQ\"><\/div>\n<\/div>\n<\/div>\n<\/div>\n","protected":false},"excerpt":{"rendered":"<p>O delegado Arn\u00f3bio Soares, respons\u00e1vel pelo caso da m\u00e3e e filha que foram\u00a0encontradas degoladas\u00a0dentro da casa onde moravam na cidade de\u00a0Casa Nova, no norte da Bahia, afirmou nesta quinta-feira (29) que o crime foi premeditado e que tem car\u00e1ter passional. Ningu\u00e9m foi preso. \u201cO motivo \u00e9 passional, inclusive premeditado por causa da frieza, do calculo [&hellip;]<\/p>\n","protected":false},"author":1,"featured_media":47976,"comment_status":"closed","ping_status":"open","sticky":false,"template":"","format":"standard","meta":{"_uag_custom_page_level_css":"","_monsterinsights_skip_tracking":false,"_monsterinsights_sitenote_active":false,"_monsterinsights_sitenote_note":"","_monsterinsights_sitenote_category":0,"jetpack_post_was_ever_published":false,"_jetpack_newsletter_access":"","_jetpack_dont_email_post_to_subs":false,"_jetpack_newsletter_tier_id":0,"_jetpack_memberships_contains_paywalled_content":false,"_jetpack_memberships_contains_paid_content":false,"footnotes":"","jetpack_publicize_message":"","jetpack_publicize_feature_enabled":true,"jetpack_social_post_already_shared":true,"jetpack_social_options":{"image_generator_settings":{"template":"highway","default_image_id":0,"font":"","enabled":false},"version":2}},"categories":[4197,10104],"tags":[],"class_list":["post-47975","post","type-post","status-publish","format-standard","has-post-thumbnail","hentry","category-casa-nova","category-violencia"],"jetpack_publicize_connections":[],"jetpack_featured_media_url":"https:\/\/blogopara.com.br\/wp-content\/uploads\/2022\/12\/WhatsApp-Image-2022-12-30-at-22.16.18.jpeg","uagb_featured_image_src":{"full":["https:\/\/blogopara.com.br\/wp-content\/uploads\/2022\/12\/WhatsApp-Image-2022-12-30-at-22.16.18.jpeg",500,313,false],"thumbnail":["https:\/\/blogopara.com.br\/wp-content\/uploads\/2022\/12\/WhatsApp-Image-2022-12-30-at-22.16.18-150x150.jpeg",150,150,true],"medium":["https:\/\/blogopara.com.br\/wp-content\/uploads\/2022\/12\/WhatsApp-Image-2022-12-30-at-22.16.18-300x188.jpeg",300,188,true],"medium_large":["https:\/\/blogopara.com.br\/wp-content\/uploads\/2022\/12\/WhatsApp-Image-2022-12-30-at-22.16.18.jpeg",500,313,false],"large":["https:\/\/blogopara.com.br\/wp-content\/uploads\/2022\/12\/WhatsApp-Image-2022-12-30-at-22.16.18.jpeg",500,313,false],"1536x1536":["https:\/\/blogopara.com.br\/wp-content\/uploads\/2022\/12\/WhatsApp-Image-2022-12-30-at-22.16.18.jpeg",500,313,false],"2048x2048":["https:\/\/blogopara.com.br\/wp-content\/uploads\/2022\/12\/WhatsApp-Image-2022-12-30-at-22.16.18.jpeg",500,313,false],"mantranews-slider-large":["https:\/\/blogopara.com.br\/wp-content\/uploads\/2022\/12\/WhatsApp-Image-2022-12-30-at-22.16.18.jpeg",500,313,false],"mantranews-featured-medium":["https:\/\/blogopara.com.br\/wp-content\/uploads\/2022\/12\/WhatsApp-Image-2022-12-30-at-22.16.18-420x307.jpeg",420,307,true],"mantranews-featured-long":["https:\/\/blogopara.com.br\/wp-content\/uploads\/2022\/12\/WhatsApp-Image-2022-12-30-at-22.16.18-300x313.jpeg",300,313,true],"mantranews-block-medium":["https:\/\/blogopara.com.br\/wp-content\/uploads\/2022\/12\/WhatsApp-Image-2022-12-30-at-22.16.18-464x290.jpeg",464,290,true],"mantranews-carousel-image":["https:\/\/blogopara.com.br\/wp-content\/uploads\/2022\/12\/WhatsApp-Image-2022-12-30-at-22.16.18.jpeg",500,313,false],"mantranews-block-thumb":["https:\/\/blogopara.com.br\/wp-content\/uploads\/2022\/12\/WhatsApp-Image-2022-12-30-at-22.16.18-322x230.jpeg",322,230,true],"mantranews-single-large":["https:\/\/blogopara.com.br\/wp-content\/uploads\/2022\/12\/WhatsApp-Image-2022-12-30-at-22.16.18.jpeg",500,313,false]},"uagb_author_info":{"display_name":"Reda\u00e7\u00e3o geral","author_link":"https:\/\/blogopara.com.br\/index.php\/author\/blogopara"},"uagb_comment_info":0,"uagb_excerpt":"O delegado Arn\u00f3bio Soares, respons\u00e1vel pelo caso da m\u00e3e e filha que foram\u00a0encontradas degoladas\u00a0dentro da casa onde moravam na cidade de\u00a0Casa Nova, no norte da Bahia, afirmou nesta quinta-feira (29) que o crime foi premeditado e que tem car\u00e1ter passional. Ningu\u00e9m foi preso. \u201cO motivo \u00e9 passional, inclusive premeditado por causa da frieza, do calculo&hellip;","jetpack_sharing_enabled":true,"jetpack_likes_enabled":true,"_links":{"self":[{"href":"https:\/\/blogopara.com.br\/index.php\/wp-json\/wp\/v2\/posts\/47975","targetHints":{"allow":["GET"]}}],"collection":[{"href":"https:\/\/blogopara.com.br\/index.php\/wp-json\/wp\/v2\/posts"}],"about":[{"href":"https:\/\/blogopara.com.br\/index.php\/wp-json\/wp\/v2\/types\/post"}],"author":[{"embeddable":true,"href":"https:\/\/blogopara.com.br\/index.php\/wp-json\/wp\/v2\/users\/1"}],"replies":[{"embeddable":true,"href":"https:\/\/blogopara.com.br\/index.php\/wp-json\/wp\/v2\/comments?post=47975"}],"version-history":[{"count":1,"href":"https:\/\/blogopara.com.br\/index.php\/wp-json\/wp\/v2\/posts\/47975\/revisions"}],"predecessor-version":[{"id":47977,"href":"https:\/\/blogopara.com.br\/index.php\/wp-json\/wp\/v2\/posts\/47975\/revisions\/47977"}],"wp:featuredmedia":[{"embeddable":true,"href":"https:\/\/blogopara.com.br\/index.php\/wp-json\/wp\/v2\/media\/47976"}],"wp:attachment":[{"href":"https:\/\/blogopara.com.br\/index.php\/wp-json\/wp\/v2\/media?parent=47975"}],"wp:term":[{"taxonomy":"category","embeddable":true,"href":"https:\/\/blogopara.com.br\/index.php\/wp-json\/wp\/v2\/categories?post=47975"},{"taxonomy":"post_tag","embeddable":true,"href":"https:\/\/blogopara.com.br\/index.php\/wp-json\/wp\/v2\/tags?post=47975"}],"curies":[{"name":"wp","href":"https:\/\/api.w.org\/{rel}","templated":true}]}}