{"id":48033,"date":"2023-01-02T09:44:43","date_gmt":"2023-01-02T12:44:43","guid":{"rendered":"https:\/\/blogopara.com.br\/?p=48033"},"modified":"2023-01-02T11:46:02","modified_gmt":"2023-01-02T14:46:02","slug":"bahia-salario-do-governador-jeronimo-rodrigues-sera-de-r-34-mil-aumento-de-48","status":"publish","type":"post","link":"https:\/\/blogopara.com.br\/index.php\/2023\/01\/02\/bahia-salario-do-governador-jeronimo-rodrigues-sera-de-r-34-mil-aumento-de-48","title":{"rendered":"Bahia: Sal\u00e1rio do governador, Jer\u00f4nimo Rodrigues, ser\u00e1 de R$ 34 mil. Aumento de 48%"},"content":{"rendered":"<div class=\"artigo_texto\">\n<p style=\"text-align: justify;\"><a href=\"https:\/\/www.bnews.com.br\/tags\/alba\">A Assembleia Legislativa da Bahia (Alba)<\/a>&nbsp;aprovou o&nbsp;<a href=\"https:\/\/www.bnews.com.br\/noticias\/politica\/jeronimo-rodrigues-deve-receber-boa-noticia-antes-mesmo-de-assumir-saiba-qual.html\">aumento do sal\u00e1rio do governador da Bahia<\/a>&nbsp;a partir de 2023. O primeiro beneficiado ser\u00e1 o governador eleito<a href=\"https:\/\/www.bnews.com.br\/personalidades\/jeronimo-rodrigues.html\" target=\"_blank\" rel=\"noopener\">&nbsp;Jer\u00f4nimo Rodrigues (PT).<\/a><\/p>\n<p style=\"text-align: justify;\">Agora, o sal\u00e1rio saiu de R$ 23,5 mil para R$ 34,9 mil.<\/p>\n<p style=\"text-align: justify;\">A reuni\u00e3o \u00e9 a \u00faltima do ano. Tamb\u00e9m aprovados os projetos que tratam da pens\u00e3o para militares e o desmembramento da Secretaria de Justi\u00e7a, Direitos Humanos e Desenvolvimento Social. Al\u00e9m disso, a fus\u00e3o entre a Setur e a Bahiatursa tamb\u00e9m passou.<\/p>\n<p style=\"text-align: justify;\">Os deputados <a href=\"https:\/\/www.bnews.com.br\/noticias\/politica\/deputados-baianos-autorizam-emprestimo-de-100-milhoes-de-dolares-saiba-o-motivo.html\">autorizam um empr\u00e9stimo de 100 milh\u00f5es de d\u00f3lares<\/a>&nbsp;para o Governo da Bahia.&nbsp;Com a aprova\u00e7\u00e3o, fica autorizado o Poder Executivo a contratar, em nome do Estado da Bahia, junto ao Banco Internacional para Reconstru\u00e7\u00e3o e Desenvolvimento &#8211; BIRD, opera\u00e7\u00e3o de cr\u00e9dito externo, &#8220;at\u00e9 o valor equivalente a US$100,000,000.00 (cem milh\u00f5es de d\u00f3lares dos Estados Unidos da Am\u00e9rica), observadas as condi\u00e7\u00f5es e as exig\u00eancias dos \u00f3rg\u00e3os federais encarregados da an\u00e1lise econ\u00f4mico-financeira para fins de opera\u00e7\u00e3o de cr\u00e9dito e da concess\u00e3o de garantia da Uni\u00e3o.<\/p>\n<p style=\"text-align: justify;\">\n<\/div>\n","protected":false},"excerpt":{"rendered":"<p>A Assembleia Legislativa da Bahia (Alba)&nbsp;aprovou o&nbsp;aumento do sal\u00e1rio do governador da Bahia&nbsp;a partir de 2023. O primeiro beneficiado ser\u00e1 o governador eleito&nbsp;Jer\u00f4nimo Rodrigues (PT). Agora, o sal\u00e1rio saiu de R$ 23,5 mil para R$ 34,9 mil. A reuni\u00e3o \u00e9 a \u00faltima do ano. Tamb\u00e9m aprovados os projetos que tratam da pens\u00e3o para militares e [&hellip;]<\/p>\n","protected":false},"author":1,"featured_media":47744,"comment_status":"closed","ping_status":"open","sticky":false,"template":"","format":"standard","meta":{"_uag_custom_page_level_css":"","_monsterinsights_skip_tracking":false,"_monsterinsights_sitenote_active":false,"_monsterinsights_sitenote_note":"","_monsterinsights_sitenote_category":0,"jetpack_post_was_ever_published":false,"_jetpack_newsletter_access":"","_jetpack_dont_email_post_to_subs":false,"_jetpack_newsletter_tier_id":0,"_jetpack_memberships_contains_paywalled_content":false,"_jetpack_memberships_contains_paid_content":false,"footnotes":"","jetpack_publicize_message":"","jetpack_publicize_feature_enabled":true,"jetpack_social_post_already_shared":true,"jetpack_social_options":{"image_generator_settings":{"template":"highway","default_image_id":0,"font":"","enabled":false},"version":2}},"categories":[199,197],"tags":[],"class_list":["post-48033","post","type-post","status-publish","format-standard","has-post-thumbnail","hentry","category-bahia","category-politica"],"jetpack_publicize_connections":[],"jetpack_featured_media_url":"https:\/\/blogopara.com.br\/wp-content\/uploads\/2022\/12\/jeronimo-rodrigues-pt-1667163422676_v2_3x4.jpg","uagb_featured_image_src":{"full":["https:\/\/blogopara.com.br\/wp-content\/uploads\/2022\/12\/jeronimo-rodrigues-pt-1667163422676_v2_3x4.jpg",500,666,false],"thumbnail":["https:\/\/blogopara.com.br\/wp-content\/uploads\/2022\/12\/jeronimo-rodrigues-pt-1667163422676_v2_3x4-150x150.jpg",150,150,true],"medium":["https:\/\/blogopara.com.br\/wp-content\/uploads\/2022\/12\/jeronimo-rodrigues-pt-1667163422676_v2_3x4-225x300.jpg",225,300,true],"medium_large":["https:\/\/blogopara.com.br\/wp-content\/uploads\/2022\/12\/jeronimo-rodrigues-pt-1667163422676_v2_3x4.jpg",500,666,false],"large":["https:\/\/blogopara.com.br\/wp-content\/uploads\/2022\/12\/jeronimo-rodrigues-pt-1667163422676_v2_3x4.jpg",500,666,false],"1536x1536":["https:\/\/blogopara.com.br\/wp-content\/uploads\/2022\/12\/jeronimo-rodrigues-pt-1667163422676_v2_3x4.jpg",500,666,false],"2048x2048":["https:\/\/blogopara.com.br\/wp-content\/uploads\/2022\/12\/jeronimo-rodrigues-pt-1667163422676_v2_3x4.jpg",500,666,false],"mantranews-slider-large":["https:\/\/blogopara.com.br\/wp-content\/uploads\/2022\/12\/jeronimo-rodrigues-pt-1667163422676_v2_3x4.jpg",500,666,false],"mantranews-featured-medium":["https:\/\/blogopara.com.br\/wp-content\/uploads\/2022\/12\/jeronimo-rodrigues-pt-1667163422676_v2_3x4-420x307.jpg",420,307,true],"mantranews-featured-long":["https:\/\/blogopara.com.br\/wp-content\/uploads\/2022\/12\/jeronimo-rodrigues-pt-1667163422676_v2_3x4-300x443.jpg",300,443,true],"mantranews-block-medium":["https:\/\/blogopara.com.br\/wp-content\/uploads\/2022\/12\/jeronimo-rodrigues-pt-1667163422676_v2_3x4-464x290.jpg",464,290,true],"mantranews-carousel-image":["https:\/\/blogopara.com.br\/wp-content\/uploads\/2022\/12\/jeronimo-rodrigues-pt-1667163422676_v2_3x4-500x500.jpg",500,500,true],"mantranews-block-thumb":["https:\/\/blogopara.com.br\/wp-content\/uploads\/2022\/12\/jeronimo-rodrigues-pt-1667163422676_v2_3x4-322x230.jpg",322,230,true],"mantranews-single-large":["https:\/\/blogopara.com.br\/wp-content\/uploads\/2022\/12\/jeronimo-rodrigues-pt-1667163422676_v2_3x4-500x642.jpg",500,642,true]},"uagb_author_info":{"display_name":"Reda\u00e7\u00e3o geral","author_link":"https:\/\/blogopara.com.br\/index.php\/author\/blogopara"},"uagb_comment_info":0,"uagb_excerpt":"A Assembleia Legislativa da Bahia (Alba)&nbsp;aprovou o&nbsp;aumento do sal\u00e1rio do governador da Bahia&nbsp;a partir de 2023. O primeiro beneficiado ser\u00e1 o governador eleito&nbsp;Jer\u00f4nimo Rodrigues (PT). Agora, o sal\u00e1rio saiu de R$ 23,5 mil para R$ 34,9 mil. A reuni\u00e3o \u00e9 a \u00faltima do ano. Tamb\u00e9m aprovados os projetos que tratam da pens\u00e3o para militares e&hellip;","jetpack_sharing_enabled":true,"jetpack_likes_enabled":true,"_links":{"self":[{"href":"https:\/\/blogopara.com.br\/index.php\/wp-json\/wp\/v2\/posts\/48033","targetHints":{"allow":["GET"]}}],"collection":[{"href":"https:\/\/blogopara.com.br\/index.php\/wp-json\/wp\/v2\/posts"}],"about":[{"href":"https:\/\/blogopara.com.br\/index.php\/wp-json\/wp\/v2\/types\/post"}],"author":[{"embeddable":true,"href":"https:\/\/blogopara.com.br\/index.php\/wp-json\/wp\/v2\/users\/1"}],"replies":[{"embeddable":true,"href":"https:\/\/blogopara.com.br\/index.php\/wp-json\/wp\/v2\/comments?post=48033"}],"version-history":[{"count":2,"href":"https:\/\/blogopara.com.br\/index.php\/wp-json\/wp\/v2\/posts\/48033\/revisions"}],"predecessor-version":[{"id":48035,"href":"https:\/\/blogopara.com.br\/index.php\/wp-json\/wp\/v2\/posts\/48033\/revisions\/48035"}],"wp:featuredmedia":[{"embeddable":true,"href":"https:\/\/blogopara.com.br\/index.php\/wp-json\/wp\/v2\/media\/47744"}],"wp:attachment":[{"href":"https:\/\/blogopara.com.br\/index.php\/wp-json\/wp\/v2\/media?parent=48033"}],"wp:term":[{"taxonomy":"category","embeddable":true,"href":"https:\/\/blogopara.com.br\/index.php\/wp-json\/wp\/v2\/categories?post=48033"},{"taxonomy":"post_tag","embeddable":true,"href":"https:\/\/blogopara.com.br\/index.php\/wp-json\/wp\/v2\/tags?post=48033"}],"curies":[{"name":"wp","href":"https:\/\/api.w.org\/{rel}","templated":true}]}}