{"id":48153,"date":"2023-01-05T17:41:00","date_gmt":"2023-01-05T20:41:00","guid":{"rendered":"https:\/\/blogopara.com.br\/?p=48153"},"modified":"2023-01-04T16:35:24","modified_gmt":"2023-01-04T19:35:24","slug":"ano-de-2023-tera-cinco-feriados-prolongados-veja-as-datas","status":"publish","type":"post","link":"https:\/\/blogopara.com.br\/index.php\/2023\/01\/05\/ano-de-2023-tera-cinco-feriados-prolongados-veja-as-datas","title":{"rendered":"Ano de 2023 ter\u00e1 cinco feriados prolongados; veja as datas"},"content":{"rendered":"<p class=\"text\" style=\"text-align: justify;\">2023 tem tudo para ser um ano de descanso e viagens para os brasileiros. Isso porque haver\u00e1 cinco feriados prolongados ao longo do ano, al\u00e9m de outras quatro datas com fim de semana estendido para tr\u00eas dias de descanso. No total, ser\u00e3o 12 feriados, sendo que apenas um deles cair\u00e1 no final de semana.<\/p>\n<p class=\"text\" style=\"text-align: justify;\">A maioria das datas comemorativas deste ano cair\u00e1 em uma quinta-feira. A lista abaixo, no entanto, n\u00e3o contempla feriados estaduais e municipais. Apenas os nacionais foram considerados.<\/p>\n<h4 class=\"text\" style=\"text-align: justify;\"><strong>Fevereiro<\/strong><\/h4>\n<ul style=\"text-align: justify;\">\n<li class=\"text\"><strong>Carnaval\u00a0<\/strong>(ponto facultativo, prolongado) \u2014 dias 20 (segunda) e 21 (ter\u00e7a)<\/li>\n<\/ul>\n<h4 class=\"text\" style=\"text-align: justify;\"><strong>Abril<\/strong><\/h4>\n<ul style=\"text-align: justify;\">\n<li class=\"text\"><strong>Paix\u00e3o de Cristo &#8211; Semana Santa<\/strong>\u00a0(estendido) \u2014 dia 7 (sexta)<\/li>\n<li class=\"text\"><strong>Tiradentes\u00a0<\/strong>(estendido) \u2014 dia 21 (sexta-feira)<\/li>\n<\/ul>\n<h4 class=\"text\" style=\"text-align: justify;\"><strong>Maio<\/strong><\/h4>\n<ul style=\"text-align: justify;\">\n<li class=\"text\"><strong>Dia do Trabalho<\/strong>\u00a0(estendido) \u2014 dia 1\u00ba (segunda)<\/li>\n<\/ul>\n<h4 class=\"text\" style=\"text-align: justify;\"><strong>Junho<\/strong><\/h4>\n<ul style=\"text-align: justify;\">\n<li class=\"text\"><strong>Corpus Christi\u00a0<\/strong>(prolongado)\u00a0\u2014 dia 8 (quinta)<\/li>\n<\/ul>\n<h4 class=\"text\" style=\"text-align: justify;\"><strong>Setembro<\/strong><\/h4>\n<ul style=\"text-align: justify;\">\n<li>\n<p class=\"text\"><strong>Independ\u00eancia do Brasil\u00a0<\/strong>(prolongado)\u00a0\u2014 dia 7 (quinta)<\/p>\n<\/li>\n<\/ul>\n<h4 class=\"text\" style=\"text-align: justify;\"><strong>Outubro<\/strong><\/h4>\n<ul style=\"text-align: justify;\">\n<li>\n<p class=\"text\"><strong>Nossa Senhora Aparecida<\/strong>\u00a0(prolongado) \u2014 dia 12 (quinta)<\/p>\n<\/li>\n<\/ul>\n<h4 class=\"text\" style=\"text-align: justify;\"><strong>Novembro<\/strong><\/h4>\n<ul style=\"text-align: justify;\">\n<li class=\"text\"><b>Finados<\/b>\u00a0(prolongado) \u2014 dia 2 (quinta)<\/li>\n<li class=\"text\"><strong>Proclama\u00e7\u00e3o da Rep\u00fablica\u00a0<\/strong>\u2014 dia 15 (quarta)<\/li>\n<\/ul>\n<h4 class=\"text\" style=\"text-align: justify;\"><strong>Dezembro<\/strong><\/h4>\n<ul>\n<li style=\"text-align: justify;\"><strong>Natal\u00a0<\/strong>(estendido) \u2014 dia 25 (segunda)<\/li>\n<\/ul>\n<p><em>Fonte: Jornal Terra<\/em><\/p>\n","protected":false},"excerpt":{"rendered":"<p>2023 tem tudo para ser um ano de descanso e viagens para os brasileiros. Isso porque haver\u00e1 cinco feriados prolongados ao longo do ano, al\u00e9m de outras quatro datas com fim de semana estendido para tr\u00eas dias de descanso. No total, ser\u00e3o 12 feriados, sendo que apenas um deles cair\u00e1 no final de semana. A [&hellip;]<\/p>\n","protected":false},"author":1,"featured_media":48154,"comment_status":"closed","ping_status":"open","sticky":false,"template":"","format":"standard","meta":{"_uag_custom_page_level_css":"","_monsterinsights_skip_tracking":false,"_monsterinsights_sitenote_active":false,"_monsterinsights_sitenote_note":"","_monsterinsights_sitenote_category":0,"jetpack_post_was_ever_published":false,"_jetpack_newsletter_access":"","_jetpack_dont_email_post_to_subs":false,"_jetpack_newsletter_tier_id":0,"_jetpack_memberships_contains_paywalled_content":false,"_jetpack_memberships_contains_paid_content":false,"footnotes":"","jetpack_publicize_message":"","jetpack_publicize_feature_enabled":true,"jetpack_social_post_already_shared":true,"jetpack_social_options":{"image_generator_settings":{"template":"highway","default_image_id":0,"font":"","enabled":false},"version":2}},"categories":[200],"tags":[940],"class_list":["post-48153","post","type-post","status-publish","format-standard","has-post-thumbnail","hentry","category-brasil","tag-feriado"],"jetpack_publicize_connections":[],"jetpack_featured_media_url":"https:\/\/blogopara.com.br\/wp-content\/uploads\/2023\/01\/foto-calendario-500x333-1.jpg","uagb_featured_image_src":{"full":["https:\/\/blogopara.com.br\/wp-content\/uploads\/2023\/01\/foto-calendario-500x333-1.jpg",500,333,false],"thumbnail":["https:\/\/blogopara.com.br\/wp-content\/uploads\/2023\/01\/foto-calendario-500x333-1-150x150.jpg",150,150,true],"medium":["https:\/\/blogopara.com.br\/wp-content\/uploads\/2023\/01\/foto-calendario-500x333-1-300x200.jpg",300,200,true],"medium_large":["https:\/\/blogopara.com.br\/wp-content\/uploads\/2023\/01\/foto-calendario-500x333-1.jpg",500,333,false],"large":["https:\/\/blogopara.com.br\/wp-content\/uploads\/2023\/01\/foto-calendario-500x333-1.jpg",500,333,false],"1536x1536":["https:\/\/blogopara.com.br\/wp-content\/uploads\/2023\/01\/foto-calendario-500x333-1.jpg",500,333,false],"2048x2048":["https:\/\/blogopara.com.br\/wp-content\/uploads\/2023\/01\/foto-calendario-500x333-1.jpg",500,333,false],"mantranews-slider-large":["https:\/\/blogopara.com.br\/wp-content\/uploads\/2023\/01\/foto-calendario-500x333-1.jpg",500,333,false],"mantranews-featured-medium":["https:\/\/blogopara.com.br\/wp-content\/uploads\/2023\/01\/foto-calendario-500x333-1-420x307.jpg",420,307,true],"mantranews-featured-long":["https:\/\/blogopara.com.br\/wp-content\/uploads\/2023\/01\/foto-calendario-500x333-1-300x333.jpg",300,333,true],"mantranews-block-medium":["https:\/\/blogopara.com.br\/wp-content\/uploads\/2023\/01\/foto-calendario-500x333-1-464x290.jpg",464,290,true],"mantranews-carousel-image":["https:\/\/blogopara.com.br\/wp-content\/uploads\/2023\/01\/foto-calendario-500x333-1.jpg",500,333,false],"mantranews-block-thumb":["https:\/\/blogopara.com.br\/wp-content\/uploads\/2023\/01\/foto-calendario-500x333-1-322x230.jpg",322,230,true],"mantranews-single-large":["https:\/\/blogopara.com.br\/wp-content\/uploads\/2023\/01\/foto-calendario-500x333-1.jpg",500,333,false]},"uagb_author_info":{"display_name":"Reda\u00e7\u00e3o geral","author_link":"https:\/\/blogopara.com.br\/index.php\/author\/blogopara"},"uagb_comment_info":0,"uagb_excerpt":"2023 tem tudo para ser um ano de descanso e viagens para os brasileiros. Isso porque haver\u00e1 cinco feriados prolongados ao longo do ano, al\u00e9m de outras quatro datas com fim de semana estendido para tr\u00eas dias de descanso. No total, ser\u00e3o 12 feriados, sendo que apenas um deles cair\u00e1 no final de semana. A&hellip;","jetpack_sharing_enabled":true,"jetpack_likes_enabled":true,"_links":{"self":[{"href":"https:\/\/blogopara.com.br\/index.php\/wp-json\/wp\/v2\/posts\/48153","targetHints":{"allow":["GET"]}}],"collection":[{"href":"https:\/\/blogopara.com.br\/index.php\/wp-json\/wp\/v2\/posts"}],"about":[{"href":"https:\/\/blogopara.com.br\/index.php\/wp-json\/wp\/v2\/types\/post"}],"author":[{"embeddable":true,"href":"https:\/\/blogopara.com.br\/index.php\/wp-json\/wp\/v2\/users\/1"}],"replies":[{"embeddable":true,"href":"https:\/\/blogopara.com.br\/index.php\/wp-json\/wp\/v2\/comments?post=48153"}],"version-history":[{"count":1,"href":"https:\/\/blogopara.com.br\/index.php\/wp-json\/wp\/v2\/posts\/48153\/revisions"}],"predecessor-version":[{"id":48155,"href":"https:\/\/blogopara.com.br\/index.php\/wp-json\/wp\/v2\/posts\/48153\/revisions\/48155"}],"wp:featuredmedia":[{"embeddable":true,"href":"https:\/\/blogopara.com.br\/index.php\/wp-json\/wp\/v2\/media\/48154"}],"wp:attachment":[{"href":"https:\/\/blogopara.com.br\/index.php\/wp-json\/wp\/v2\/media?parent=48153"}],"wp:term":[{"taxonomy":"category","embeddable":true,"href":"https:\/\/blogopara.com.br\/index.php\/wp-json\/wp\/v2\/categories?post=48153"},{"taxonomy":"post_tag","embeddable":true,"href":"https:\/\/blogopara.com.br\/index.php\/wp-json\/wp\/v2\/tags?post=48153"}],"curies":[{"name":"wp","href":"https:\/\/api.w.org\/{rel}","templated":true}]}}