{"id":48165,"date":"2023-01-04T12:09:16","date_gmt":"2023-01-04T15:09:16","guid":{"rendered":"https:\/\/blogopara.com.br\/?p=48165"},"modified":"2023-01-04T12:27:56","modified_gmt":"2023-01-04T15:27:56","slug":"e-agora-jose-assis-da-apolo-volta-para-a-camara-de-vereadores","status":"publish","type":"post","link":"https:\/\/blogopara.com.br\/index.php\/2023\/01\/04\/e-agora-jose-assis-da-apolo-volta-para-a-camara-de-vereadores","title":{"rendered":"E agora Jos\u00e9? Assis da Apolo volta para a C\u00e2mara de Vereadores"},"content":{"rendered":"<p style=\"text-align: justify;\">Mudan\u00e7as na composi\u00e7\u00e3o da base da prefeita Suzana Ramos (PSDB) na C\u00e2mara de Vereadores. O vereador Assis da Apolo (PRTB) que assumia a Ag\u00eancia de Desenvolvimento Econ\u00f4mico, Agricultura e Pecu\u00e1ria \u2013 ADEAP, foi exonerado e volta ocupar uma vaga no legislativo.<\/p>\n<p style=\"text-align: justify;\">Com o retorno do vereador, Jos\u00e9 Carlos Medeiros (PRTB) volta \u00e0 condi\u00e7\u00e3o de suplente . Desde que assumiu a vaga de Assis da Apolo, Jos\u00e9 Carlos Medeiros com o seu protagonismo oxigenou as sess\u00f5es da Casa Apr\u00edgio Duarte. Principalmente nos <span class=\"Y2IQFc\" lang=\"en\">fights com o vereador Alex Tanuri (PP), na defesa da gest\u00e3o de Suzana Ramos.<\/span><\/p>\n<p style=\"text-align: justify;\">Alex com toda a sua experi\u00eancia politica reinava absoluto, em meios a vereadores ne\u00f3fitos ou sem disposi\u00e7\u00e3o de enfrent\u00e1-lo. Com a chegada de Medeiros ao parlamento, o vereador viu o seu protagonismo ser ofuscado pela defesa sempre inteligente e direta do governo e das a\u00e7\u00f5es das diversas secretarias.<\/p>\n<p style=\"text-align: justify;\">Mas Medeiros tamb\u00e9m entrou em rota de colis\u00e3o com a gest\u00e3o, ao defender o fim do Zona Azul, inclusive com a realiza\u00e7\u00e3o de uma Audi\u00eancia p\u00fablica, numa clara demonstra\u00e7\u00e3o de falta de afinidade com a base do governo.<\/p>\n<p style=\"text-align: justify;\">Trocando em mi\u00fados, se Jos\u00e9 Carlos \u00e9 do tipo que fez raiva, mas tamb\u00e9m far\u00e1 falta \u00e0 gest\u00e3o de Suzana Ramos, principalmente pelo momento dif\u00edcil em que passa.<\/p>\n<p style=\"text-align: justify;\">Por fim, resta saber se a prefeita Suzana Ramos ir\u00e1 manter Medeiros, para isso ela ter\u00e1 que nomear vereador Mundeco ou Gild\u00e1sio Soares para o primeiro escal\u00e3o (secret\u00e1rio ou assessor especial).<\/p>\n","protected":false},"excerpt":{"rendered":"<p>Mudan\u00e7as na composi\u00e7\u00e3o da base da prefeita Suzana Ramos (PSDB) na C\u00e2mara de Vereadores. O vereador Assis da Apolo (PRTB) que assumia a Ag\u00eancia de Desenvolvimento Econ\u00f4mico, Agricultura e Pecu\u00e1ria \u2013 ADEAP, foi exonerado e volta ocupar uma vaga no legislativo. Com o retorno do vereador, Jos\u00e9 Carlos Medeiros (PRTB) volta \u00e0 condi\u00e7\u00e3o de suplente [&hellip;]<\/p>\n","protected":false},"author":1,"featured_media":36413,"comment_status":"closed","ping_status":"open","sticky":false,"template":"","format":"standard","meta":{"_uag_custom_page_level_css":"","_monsterinsights_skip_tracking":false,"_monsterinsights_sitenote_active":false,"_monsterinsights_sitenote_note":"","_monsterinsights_sitenote_category":0,"jetpack_post_was_ever_published":false,"_jetpack_newsletter_access":"","_jetpack_dont_email_post_to_subs":false,"_jetpack_newsletter_tier_id":0,"_jetpack_memberships_contains_paywalled_content":false,"_jetpack_memberships_contains_paid_content":false,"footnotes":"","jetpack_publicize_message":"","jetpack_publicize_feature_enabled":true,"jetpack_social_post_already_shared":true,"jetpack_social_options":{"image_generator_settings":{"template":"highway","default_image_id":0,"font":"","enabled":false},"version":2}},"categories":[203,197],"tags":[2313,4191,1951,10425,5195],"class_list":["post-48165","post","type-post","status-publish","format-standard","has-post-thumbnail","hentry","category-juazeiro","category-politica","tag-adeap","tag-assis-da-apolo","tag-camara-de-vereadores-de-juazeiro","tag-jose-carlos-medeiros","tag-prefeita-suzana-ramos"],"jetpack_publicize_connections":[],"jetpack_featured_media_url":"https:\/\/blogopara.com.br\/wp-content\/uploads\/2022\/04\/Ze-Carlos-Medeiros.jpg","uagb_featured_image_src":{"full":["https:\/\/blogopara.com.br\/wp-content\/uploads\/2022\/04\/Ze-Carlos-Medeiros.jpg",500,326,false],"thumbnail":["https:\/\/blogopara.com.br\/wp-content\/uploads\/2022\/04\/Ze-Carlos-Medeiros-150x150.jpg",150,150,true],"medium":["https:\/\/blogopara.com.br\/wp-content\/uploads\/2022\/04\/Ze-Carlos-Medeiros-300x196.jpg",300,196,true],"medium_large":["https:\/\/blogopara.com.br\/wp-content\/uploads\/2022\/04\/Ze-Carlos-Medeiros.jpg",500,326,false],"large":["https:\/\/blogopara.com.br\/wp-content\/uploads\/2022\/04\/Ze-Carlos-Medeiros.jpg",500,326,false],"1536x1536":["https:\/\/blogopara.com.br\/wp-content\/uploads\/2022\/04\/Ze-Carlos-Medeiros.jpg",500,326,false],"2048x2048":["https:\/\/blogopara.com.br\/wp-content\/uploads\/2022\/04\/Ze-Carlos-Medeiros.jpg",500,326,false],"mantranews-slider-large":["https:\/\/blogopara.com.br\/wp-content\/uploads\/2022\/04\/Ze-Carlos-Medeiros.jpg",500,326,false],"mantranews-featured-medium":["https:\/\/blogopara.com.br\/wp-content\/uploads\/2022\/04\/Ze-Carlos-Medeiros-420x307.jpg",420,307,true],"mantranews-featured-long":["https:\/\/blogopara.com.br\/wp-content\/uploads\/2022\/04\/Ze-Carlos-Medeiros-300x326.jpg",300,326,true],"mantranews-block-medium":["https:\/\/blogopara.com.br\/wp-content\/uploads\/2022\/04\/Ze-Carlos-Medeiros-464x290.jpg",464,290,true],"mantranews-carousel-image":["https:\/\/blogopara.com.br\/wp-content\/uploads\/2022\/04\/Ze-Carlos-Medeiros.jpg",500,326,false],"mantranews-block-thumb":["https:\/\/blogopara.com.br\/wp-content\/uploads\/2022\/04\/Ze-Carlos-Medeiros-322x230.jpg",322,230,true],"mantranews-single-large":["https:\/\/blogopara.com.br\/wp-content\/uploads\/2022\/04\/Ze-Carlos-Medeiros.jpg",500,326,false]},"uagb_author_info":{"display_name":"Reda\u00e7\u00e3o geral","author_link":"https:\/\/blogopara.com.br\/index.php\/author\/blogopara"},"uagb_comment_info":0,"uagb_excerpt":"Mudan\u00e7as na composi\u00e7\u00e3o da base da prefeita Suzana Ramos (PSDB) na C\u00e2mara de Vereadores. O vereador Assis da Apolo (PRTB) que assumia a Ag\u00eancia de Desenvolvimento Econ\u00f4mico, Agricultura e Pecu\u00e1ria \u2013 ADEAP, foi exonerado e volta ocupar uma vaga no legislativo. Com o retorno do vereador, Jos\u00e9 Carlos Medeiros (PRTB) volta \u00e0 condi\u00e7\u00e3o de suplente&hellip;","jetpack_sharing_enabled":true,"jetpack_likes_enabled":true,"_links":{"self":[{"href":"https:\/\/blogopara.com.br\/index.php\/wp-json\/wp\/v2\/posts\/48165","targetHints":{"allow":["GET"]}}],"collection":[{"href":"https:\/\/blogopara.com.br\/index.php\/wp-json\/wp\/v2\/posts"}],"about":[{"href":"https:\/\/blogopara.com.br\/index.php\/wp-json\/wp\/v2\/types\/post"}],"author":[{"embeddable":true,"href":"https:\/\/blogopara.com.br\/index.php\/wp-json\/wp\/v2\/users\/1"}],"replies":[{"embeddable":true,"href":"https:\/\/blogopara.com.br\/index.php\/wp-json\/wp\/v2\/comments?post=48165"}],"version-history":[{"count":3,"href":"https:\/\/blogopara.com.br\/index.php\/wp-json\/wp\/v2\/posts\/48165\/revisions"}],"predecessor-version":[{"id":48175,"href":"https:\/\/blogopara.com.br\/index.php\/wp-json\/wp\/v2\/posts\/48165\/revisions\/48175"}],"wp:featuredmedia":[{"embeddable":true,"href":"https:\/\/blogopara.com.br\/index.php\/wp-json\/wp\/v2\/media\/36413"}],"wp:attachment":[{"href":"https:\/\/blogopara.com.br\/index.php\/wp-json\/wp\/v2\/media?parent=48165"}],"wp:term":[{"taxonomy":"category","embeddable":true,"href":"https:\/\/blogopara.com.br\/index.php\/wp-json\/wp\/v2\/categories?post=48165"},{"taxonomy":"post_tag","embeddable":true,"href":"https:\/\/blogopara.com.br\/index.php\/wp-json\/wp\/v2\/tags?post=48165"}],"curies":[{"name":"wp","href":"https:\/\/api.w.org\/{rel}","templated":true}]}}