{"id":48269,"date":"2023-01-08T07:26:00","date_gmt":"2023-01-08T10:26:00","guid":{"rendered":"https:\/\/blogopara.com.br\/?p=48269"},"modified":"2023-01-07T16:32:36","modified_gmt":"2023-01-07T19:32:36","slug":"pt-da-banho-de-agua-fria-nas-pretensoes-de-janones","status":"publish","type":"post","link":"https:\/\/blogopara.com.br\/index.php\/2023\/01\/08\/pt-da-banho-de-agua-fria-nas-pretensoes-de-janones","title":{"rendered":"PT d\u00e1 banho de \u00e1gua fria nas pretens\u00f5es de Janones"},"content":{"rendered":"<p style=\"text-align: justify;\">Lideran\u00e7as do\u00a0PT\u00a0deram um banho de \u00e1gua fria nas pretens\u00f5es do deputado federal\u00a0Andr\u00e9 Janones\u00a0(Avante-MG) de tentar ser presidente da\u00a0<a href=\"https:\/\/www2.camara.leg.br\/atividade-legislativa\/comissoes\/comissoes-permanentes\/ccjc\" target=\"_blank\" rel=\"noopener\">Comiss\u00e3o de Constitui\u00e7\u00e3o e Justi\u00e7a<\/a>\u00a0(CCJ) da\u00a0<a href=\"https:\/\/www.camara.leg.br\/\" target=\"_blank\" rel=\"noopener\">C\u00e2mara<\/a>.<\/p>\n<p style=\"text-align: justify;\" data-gtm-vis-recent-on-screen-8752935_845=\"14602\" data-gtm-vis-first-on-screen-8752935_845=\"14602\" data-gtm-vis-total-visible-time-8752935_845=\"100\" data-gtm-vis-has-fired-8752935_845=\"1\">Em conversas com Janones, l\u00edderes petistas avisaram que ser\u00e1 muito dificil o PT apoiar a candidatura do deputado ao comando da comiss\u00e3o, considerada a mais importante da Casa.<\/p>\n<p style=\"text-align: justify;\">O aviso foi dado a Janones por petistas como Jos\u00e9 Guimar\u00e3es (CE), futuro l\u00edder do governo na C\u00e2mara. Os dois se reuniram nesta quinta-feira (5\/1), para discutir as demandas do deputado do Avante.<\/p>\n<p style=\"text-align: justify;\">Segundo relatos feitos a coluna, Guimar\u00e3es avisou a Janones que o comando da CCJ dever\u00e1 entrar no bolo das\u00a0negocia\u00e7\u00f5es do governo para construir uma base aliada na C\u00e2mara.<\/p>\n<p style=\"text-align: justify;\" data-gtm-vis-recent-on-screen-8752935_862=\"31902\" data-gtm-vis-first-on-screen-8752935_862=\"31902\" data-gtm-vis-total-visible-time-8752935_862=\"100\" data-gtm-vis-has-fired-8752935_862=\"1\" data-gtm-vis-recent-on-screen-8752935_866=\"31904\" data-gtm-vis-first-on-screen-8752935_866=\"31904\" data-gtm-vis-total-visible-time-8752935_866=\"100\" data-gtm-vis-has-fired-8752935_866=\"1\">Nesse contexto, h\u00e1 chances de o pr\u00f3prio PT se candidatar ou de apoiar um deputado de uma legenda maior ao posto, em troca de apoio ao governo. A presid\u00eancia da CCJ tamb\u00e9m \u00e9 cobi\u00e7ada por\u00a0PL\u00a0e\u00a0Uni\u00e3o Brasil.<\/p>\n<p style=\"text-align: justify;\" data-gtm-vis-recent-on-screen-8752935_862=\"31902\" data-gtm-vis-first-on-screen-8752935_862=\"31902\" data-gtm-vis-total-visible-time-8752935_862=\"100\" data-gtm-vis-has-fired-8752935_862=\"1\" data-gtm-vis-recent-on-screen-8752935_866=\"31904\" data-gtm-vis-first-on-screen-8752935_866=\"31904\" data-gtm-vis-total-visible-time-8752935_866=\"100\" data-gtm-vis-has-fired-8752935_866=\"1\"><span style=\"font-size: revert; color: initial;\">\u201cTenho consci\u00eancia que isso (apoio do PT) n\u00e3o depende apenas do presidente Lula ou do partido. Essa \u00e9 uma constru\u00e7\u00e3o da C\u00e2mara dos Deputados\u201d, disse Janones \u00e0 coluna.<\/span><\/p>\n<p style=\"text-align: justify;\">Apesar do aviso do PT, Janones defende como leg\u00edtima sua busca por espa\u00e7o de relev\u00e2ncia na C\u00e2mara. Ele avalia que tem apoio popular e amadureceu ao longo do primeiro mandato.<\/p>\n<p><em>Fonte: Metr\u00f3poles<\/em><\/p>\n","protected":false},"excerpt":{"rendered":"<p>Lideran\u00e7as do\u00a0PT\u00a0deram um banho de \u00e1gua fria nas pretens\u00f5es do deputado federal\u00a0Andr\u00e9 Janones\u00a0(Avante-MG) de tentar ser presidente da\u00a0Comiss\u00e3o de Constitui\u00e7\u00e3o e Justi\u00e7a\u00a0(CCJ) da\u00a0C\u00e2mara. Em conversas com Janones, l\u00edderes petistas avisaram que ser\u00e1 muito dificil o PT apoiar a candidatura do deputado ao comando da comiss\u00e3o, considerada a mais importante da Casa. O aviso foi dado [&hellip;]<\/p>\n","protected":false},"author":1,"featured_media":48270,"comment_status":"closed","ping_status":"open","sticky":false,"template":"","format":"standard","meta":{"_uag_custom_page_level_css":"","_monsterinsights_skip_tracking":false,"_monsterinsights_sitenote_active":false,"_monsterinsights_sitenote_note":"","_monsterinsights_sitenote_category":0,"jetpack_post_was_ever_published":false,"_jetpack_newsletter_access":"","_jetpack_dont_email_post_to_subs":false,"_jetpack_newsletter_tier_id":0,"_jetpack_memberships_contains_paywalled_content":false,"_jetpack_memberships_contains_paid_content":false,"footnotes":"","jetpack_publicize_message":"","jetpack_publicize_feature_enabled":true,"jetpack_social_post_already_shared":true,"jetpack_social_options":{"image_generator_settings":{"template":"highway","default_image_id":0,"font":"","enabled":false},"version":2}},"categories":[200,197],"tags":[10160,10451,52],"class_list":["post-48269","post","type-post","status-publish","format-standard","has-post-thumbnail","hentry","category-brasil","category-politica","tag-andre-janones","tag-ccj","tag-pt"],"jetpack_publicize_connections":[],"jetpack_featured_media_url":"https:\/\/blogopara.com.br\/wp-content\/uploads\/2023\/01\/WhatsApp-Image-2022-08-09-at-19.17.24-e1673119932430.webp","uagb_featured_image_src":{"full":["https:\/\/blogopara.com.br\/wp-content\/uploads\/2023\/01\/WhatsApp-Image-2022-08-09-at-19.17.24-e1673119932430.webp",500,337,false],"thumbnail":["https:\/\/blogopara.com.br\/wp-content\/uploads\/2023\/01\/WhatsApp-Image-2022-08-09-at-19.17.24-150x150.webp",150,150,true],"medium":["https:\/\/blogopara.com.br\/wp-content\/uploads\/2023\/01\/WhatsApp-Image-2022-08-09-at-19.17.24-300x202.webp",300,202,true],"medium_large":["https:\/\/blogopara.com.br\/wp-content\/uploads\/2023\/01\/WhatsApp-Image-2022-08-09-at-19.17.24-768x518.webp",640,432,true],"large":["https:\/\/blogopara.com.br\/wp-content\/uploads\/2023\/01\/WhatsApp-Image-2022-08-09-at-19.17.24-e1673119932430.webp",500,337,false],"1536x1536":["https:\/\/blogopara.com.br\/wp-content\/uploads\/2023\/01\/WhatsApp-Image-2022-08-09-at-19.17.24-e1673119932430.webp",500,337,false],"2048x2048":["https:\/\/blogopara.com.br\/wp-content\/uploads\/2023\/01\/WhatsApp-Image-2022-08-09-at-19.17.24-e1673119932430.webp",500,337,false],"mantranews-slider-large":["https:\/\/blogopara.com.br\/wp-content\/uploads\/2023\/01\/WhatsApp-Image-2022-08-09-at-19.17.24-1020x691.webp",1020,691,true],"mantranews-featured-medium":["https:\/\/blogopara.com.br\/wp-content\/uploads\/2023\/01\/WhatsApp-Image-2022-08-09-at-19.17.24-420x307.webp",420,307,true],"mantranews-featured-long":["https:\/\/blogopara.com.br\/wp-content\/uploads\/2023\/01\/WhatsApp-Image-2022-08-09-at-19.17.24-300x443.webp",300,443,true],"mantranews-block-medium":["https:\/\/blogopara.com.br\/wp-content\/uploads\/2023\/01\/WhatsApp-Image-2022-08-09-at-19.17.24-464x290.webp",464,290,true],"mantranews-carousel-image":["https:\/\/blogopara.com.br\/wp-content\/uploads\/2023\/01\/WhatsApp-Image-2022-08-09-at-19.17.24-600x500.webp",600,500,true],"mantranews-block-thumb":["https:\/\/blogopara.com.br\/wp-content\/uploads\/2023\/01\/WhatsApp-Image-2022-08-09-at-19.17.24-322x230.webp",322,230,true],"mantranews-single-large":["https:\/\/blogopara.com.br\/wp-content\/uploads\/2023\/01\/WhatsApp-Image-2022-08-09-at-19.17.24-1024x642.webp",1024,642,true]},"uagb_author_info":{"display_name":"Reda\u00e7\u00e3o geral","author_link":"https:\/\/blogopara.com.br\/index.php\/author\/blogopara"},"uagb_comment_info":0,"uagb_excerpt":"Lideran\u00e7as do\u00a0PT\u00a0deram um banho de \u00e1gua fria nas pretens\u00f5es do deputado federal\u00a0Andr\u00e9 Janones\u00a0(Avante-MG) de tentar ser presidente da\u00a0Comiss\u00e3o de Constitui\u00e7\u00e3o e Justi\u00e7a\u00a0(CCJ) da\u00a0C\u00e2mara. Em conversas com Janones, l\u00edderes petistas avisaram que ser\u00e1 muito dificil o PT apoiar a candidatura do deputado ao comando da comiss\u00e3o, considerada a mais importante da Casa. O aviso foi dado&hellip;","jetpack_sharing_enabled":true,"jetpack_likes_enabled":true,"_links":{"self":[{"href":"https:\/\/blogopara.com.br\/index.php\/wp-json\/wp\/v2\/posts\/48269","targetHints":{"allow":["GET"]}}],"collection":[{"href":"https:\/\/blogopara.com.br\/index.php\/wp-json\/wp\/v2\/posts"}],"about":[{"href":"https:\/\/blogopara.com.br\/index.php\/wp-json\/wp\/v2\/types\/post"}],"author":[{"embeddable":true,"href":"https:\/\/blogopara.com.br\/index.php\/wp-json\/wp\/v2\/users\/1"}],"replies":[{"embeddable":true,"href":"https:\/\/blogopara.com.br\/index.php\/wp-json\/wp\/v2\/comments?post=48269"}],"version-history":[{"count":1,"href":"https:\/\/blogopara.com.br\/index.php\/wp-json\/wp\/v2\/posts\/48269\/revisions"}],"predecessor-version":[{"id":48271,"href":"https:\/\/blogopara.com.br\/index.php\/wp-json\/wp\/v2\/posts\/48269\/revisions\/48271"}],"wp:featuredmedia":[{"embeddable":true,"href":"https:\/\/blogopara.com.br\/index.php\/wp-json\/wp\/v2\/media\/48270"}],"wp:attachment":[{"href":"https:\/\/blogopara.com.br\/index.php\/wp-json\/wp\/v2\/media?parent=48269"}],"wp:term":[{"taxonomy":"category","embeddable":true,"href":"https:\/\/blogopara.com.br\/index.php\/wp-json\/wp\/v2\/categories?post=48269"},{"taxonomy":"post_tag","embeddable":true,"href":"https:\/\/blogopara.com.br\/index.php\/wp-json\/wp\/v2\/tags?post=48269"}],"curies":[{"name":"wp","href":"https:\/\/api.w.org\/{rel}","templated":true}]}}