{"id":48279,"date":"2023-01-08T09:44:00","date_gmt":"2023-01-08T12:44:00","guid":{"rendered":"https:\/\/blogopara.com.br\/?p=48279"},"modified":"2023-01-08T07:54:39","modified_gmt":"2023-01-08T10:54:39","slug":"ja-carnaval-cidade-apos-dois-anos-sem-ter-festa-momesca-e-confirmada-em-fevereiro","status":"publish","type":"post","link":"https:\/\/blogopara.com.br\/index.php\/2023\/01\/08\/ja-carnaval-cidade-apos-dois-anos-sem-ter-festa-momesca-e-confirmada-em-fevereiro","title":{"rendered":"J\u00e1 carnaval cidade: Ap\u00f3s dois anos sem ter,  festa momesca \u00e9 confirmada em fevereiro"},"content":{"rendered":"<div id=\"chunk-dcuor\">\n<div class=\"mc-column content-text active-extra-styles \" data-block-type=\"unstyled\" data-block-weight=\"50\" data-block-id=\"3\">\n<p class=\"content-text__container \" style=\"text-align: justify;\" data-track-category=\"Link no Texto\" data-track-links=\"\">A cidade de&nbsp;Juazeiro, no norte da Bahia, voltar\u00e1 a ter Carnaval depois da folia ter sido suspensa por dois anos durante a pandemia da Covid-19. Por meio de nota nas redes sociais, a prefeitura do munic\u00edpio sinalizou que a festa est\u00e1 garantida de 3 a 5 de Fevereiro.<\/p>\n<\/div>\n<\/div>\n<div class=\"wall protected-content\">\n<div id=\"chunk-d6649\" style=\"text-align: justify;\">\n<div class=\"mc-column content-text active-extra-styles \" data-block-type=\"unstyled\" data-block-weight=\"7\" data-block-id=\"4\">\n<p class=\"content-text__container \" data-track-category=\"Link no Texto\" data-track-links=\"\">Ainda n\u00e3o foram confirmadas as atra\u00e7\u00f5es.<\/p>\n<\/div>\n<\/div>\n<div id=\"chunk-dlgbv\" style=\"text-align: justify;\">\n<div class=\"mc-column content-text active-extra-styles \" data-block-type=\"unstyled\" data-block-weight=\"39\" data-block-id=\"5\">\n<p class=\"content-text__container \" data-track-category=\"Link no Texto\" data-track-links=\"\">O \u00faltimo Carnaval em Juazeiro aconteceu em 2020 com tr\u00eas pontos de programa\u00e7\u00e3o. O principal local da folia \u00e9 a Avenida Adolfo Viana, com cerca de 1.800 metros, por onde passam as estrelas da m\u00fasica em trios el\u00e9tricos.<\/p>\n<\/div>\n<\/div>\n<div id=\"chunk-82tj7\" style=\"text-align: justify;\">\n<div class=\"mc-column content-text active-extra-styles \" data-block-type=\"unstyled\" data-block-weight=\"11\" data-block-id=\"6\">\n<p class=\"content-text__container \" data-track-category=\"Link no Texto\" data-track-links=\"\">Foram cerca de 80 atra\u00e7\u00f5es que animaram 50 mil pessoas.<\/p>\n<\/div>\n<\/div>\n<div id=\"chunk-b14as\">\n<div class=\"mc-column content-text active-extra-styles \" data-block-type=\"unstyled\" data-block-weight=\"31\" data-block-id=\"8\">\n<p class=\"content-text__container \" style=\"text-align: justify;\" data-track-category=\"Link no Texto\" data-track-links=\"\">Juazeiro \u00e9 conhecida por uma filha ilustre: Ivete Sangalo. Um dos maiores nomes do Carnaval nasceu na cidade e movimentou o cen\u00e1rio local no ano passado, quando comemorou 50 anos.<\/p>\n<p data-track-category=\"Link no Texto\" data-track-links=\"\"><em>Fonte: g1 Bahia<\/em><\/p>\n<\/div>\n<\/div>\n<\/div>\n","protected":false},"excerpt":{"rendered":"<p>A cidade de&nbsp;Juazeiro, no norte da Bahia, voltar\u00e1 a ter Carnaval depois da folia ter sido suspensa por dois anos durante a pandemia da Covid-19. Por meio de nota nas redes sociais, a prefeitura do munic\u00edpio sinalizou que a festa est\u00e1 garantida de 3 a 5 de Fevereiro. Ainda n\u00e3o foram confirmadas as atra\u00e7\u00f5es. O [&hellip;]<\/p>\n","protected":false},"author":1,"featured_media":48280,"comment_status":"closed","ping_status":"open","sticky":false,"template":"","format":"standard","meta":{"_uag_custom_page_level_css":"","_monsterinsights_skip_tracking":false,"_monsterinsights_sitenote_active":false,"_monsterinsights_sitenote_note":"","_monsterinsights_sitenote_category":0,"jetpack_post_was_ever_published":false,"_jetpack_newsletter_access":"","_jetpack_dont_email_post_to_subs":false,"_jetpack_newsletter_tier_id":0,"_jetpack_memberships_contains_paywalled_content":false,"_jetpack_memberships_contains_paid_content":false,"footnotes":"","jetpack_publicize_message":"","jetpack_publicize_feature_enabled":true,"jetpack_social_post_already_shared":true,"jetpack_social_options":{"image_generator_settings":{"template":"highway","default_image_id":0,"font":"","enabled":false},"version":2}},"categories":[203],"tags":[973,143],"class_list":["post-48279","post","type-post","status-publish","format-standard","has-post-thumbnail","hentry","category-juazeiro","tag-carnaval","tag-juazeiro-da-bahia"],"jetpack_publicize_connections":[],"jetpack_featured_media_url":"https:\/\/blogopara.com.br\/wp-content\/uploads\/2023\/01\/carnaval-e1673120891148.jpg","uagb_featured_image_src":{"full":["https:\/\/blogopara.com.br\/wp-content\/uploads\/2023\/01\/carnaval-e1673120891148.jpg",500,281,false],"thumbnail":["https:\/\/blogopara.com.br\/wp-content\/uploads\/2023\/01\/carnaval-150x150.jpg",150,150,true],"medium":["https:\/\/blogopara.com.br\/wp-content\/uploads\/2023\/01\/carnaval-300x169.jpg",300,169,true],"medium_large":["https:\/\/blogopara.com.br\/wp-content\/uploads\/2023\/01\/carnaval-e1673120891148.jpg",500,281,false],"large":["https:\/\/blogopara.com.br\/wp-content\/uploads\/2023\/01\/carnaval-e1673120891148.jpg",500,281,false],"1536x1536":["https:\/\/blogopara.com.br\/wp-content\/uploads\/2023\/01\/carnaval-e1673120891148.jpg",500,281,false],"2048x2048":["https:\/\/blogopara.com.br\/wp-content\/uploads\/2023\/01\/carnaval-e1673120891148.jpg",500,281,false],"mantranews-slider-large":["https:\/\/blogopara.com.br\/wp-content\/uploads\/2023\/01\/carnaval-e1673120891148.jpg",500,281,false],"mantranews-featured-medium":["https:\/\/blogopara.com.br\/wp-content\/uploads\/2023\/01\/carnaval-420x307.jpg",420,307,true],"mantranews-featured-long":["https:\/\/blogopara.com.br\/wp-content\/uploads\/2023\/01\/carnaval-300x422.jpg",300,422,true],"mantranews-block-medium":["https:\/\/blogopara.com.br\/wp-content\/uploads\/2023\/01\/carnaval-464x290.jpg",464,290,true],"mantranews-carousel-image":["https:\/\/blogopara.com.br\/wp-content\/uploads\/2023\/01\/carnaval-600x422.jpg",600,422,true],"mantranews-block-thumb":["https:\/\/blogopara.com.br\/wp-content\/uploads\/2023\/01\/carnaval-322x230.jpg",322,230,true],"mantranews-single-large":["https:\/\/blogopara.com.br\/wp-content\/uploads\/2023\/01\/carnaval-e1673120891148.jpg",500,281,false]},"uagb_author_info":{"display_name":"Reda\u00e7\u00e3o geral","author_link":"https:\/\/blogopara.com.br\/index.php\/author\/blogopara"},"uagb_comment_info":0,"uagb_excerpt":"A cidade de&nbsp;Juazeiro, no norte da Bahia, voltar\u00e1 a ter Carnaval depois da folia ter sido suspensa por dois anos durante a pandemia da Covid-19. Por meio de nota nas redes sociais, a prefeitura do munic\u00edpio sinalizou que a festa est\u00e1 garantida de 3 a 5 de Fevereiro. Ainda n\u00e3o foram confirmadas as atra\u00e7\u00f5es. O&hellip;","jetpack_sharing_enabled":true,"jetpack_likes_enabled":true,"_links":{"self":[{"href":"https:\/\/blogopara.com.br\/index.php\/wp-json\/wp\/v2\/posts\/48279","targetHints":{"allow":["GET"]}}],"collection":[{"href":"https:\/\/blogopara.com.br\/index.php\/wp-json\/wp\/v2\/posts"}],"about":[{"href":"https:\/\/blogopara.com.br\/index.php\/wp-json\/wp\/v2\/types\/post"}],"author":[{"embeddable":true,"href":"https:\/\/blogopara.com.br\/index.php\/wp-json\/wp\/v2\/users\/1"}],"replies":[{"embeddable":true,"href":"https:\/\/blogopara.com.br\/index.php\/wp-json\/wp\/v2\/comments?post=48279"}],"version-history":[{"count":2,"href":"https:\/\/blogopara.com.br\/index.php\/wp-json\/wp\/v2\/posts\/48279\/revisions"}],"predecessor-version":[{"id":48290,"href":"https:\/\/blogopara.com.br\/index.php\/wp-json\/wp\/v2\/posts\/48279\/revisions\/48290"}],"wp:featuredmedia":[{"embeddable":true,"href":"https:\/\/blogopara.com.br\/index.php\/wp-json\/wp\/v2\/media\/48280"}],"wp:attachment":[{"href":"https:\/\/blogopara.com.br\/index.php\/wp-json\/wp\/v2\/media?parent=48279"}],"wp:term":[{"taxonomy":"category","embeddable":true,"href":"https:\/\/blogopara.com.br\/index.php\/wp-json\/wp\/v2\/categories?post=48279"},{"taxonomy":"post_tag","embeddable":true,"href":"https:\/\/blogopara.com.br\/index.php\/wp-json\/wp\/v2\/tags?post=48279"}],"curies":[{"name":"wp","href":"https:\/\/api.w.org\/{rel}","templated":true}]}}