{"id":48282,"date":"2023-01-08T10:05:00","date_gmt":"2023-01-08T13:05:00","guid":{"rendered":"https:\/\/blogopara.com.br\/?p=48282"},"modified":"2023-01-08T08:42:39","modified_gmt":"2023-01-08T11:42:39","slug":"aliado-de-ministra-do-turismo-ja-foi-preso-apos-ser-flagrado-por-cameras-armado-em-ameaca-a-empresario","status":"publish","type":"post","link":"https:\/\/blogopara.com.br\/index.php\/2023\/01\/08\/aliado-de-ministra-do-turismo-ja-foi-preso-apos-ser-flagrado-por-cameras-armado-em-ameaca-a-empresario","title":{"rendered":"Aliado de ministra do Turismo j\u00e1 foi preso ap\u00f3s ser flagrado por c\u00e2meras, armado, em amea\u00e7a a empres\u00e1rio"},"content":{"rendered":"<p style=\"text-align: justify;\">Acusado de comandar uma mil\u00edcia, F\u00e1bio Augusto de Oliveira Brasil, o Fabinho Varand\u00e3o, que pediu votos para a ministra do Turismo, Daniela Carneiro (Uni\u00e3o Brasil), circula com homens armados por Belford Roxo e amea\u00e7a empres\u00e1rios que tentam oferecer servi\u00e7os de internet. A informa\u00e7\u00e3o consta da investiga\u00e7\u00e3o da Pol\u00edcia Civil e do Minist\u00e9rio P\u00fablico do Rio (MPRJ) que o levou \u00e0 pris\u00e3o, em dezembro de 2018.<\/p>\n<p style=\"text-align: justify;\">Ele \u00e9 vereador no munic\u00edpio e j\u00e1 foi nomeado pelo prefeito da cidade, Waguinho, marido da ministra, para v\u00e1rios cargos na prefeitura. At\u00e9 hoje, Varand\u00e3o \u00e9 r\u00e9u na Justi\u00e7a sob a acusa\u00e7\u00e3o de comandar um grupo paramilitar que monopoliza o sinal clandestino de TV e internet e a venda de g\u00e1s de cozinha em dez bairros.<\/p>\n<p style=\"text-align: justify;\">Um empres\u00e1rio que havia acabado de abrir uma empresa de internet em Belford Roxo contou em 2018 \u00e0 pol\u00edcia que Fabinho Varand\u00e3o foi at\u00e9 a sua casa dois anos antes com \u201cseis homens armados\u201d, interrompeu a festa de anivers\u00e1rio de 20 anos de seu filho e o amea\u00e7ou. \u201cBrasil, ao chegar, desembarcou do carro com uma pistola na m\u00e3o e a guardou na cintura\u201d, disse a v\u00edtima. Em seguida, o acusado foi at\u00e9 o empres\u00e1rio e disse, segundo o depoimento: \u201cEstou sabendo que voc\u00ea est\u00e1 montando um provedor de internet, est\u00e1 cabeando na minha \u00e1rea, pode tirar tudo que a \u00e1rea \u00e9 minha\u201d. Depois da amea\u00e7a, os convidados da festa foram embora, \u201cdiante de tamanho constrangimento\u201d, contou a v\u00edtima. O empres\u00e1rio ficou com medo e tirou todo o equipamento do local.<\/p>\n<div class=\"caas-da\" style=\"text-align: justify;\">\n<div id=\"defaultINARTICLE\"><\/div>\n<\/div>\n<p style=\"text-align: justify;\">A cena descrita pelo homem foi registrada pelas c\u00e2meras de seguran\u00e7a da casa. As imagens mostram quatro pessoas armadas saindo de uma caminhonete e abordando o empres\u00e1rio. O vereador foi reconhecido como um dos homens. Uma testemunha que estava no local corroborou o depoimento da v\u00edtima e acrescentou que F\u00e1bio ainda teria dito, antes de ir embora: \u201cSe n\u00e3o retirar (os equipamentos), vou matar todos\u201d.<\/p>\n<p style=\"text-align: justify;\">Com base nessas provas, o MPRJ pediu a pris\u00e3o do acusado, que foi decretada pela ju\u00edza Alessandra da Rocha Lima Roidis, da 1\u00aa Vara Criminal de Belford Roxo. Segundo a decis\u00e3o, \u201cimagens de c\u00e2mera de seguran\u00e7a revelam que Fabinho Varand\u00e3o imp\u00f5e o terror no munic\u00edpio, pois circula armado na regi\u00e3o e conta com prote\u00e7\u00e3o de seguran\u00e7as\u201d. Na a\u00e7\u00e3o que culminou na pris\u00e3o, a pol\u00edcia apreendeu duas armas, um colete \u00e0 prova de balas e R$ 70 mil em esp\u00e9cie em sua casa. Ele responde pelos crimes de extors\u00e3o e porte ilegal de arma de fogo.<\/p>\n<p style=\"text-align: justify;\">O vereador foi solto em julho de 2019 e, desde ent\u00e3o, responde ao processo em liberdade, precisando comparecer mensalmente ao f\u00f3rum da cidade. Em 2020, ele foi reeleito como vereador mais votado de Belford Roxo, ap\u00f3s fazer campanha junto com Waguinho. As acusa\u00e7\u00f5es n\u00e3o impediram Varand\u00e3o de ganhar v\u00e1rios cargos na prefeitura de Belford Roxo ap\u00f3s a reelei\u00e7\u00e3o. Desde 2021, ele foi nomeado, pelo prefeito, secret\u00e1rio de Defesa Civil, da Pessoa com Defici\u00eancia e, em maio do ano passado, de Ci\u00eancia e Tecnologia.<\/p>\n<p style=\"text-align: justify;\">O GLOBO n\u00e3o conseguiu contato com Fabinho Varand\u00e3o. No processo, sua defesa alegou que \u201co fato narrado \u00e9 absolutamente inver\u00eddico\u201d e configura \u201cuma verdadeira injusti\u00e7a\u201d.<\/p>\n<p><em>Fonte: Jornal O Globo<\/em><\/p>\n","protected":false},"excerpt":{"rendered":"<p>Acusado de comandar uma mil\u00edcia, F\u00e1bio Augusto de Oliveira Brasil, o Fabinho Varand\u00e3o, que pediu votos para a ministra do Turismo, Daniela Carneiro (Uni\u00e3o Brasil), circula com homens armados por Belford Roxo e amea\u00e7a empres\u00e1rios que tentam oferecer servi\u00e7os de internet. A informa\u00e7\u00e3o consta da investiga\u00e7\u00e3o da Pol\u00edcia Civil e do Minist\u00e9rio P\u00fablico do Rio [&hellip;]<\/p>\n","protected":false},"author":1,"featured_media":48285,"comment_status":"closed","ping_status":"open","sticky":false,"template":"","format":"standard","meta":{"_uag_custom_page_level_css":"","_monsterinsights_skip_tracking":false,"_monsterinsights_sitenote_active":false,"_monsterinsights_sitenote_note":"","_monsterinsights_sitenote_category":0,"jetpack_post_was_ever_published":false,"_jetpack_newsletter_access":"","_jetpack_dont_email_post_to_subs":false,"_jetpack_newsletter_tier_id":0,"_jetpack_memberships_contains_paywalled_content":false,"_jetpack_memberships_contains_paid_content":false,"footnotes":"","jetpack_publicize_message":"","jetpack_publicize_feature_enabled":true,"jetpack_social_post_already_shared":true,"jetpack_social_options":{"image_generator_settings":{"template":"highway","default_image_id":0,"font":"","enabled":false},"version":2}},"categories":[200],"tags":[10420,42,10421],"class_list":["post-48282","post","type-post","status-publish","format-standard","has-post-thumbnail","hentry","category-brasil","tag-daniela-carneiro","tag-milicia","tag-ministerio-do-turismo"],"jetpack_publicize_connections":[],"jetpack_featured_media_url":"https:\/\/blogopara.com.br\/wp-content\/uploads\/2023\/01\/13b616bcb12c7370cb39aeca27da00f8-e1673125992867.jpg","uagb_featured_image_src":{"full":["https:\/\/blogopara.com.br\/wp-content\/uploads\/2023\/01\/13b616bcb12c7370cb39aeca27da00f8-e1673125992867.jpg",447,332,false],"thumbnail":["https:\/\/blogopara.com.br\/wp-content\/uploads\/2023\/01\/13b616bcb12c7370cb39aeca27da00f8-e1673125992867-150x150.jpg",150,150,true],"medium":["https:\/\/blogopara.com.br\/wp-content\/uploads\/2023\/01\/13b616bcb12c7370cb39aeca27da00f8-e1673125992867-300x223.jpg",300,223,true],"medium_large":["https:\/\/blogopara.com.br\/wp-content\/uploads\/2023\/01\/13b616bcb12c7370cb39aeca27da00f8-e1673125992867.jpg",447,332,false],"large":["https:\/\/blogopara.com.br\/wp-content\/uploads\/2023\/01\/13b616bcb12c7370cb39aeca27da00f8-e1673125992867.jpg",447,332,false],"1536x1536":["https:\/\/blogopara.com.br\/wp-content\/uploads\/2023\/01\/13b616bcb12c7370cb39aeca27da00f8-e1673125992867.jpg",447,332,false],"2048x2048":["https:\/\/blogopara.com.br\/wp-content\/uploads\/2023\/01\/13b616bcb12c7370cb39aeca27da00f8-e1673125992867.jpg",447,332,false],"mantranews-slider-large":["https:\/\/blogopara.com.br\/wp-content\/uploads\/2023\/01\/13b616bcb12c7370cb39aeca27da00f8-e1673125992867.jpg",447,332,false],"mantranews-featured-medium":["https:\/\/blogopara.com.br\/wp-content\/uploads\/2023\/01\/13b616bcb12c7370cb39aeca27da00f8-e1673125992867-420x307.jpg",420,307,true],"mantranews-featured-long":["https:\/\/blogopara.com.br\/wp-content\/uploads\/2023\/01\/13b616bcb12c7370cb39aeca27da00f8-e1673125992867-300x332.jpg",300,332,true],"mantranews-block-medium":["https:\/\/blogopara.com.br\/wp-content\/uploads\/2023\/01\/13b616bcb12c7370cb39aeca27da00f8-e1673125992867-447x290.jpg",447,290,true],"mantranews-carousel-image":["https:\/\/blogopara.com.br\/wp-content\/uploads\/2023\/01\/13b616bcb12c7370cb39aeca27da00f8-e1673125992867.jpg",447,332,false],"mantranews-block-thumb":["https:\/\/blogopara.com.br\/wp-content\/uploads\/2023\/01\/13b616bcb12c7370cb39aeca27da00f8-e1673125992867-322x230.jpg",322,230,true],"mantranews-single-large":["https:\/\/blogopara.com.br\/wp-content\/uploads\/2023\/01\/13b616bcb12c7370cb39aeca27da00f8-e1673125992867.jpg",447,332,false]},"uagb_author_info":{"display_name":"Reda\u00e7\u00e3o geral","author_link":"https:\/\/blogopara.com.br\/index.php\/author\/blogopara"},"uagb_comment_info":0,"uagb_excerpt":"Acusado de comandar uma mil\u00edcia, F\u00e1bio Augusto de Oliveira Brasil, o Fabinho Varand\u00e3o, que pediu votos para a ministra do Turismo, Daniela Carneiro (Uni\u00e3o Brasil), circula com homens armados por Belford Roxo e amea\u00e7a empres\u00e1rios que tentam oferecer servi\u00e7os de internet. A informa\u00e7\u00e3o consta da investiga\u00e7\u00e3o da Pol\u00edcia Civil e do Minist\u00e9rio P\u00fablico do Rio&hellip;","jetpack_sharing_enabled":true,"jetpack_likes_enabled":true,"_links":{"self":[{"href":"https:\/\/blogopara.com.br\/index.php\/wp-json\/wp\/v2\/posts\/48282","targetHints":{"allow":["GET"]}}],"collection":[{"href":"https:\/\/blogopara.com.br\/index.php\/wp-json\/wp\/v2\/posts"}],"about":[{"href":"https:\/\/blogopara.com.br\/index.php\/wp-json\/wp\/v2\/types\/post"}],"author":[{"embeddable":true,"href":"https:\/\/blogopara.com.br\/index.php\/wp-json\/wp\/v2\/users\/1"}],"replies":[{"embeddable":true,"href":"https:\/\/blogopara.com.br\/index.php\/wp-json\/wp\/v2\/comments?post=48282"}],"version-history":[{"count":1,"href":"https:\/\/blogopara.com.br\/index.php\/wp-json\/wp\/v2\/posts\/48282\/revisions"}],"predecessor-version":[{"id":48286,"href":"https:\/\/blogopara.com.br\/index.php\/wp-json\/wp\/v2\/posts\/48282\/revisions\/48286"}],"wp:featuredmedia":[{"embeddable":true,"href":"https:\/\/blogopara.com.br\/index.php\/wp-json\/wp\/v2\/media\/48285"}],"wp:attachment":[{"href":"https:\/\/blogopara.com.br\/index.php\/wp-json\/wp\/v2\/media?parent=48282"}],"wp:term":[{"taxonomy":"category","embeddable":true,"href":"https:\/\/blogopara.com.br\/index.php\/wp-json\/wp\/v2\/categories?post=48282"},{"taxonomy":"post_tag","embeddable":true,"href":"https:\/\/blogopara.com.br\/index.php\/wp-json\/wp\/v2\/tags?post=48282"}],"curies":[{"name":"wp","href":"https:\/\/api.w.org\/{rel}","templated":true}]}}