{"id":48334,"date":"2023-01-09T12:13:28","date_gmt":"2023-01-09T15:13:28","guid":{"rendered":"https:\/\/blogopara.com.br\/?p=48334"},"modified":"2023-01-09T12:13:30","modified_gmt":"2023-01-09T15:13:30","slug":"gestao-suzana-ramos-impulsionou-cultura-e-turismo-com-diversas-acoes-ineditas-em-juazeiro","status":"publish","type":"post","link":"https:\/\/blogopara.com.br\/index.php\/2023\/01\/09\/gestao-suzana-ramos-impulsionou-cultura-e-turismo-com-diversas-acoes-ineditas-em-juazeiro","title":{"rendered":"Gest\u00e3o Suzana Ramos impulsionou cultura e turismo com diversas a\u00e7\u00f5es in\u00e9ditas em Juazeiro"},"content":{"rendered":"<p style=\"text-align: justify;\">Fortalecer a cultura e a arte de Juazeiro em suas diversas formas \u00e9 um dos compromissos da gest\u00e3o da prefeita Suzana Ramos. A prefeitura, atrav\u00e9s da Secretaria de Cultura, Turismo e Esportes (Seculte) realizou diversas a\u00e7\u00f5es que impulsionam a economia, o turismo e o lazer no munic\u00edpio em 2022.<br aria-hidden=\"true\" \/><br aria-hidden=\"true\" \/>Em maio, a Prefeitura de Juazeiro foi uma das parceiras no 1\u00ba Sal\u00e3o de Turismo do Vale do S\u00e3o Francisco, em Petrolina. Com um stand que apresentava um pouco da hist\u00f3ria e riquezas locais, a pr\u00f3xima edi\u00e7\u00e3o, em 2023, acontecer\u00e1 em Juazeiro. Foi tamb\u00e9m em maio que foram iniciados os festejos com a valoriza\u00e7\u00e3o de artistas da terra e bandas da regi\u00e3o com a comemora\u00e7\u00e3o da padroeira de Carna\u00edba do Sert\u00e3o.<br aria-hidden=\"true\" \/><br aria-hidden=\"true\" \/><br aria-hidden=\"true\" \/><b>M\u00eas junino<\/b><br aria-hidden=\"true\" \/><br aria-hidden=\"true\" \/>J\u00e1 no tradicional m\u00eas junino, Juazeiro presenciou uma verdadeira transforma\u00e7\u00e3o no calend\u00e1rio de festas. Isso porque a prefeita Suzana Ramos lan\u00e7ou o Santo Ant\u00f4nio das Tradi\u00e7\u00f5es, que vai virar tradi\u00e7\u00e3o na cidade. Com sucesso de p\u00fablico, a orla da cidade ficou lotada durante tr\u00eas dias. E n\u00e3o parou por a\u00ed. O munic\u00edpio presenciou um belo concurso de quadrilhas, resgatando a cultura raiz de S\u00e3o Jo\u00e3o. J\u00e1 em Juremal, distrito de Juazeiro, a festa junina foi motivo de orgulho para todos que presenciaram e organizaram o evento. A gest\u00e3o municipal ainda garantiu o apoio a quase 30 comunidades para a realiza\u00e7\u00e3o do S\u00e3o Jo\u00e3o dos Bairros.<br aria-hidden=\"true\" \/><br aria-hidden=\"true\" \/><b>Anivers\u00e1rio da cidade \u00a0<\/b><br aria-hidden=\"true\" \/><br aria-hidden=\"true\" \/>In\u00e9dito no munic\u00edpio, a Copa Vela e a Copa Fest tamb\u00e9m vieram pra ficar. Idealizadora dos dois eventos, a prefeita Suzana Ramos rendeu muitos agradecimentos. \u201cEu quero agradecer a todos os colaboradores e parceiros da gest\u00e3o municipal que nos ajudaram a tornar a Copa Vela e Copa Fest n\u00e3o s\u00f3 uma realidade, mas tamb\u00e9m um grande sucesso! E o agradecimento maior vai para o p\u00fablico, por comparecer, curtir e aplaudir de p\u00e9 essa realiza\u00e7\u00e3o t\u00e3o importante para a celebra\u00e7\u00e3o do anivers\u00e1rio da cidade. O nosso compromisso \u00e9 com as pessoas e a aprova\u00e7\u00e3o do p\u00fablico veio em forma de aplausos e sorrisos\u201d, declarou a gestora.<br aria-hidden=\"true\" \/><br aria-hidden=\"true\" \/>Ainda durante as comemora\u00e7\u00f5es do anivers\u00e1rio de Juazeiro, a prefeitura realizou uma importante interven\u00e7\u00e3o em um dos maiores s\u00edmbolos do turismo e hist\u00f3ria da cidade: o Vapor Saldanha Marinho, mais conhecido como Vaporzinho, teve as madeiras trocadas, ganhou nova ilumina\u00e7\u00e3o, espelho d\u2019\u00e1gua, al\u00e9m do apito e fuma\u00e7a que remetem ao passado, quando diversas embarca\u00e7\u00f5es subiam e desciam o Rio S\u00e3o Francisco.<br aria-hidden=\"true\" \/><br aria-hidden=\"true\" \/>Em agosto, as riquezas da cidade foram expostas na Pra\u00e7a da Catedral, atrav\u00e9s do Projeto \u201cBahia viaja na Bahia\u201d, realizado pela produtora Pau Viola Produ\u00e7\u00f5es Art\u00edsticas e apoio da Prefeitura de Juazeiro, atrav\u00e9s da Seculte.<br aria-hidden=\"true\" \/><br aria-hidden=\"true\" \/><b>Gastronomia<\/b><br aria-hidden=\"true\" \/><br aria-hidden=\"true\" \/>E falar de cultura e turismo \u00e9 falar tamb\u00e9m da riqueza gastron\u00f4mica do munic\u00edpio. O Festival Gastron\u00f4mico \u2018Sabores de Juazeiro\u2019, aconteceu em outubro e novembro em parceria com o Sebrae, movimentou os estabelecimentos comerciais com mais de 100 pratos inscritos no evento. O sucesso dessa segunda edi\u00e7\u00e3o foi t\u00e3o grande que o Festival j\u00e1 foi inclu\u00eddo no calend\u00e1rio de eventos do munic\u00edpio.<br aria-hidden=\"true\" \/><b><br aria-hidden=\"true\" \/>Tradi\u00e7\u00e3o e luz<\/b><br aria-hidden=\"true\" \/><br aria-hidden=\"true\" \/>E o \u00faltimo m\u00eas de 2022 n\u00e3o poderia ser mais iluminado. O Festival Ed\u00e9sio Santos da Can\u00e7\u00e3o, em sua 24\u00aa edi\u00e7\u00e3o, foi marcado por muito talento, alegria e festa. Mais de 180 can\u00e7\u00f5es in\u00e9ditas foram inscritas e as selecionadas deram um verdadeiro show na Orla II da cidade. O evento contou ainda com shows de Andrezza Santos, Maciel Melo e Jo\u00e3o Sereno, al\u00e9m de um dos maiores nomes da MPB, Oswaldo Montenegro.<br aria-hidden=\"true\" \/><br aria-hidden=\"true\" \/>O \u201cNatal Iluminado\u201d, implantado em 2021, tamb\u00e9m foi um sucesso no final do ano que passou. Com uma bela decora\u00e7\u00e3o, quem passava pela Orla 2 e pelo Vaporzinho, se encantou com as luzes, o pres\u00e9pio, as \u00e1rvores de Natal e o tren\u00f3 do Papai Noel que fez a alegria principalmente da crian\u00e7ada. O projeto in\u00e9dito e autoral, assinado por Devilles Sena, celebrou o nascimento de Cristo e promoveu diversas apresenta\u00e7\u00f5es culturais.<br aria-hidden=\"true\" \/><br aria-hidden=\"true\" \/>\u201cFoi um ano de muito trabalho, muito empenho e dedica\u00e7\u00e3o pela cultura e o turismo da cidade. E, para 2023 temos muito mais novidades, come\u00e7ando pela volta do Carnaval de Juazeiro e v\u00e1rios outros eventos que ir\u00e3o movimentar a cidade\u201d, promete o gestor da Seculte, S\u00e9rgio Fernandes.<\/p>\n","protected":false},"excerpt":{"rendered":"<p>Fortalecer a cultura e a arte de Juazeiro em suas diversas formas \u00e9 um dos compromissos da gest\u00e3o da prefeita Suzana Ramos. A prefeitura, atrav\u00e9s da Secretaria de Cultura, Turismo e Esportes (Seculte) realizou diversas a\u00e7\u00f5es que impulsionam a economia, o turismo e o lazer no munic\u00edpio em 2022.Em maio, a Prefeitura de Juazeiro foi [&hellip;]<\/p>\n","protected":false},"author":1,"featured_media":48335,"comment_status":"closed","ping_status":"open","sticky":false,"template":"","format":"standard","meta":{"_uag_custom_page_level_css":"","_monsterinsights_skip_tracking":false,"_monsterinsights_sitenote_active":false,"_monsterinsights_sitenote_note":"","_monsterinsights_sitenote_category":0,"jetpack_post_was_ever_published":false,"_jetpack_newsletter_access":"","_jetpack_dont_email_post_to_subs":false,"_jetpack_newsletter_tier_id":0,"_jetpack_memberships_contains_paywalled_content":false,"_jetpack_memberships_contains_paid_content":false,"footnotes":"","jetpack_publicize_message":"","jetpack_publicize_feature_enabled":true,"jetpack_social_post_already_shared":true,"jetpack_social_options":{"image_generator_settings":{"template":"highway","default_image_id":0,"font":"","enabled":false},"version":2}},"categories":[203,197],"tags":[],"class_list":["post-48334","post","type-post","status-publish","format-standard","has-post-thumbnail","hentry","category-juazeiro","category-politica"],"jetpack_publicize_connections":[],"jetpack_featured_media_url":"https:\/\/blogopara.com.br\/wp-content\/uploads\/2023\/01\/thumbnail_52137179047_8161774128_c-2.jpg","uagb_featured_image_src":{"full":["https:\/\/blogopara.com.br\/wp-content\/uploads\/2023\/01\/thumbnail_52137179047_8161774128_c-2.jpg",500,333,false],"thumbnail":["https:\/\/blogopara.com.br\/wp-content\/uploads\/2023\/01\/thumbnail_52137179047_8161774128_c-2-150x150.jpg",150,150,true],"medium":["https:\/\/blogopara.com.br\/wp-content\/uploads\/2023\/01\/thumbnail_52137179047_8161774128_c-2-300x200.jpg",300,200,true],"medium_large":["https:\/\/blogopara.com.br\/wp-content\/uploads\/2023\/01\/thumbnail_52137179047_8161774128_c-2.jpg",500,333,false],"large":["https:\/\/blogopara.com.br\/wp-content\/uploads\/2023\/01\/thumbnail_52137179047_8161774128_c-2.jpg",500,333,false],"1536x1536":["https:\/\/blogopara.com.br\/wp-content\/uploads\/2023\/01\/thumbnail_52137179047_8161774128_c-2.jpg",500,333,false],"2048x2048":["https:\/\/blogopara.com.br\/wp-content\/uploads\/2023\/01\/thumbnail_52137179047_8161774128_c-2.jpg",500,333,false],"mantranews-slider-large":["https:\/\/blogopara.com.br\/wp-content\/uploads\/2023\/01\/thumbnail_52137179047_8161774128_c-2.jpg",500,333,false],"mantranews-featured-medium":["https:\/\/blogopara.com.br\/wp-content\/uploads\/2023\/01\/thumbnail_52137179047_8161774128_c-2-420x307.jpg",420,307,true],"mantranews-featured-long":["https:\/\/blogopara.com.br\/wp-content\/uploads\/2023\/01\/thumbnail_52137179047_8161774128_c-2-300x333.jpg",300,333,true],"mantranews-block-medium":["https:\/\/blogopara.com.br\/wp-content\/uploads\/2023\/01\/thumbnail_52137179047_8161774128_c-2-464x290.jpg",464,290,true],"mantranews-carousel-image":["https:\/\/blogopara.com.br\/wp-content\/uploads\/2023\/01\/thumbnail_52137179047_8161774128_c-2.jpg",500,333,false],"mantranews-block-thumb":["https:\/\/blogopara.com.br\/wp-content\/uploads\/2023\/01\/thumbnail_52137179047_8161774128_c-2-322x230.jpg",322,230,true],"mantranews-single-large":["https:\/\/blogopara.com.br\/wp-content\/uploads\/2023\/01\/thumbnail_52137179047_8161774128_c-2.jpg",500,333,false]},"uagb_author_info":{"display_name":"Reda\u00e7\u00e3o geral","author_link":"https:\/\/blogopara.com.br\/index.php\/author\/blogopara"},"uagb_comment_info":0,"uagb_excerpt":"Fortalecer a cultura e a arte de Juazeiro em suas diversas formas \u00e9 um dos compromissos da gest\u00e3o da prefeita Suzana Ramos. A prefeitura, atrav\u00e9s da Secretaria de Cultura, Turismo e Esportes (Seculte) realizou diversas a\u00e7\u00f5es que impulsionam a economia, o turismo e o lazer no munic\u00edpio em 2022.Em maio, a Prefeitura de Juazeiro foi&hellip;","jetpack_sharing_enabled":true,"jetpack_likes_enabled":true,"_links":{"self":[{"href":"https:\/\/blogopara.com.br\/index.php\/wp-json\/wp\/v2\/posts\/48334","targetHints":{"allow":["GET"]}}],"collection":[{"href":"https:\/\/blogopara.com.br\/index.php\/wp-json\/wp\/v2\/posts"}],"about":[{"href":"https:\/\/blogopara.com.br\/index.php\/wp-json\/wp\/v2\/types\/post"}],"author":[{"embeddable":true,"href":"https:\/\/blogopara.com.br\/index.php\/wp-json\/wp\/v2\/users\/1"}],"replies":[{"embeddable":true,"href":"https:\/\/blogopara.com.br\/index.php\/wp-json\/wp\/v2\/comments?post=48334"}],"version-history":[{"count":1,"href":"https:\/\/blogopara.com.br\/index.php\/wp-json\/wp\/v2\/posts\/48334\/revisions"}],"predecessor-version":[{"id":48336,"href":"https:\/\/blogopara.com.br\/index.php\/wp-json\/wp\/v2\/posts\/48334\/revisions\/48336"}],"wp:featuredmedia":[{"embeddable":true,"href":"https:\/\/blogopara.com.br\/index.php\/wp-json\/wp\/v2\/media\/48335"}],"wp:attachment":[{"href":"https:\/\/blogopara.com.br\/index.php\/wp-json\/wp\/v2\/media?parent=48334"}],"wp:term":[{"taxonomy":"category","embeddable":true,"href":"https:\/\/blogopara.com.br\/index.php\/wp-json\/wp\/v2\/categories?post=48334"},{"taxonomy":"post_tag","embeddable":true,"href":"https:\/\/blogopara.com.br\/index.php\/wp-json\/wp\/v2\/tags?post=48334"}],"curies":[{"name":"wp","href":"https:\/\/api.w.org\/{rel}","templated":true}]}}