{"id":48395,"date":"2023-01-11T10:38:00","date_gmt":"2023-01-11T13:38:00","guid":{"rendered":"https:\/\/blogopara.com.br\/?p=48395"},"modified":"2023-01-10T19:41:24","modified_gmt":"2023-01-10T22:41:24","slug":"conselho-municipal-de-assistencia-social-de-juazeiro-abre-eleicao-para-novos-membros","status":"publish","type":"post","link":"https:\/\/blogopara.com.br\/index.php\/2023\/01\/11\/conselho-municipal-de-assistencia-social-de-juazeiro-abre-eleicao-para-novos-membros","title":{"rendered":"Conselho Municipal de Assist\u00eancia Social de Juazeiro abre elei\u00e7\u00e3o para novos membros"},"content":{"rendered":"<p style=\"text-align: justify;\">Foram abertas nesta segunda-feira (9) e seguem at\u00e9 a sexta-feira (13), as inscri\u00e7\u00f5es para os novos membros do Conselho Municipal de Assist\u00eancia Social (CMAS) de Juazeiro para o bi\u00eanio 2023\/2025.<br aria-hidden=\"true\" \/><br aria-hidden=\"true\" \/>De acordo com a coordenadora geral da Assessoria de Articula\u00e7\u00e3o Interinstitucional da Casa dos Conselhos, Clarice Ferrari, poder\u00e3o participar do processo eleitoral, exclusivamente, os segmentos de representa\u00e7\u00e3o da sociedade civil que tenham atua\u00e7\u00e3o no munic\u00edpio de Juazeiro &#8211; BA, os quais poder\u00e3o ser habilitados ao processo eleitoral na condi\u00e7\u00e3o de apenas eleitores ou de candidatos\/eleitores. As inscri\u00e7\u00f5es podem ser realizadas no hor\u00e1rio das 8h \u00e0s 14h, diretamente na Casa dos Conselhos, na Pra\u00e7a Imaculada Concei\u00e7\u00e3o, n\u00ba 12, Centro, Juazeiro \u2013 Bahia.<br aria-hidden=\"true\" \/>\u00a0<br aria-hidden=\"true\" \/>A escolha dos representantes da sociedade civil para o CMAS, ser\u00e1 constitu\u00edda por meio de assembleia de elei\u00e7\u00e3o que ser\u00e1 realizada na Casa dos Conselhos, no dia 27 de janeiro, a partir das 9h. O processo de vota\u00e7\u00e3o ser\u00e1 conclu\u00eddo, ap\u00f3s o voto de todas as entidades presentes do segmento habilitadas para votar, at\u00e9 no m\u00e1ximo \u00e0s 13h.<br aria-hidden=\"true\" \/><br aria-hidden=\"true\" \/>Os membros do CMAS ter\u00e3o mandato de 2 anos, sendo permitida uma \u00fanica recondu\u00e7\u00e3o consecutiva, de acordo com a Lei Municipal 2.727\/2017. O exerc\u00edcio da fun\u00e7\u00e3o de conselheiro \u00e9 considerado servi\u00e7o p\u00fablico relevante e n\u00e3o remunerado. A posse dos membros ser\u00e1 na primeira reuni\u00e3o ordin\u00e1ria, ap\u00f3s publica\u00e7\u00e3o no Di\u00e1rio Oficial do Munic\u00edpio, momento no qual ser\u00e1 eleita a nova mesa diretiva.<br aria-hidden=\"true\" \/><br aria-hidden=\"true\" \/>Mais informa\u00e7\u00f5es no edital do certame, na Casa dos Conselhos, localizada na Pra\u00e7a Imaculada Concei\u00e7\u00e3o, n\u00b0 12, Centro, e, tamb\u00e9m atrav\u00e9s do telefone (74) 3612-1483 ou e-mail:\u00a0<a id=\"LPlnk480071\" href=\"mailto:aai.casadosconselhos@gmail.com\" target=\"_blank\" rel=\"noopener noreferrer\" data-auth=\"NotApplicable\" data-linkindex=\"0\">aai.casadosconselhos@gmail.com<\/a>.<br aria-hidden=\"true\" \/><br aria-hidden=\"true\" \/><b>CMAS<\/b><br aria-hidden=\"true\" \/><br aria-hidden=\"true\" \/>O CMAS \u00e9 um \u00f3rg\u00e3o superior de delibera\u00e7\u00e3o colegiada, vinculado ao \u00f3rg\u00e3o gestor da assist\u00eancia social, respons\u00e1vel pela coordena\u00e7\u00e3o da pol\u00edtica municipal de assist\u00eancia social. Tem como objetivo deliberar sobre pol\u00edticas, programas e a\u00e7\u00f5es voltadas \u00e0 defesa de direitos dirigidos ao p\u00fablico da pol\u00edtica de assist\u00eancia social, com base na Lei Org\u00e2nica da assist\u00eancia social.<br aria-hidden=\"true\" \/><br aria-hidden=\"true\" \/><\/p>\n","protected":false},"excerpt":{"rendered":"<p>Foram abertas nesta segunda-feira (9) e seguem at\u00e9 a sexta-feira (13), as inscri\u00e7\u00f5es para os novos membros do Conselho Municipal de Assist\u00eancia Social (CMAS) de Juazeiro para o bi\u00eanio 2023\/2025.De acordo com a coordenadora geral da Assessoria de Articula\u00e7\u00e3o Interinstitucional da Casa dos Conselhos, Clarice Ferrari, poder\u00e3o participar do processo eleitoral, exclusivamente, os segmentos de [&hellip;]<\/p>\n","protected":false},"author":1,"featured_media":48396,"comment_status":"closed","ping_status":"open","sticky":false,"template":"","format":"standard","meta":{"_uag_custom_page_level_css":"","_monsterinsights_skip_tracking":false,"_monsterinsights_sitenote_active":false,"_monsterinsights_sitenote_note":"","_monsterinsights_sitenote_category":0,"jetpack_post_was_ever_published":false,"_jetpack_newsletter_access":"","_jetpack_dont_email_post_to_subs":false,"_jetpack_newsletter_tier_id":0,"_jetpack_memberships_contains_paywalled_content":false,"_jetpack_memberships_contains_paid_content":false,"footnotes":"","jetpack_publicize_message":"","jetpack_publicize_feature_enabled":true,"jetpack_social_post_already_shared":true,"jetpack_social_options":{"image_generator_settings":{"template":"highway","default_image_id":0,"font":"","enabled":false},"version":2}},"categories":[1504,203],"tags":[],"class_list":["post-48395","post","type-post","status-publish","format-standard","has-post-thumbnail","hentry","category-comunidade","category-juazeiro"],"jetpack_publicize_connections":[],"jetpack_featured_media_url":"https:\/\/blogopara.com.br\/wp-content\/uploads\/2023\/01\/thumbnail_CMAS.jpg","uagb_featured_image_src":{"full":["https:\/\/blogopara.com.br\/wp-content\/uploads\/2023\/01\/thumbnail_CMAS.jpg",500,333,false],"thumbnail":["https:\/\/blogopara.com.br\/wp-content\/uploads\/2023\/01\/thumbnail_CMAS-150x150.jpg",150,150,true],"medium":["https:\/\/blogopara.com.br\/wp-content\/uploads\/2023\/01\/thumbnail_CMAS-300x200.jpg",300,200,true],"medium_large":["https:\/\/blogopara.com.br\/wp-content\/uploads\/2023\/01\/thumbnail_CMAS.jpg",500,333,false],"large":["https:\/\/blogopara.com.br\/wp-content\/uploads\/2023\/01\/thumbnail_CMAS.jpg",500,333,false],"1536x1536":["https:\/\/blogopara.com.br\/wp-content\/uploads\/2023\/01\/thumbnail_CMAS.jpg",500,333,false],"2048x2048":["https:\/\/blogopara.com.br\/wp-content\/uploads\/2023\/01\/thumbnail_CMAS.jpg",500,333,false],"mantranews-slider-large":["https:\/\/blogopara.com.br\/wp-content\/uploads\/2023\/01\/thumbnail_CMAS.jpg",500,333,false],"mantranews-featured-medium":["https:\/\/blogopara.com.br\/wp-content\/uploads\/2023\/01\/thumbnail_CMAS-420x307.jpg",420,307,true],"mantranews-featured-long":["https:\/\/blogopara.com.br\/wp-content\/uploads\/2023\/01\/thumbnail_CMAS-300x333.jpg",300,333,true],"mantranews-block-medium":["https:\/\/blogopara.com.br\/wp-content\/uploads\/2023\/01\/thumbnail_CMAS-464x290.jpg",464,290,true],"mantranews-carousel-image":["https:\/\/blogopara.com.br\/wp-content\/uploads\/2023\/01\/thumbnail_CMAS.jpg",500,333,false],"mantranews-block-thumb":["https:\/\/blogopara.com.br\/wp-content\/uploads\/2023\/01\/thumbnail_CMAS-322x230.jpg",322,230,true],"mantranews-single-large":["https:\/\/blogopara.com.br\/wp-content\/uploads\/2023\/01\/thumbnail_CMAS.jpg",500,333,false]},"uagb_author_info":{"display_name":"Reda\u00e7\u00e3o geral","author_link":"https:\/\/blogopara.com.br\/index.php\/author\/blogopara"},"uagb_comment_info":0,"uagb_excerpt":"Foram abertas nesta segunda-feira (9) e seguem at\u00e9 a sexta-feira (13), as inscri\u00e7\u00f5es para os novos membros do Conselho Municipal de Assist\u00eancia Social (CMAS) de Juazeiro para o bi\u00eanio 2023\/2025.De acordo com a coordenadora geral da Assessoria de Articula\u00e7\u00e3o Interinstitucional da Casa dos Conselhos, Clarice Ferrari, poder\u00e3o participar do processo eleitoral, exclusivamente, os segmentos de&hellip;","jetpack_sharing_enabled":true,"jetpack_likes_enabled":true,"_links":{"self":[{"href":"https:\/\/blogopara.com.br\/index.php\/wp-json\/wp\/v2\/posts\/48395","targetHints":{"allow":["GET"]}}],"collection":[{"href":"https:\/\/blogopara.com.br\/index.php\/wp-json\/wp\/v2\/posts"}],"about":[{"href":"https:\/\/blogopara.com.br\/index.php\/wp-json\/wp\/v2\/types\/post"}],"author":[{"embeddable":true,"href":"https:\/\/blogopara.com.br\/index.php\/wp-json\/wp\/v2\/users\/1"}],"replies":[{"embeddable":true,"href":"https:\/\/blogopara.com.br\/index.php\/wp-json\/wp\/v2\/comments?post=48395"}],"version-history":[{"count":1,"href":"https:\/\/blogopara.com.br\/index.php\/wp-json\/wp\/v2\/posts\/48395\/revisions"}],"predecessor-version":[{"id":48397,"href":"https:\/\/blogopara.com.br\/index.php\/wp-json\/wp\/v2\/posts\/48395\/revisions\/48397"}],"wp:featuredmedia":[{"embeddable":true,"href":"https:\/\/blogopara.com.br\/index.php\/wp-json\/wp\/v2\/media\/48396"}],"wp:attachment":[{"href":"https:\/\/blogopara.com.br\/index.php\/wp-json\/wp\/v2\/media?parent=48395"}],"wp:term":[{"taxonomy":"category","embeddable":true,"href":"https:\/\/blogopara.com.br\/index.php\/wp-json\/wp\/v2\/categories?post=48395"},{"taxonomy":"post_tag","embeddable":true,"href":"https:\/\/blogopara.com.br\/index.php\/wp-json\/wp\/v2\/tags?post=48395"}],"curies":[{"name":"wp","href":"https:\/\/api.w.org\/{rel}","templated":true}]}}