{"id":48462,"date":"2023-01-12T12:09:00","date_gmt":"2023-01-12T15:09:00","guid":{"rendered":"https:\/\/blogopara.com.br\/?p=48462"},"modified":"2023-01-11T20:12:26","modified_gmt":"2023-01-11T23:12:26","slug":"prefeitura-de-juazeiro-atualiza-dados-da-covid-19-desta-quarta-feira-3","status":"publish","type":"post","link":"https:\/\/blogopara.com.br\/index.php\/2023\/01\/12\/prefeitura-de-juazeiro-atualiza-dados-da-covid-19-desta-quarta-feira-3","title":{"rendered":"Prefeitura de Juazeiro atualiza dados da Covid-19 desta quarta-feira"},"content":{"rendered":"<p style=\"text-align: justify;\">A Secretaria Municipal de Sa\u00fade de Juazeiro (Sesau) divulgou o boletim epidemiol\u00f3gico desta quarta-feira (11). De acordo com o documento, o munic\u00edpio registrou dois novos casos da doen\u00e7a nas \u00faltimas 24 horas. Neste mesmo per\u00edodo, n\u00e3o ocorreram \u00f3bitos em decorr\u00eancia de complica\u00e7\u00f5es causadas pela doen\u00e7a, mantendo o n\u00famero total de 507 mortes.<br aria-hidden=\"true\" \/><br aria-hidden=\"true\" \/>De acordo com o levantamento, 30.071 moradores foram infectados desde o in\u00edcio da pandemia na cidade, dos quais 29.547 j\u00e1 est\u00e3o recuperados. Os casos descartados somam 50.382. Juazeiro tem 17 casos ativos do novo coronav\u00edrus.<br aria-hidden=\"true\" \/><br aria-hidden=\"true\" \/>Testes<br aria-hidden=\"true\" \/>Foram realizados desde o in\u00edcio da pandemia 69.704 testes r\u00e1pidos no munic\u00edpio e 9.339 RT-PCR pelo Lacen, em Salvador.<br aria-hidden=\"true\" \/><br aria-hidden=\"true\" \/>Ocupa\u00e7\u00e3o de leitos<br aria-hidden=\"true\" \/><br aria-hidden=\"true\" \/>Na rede hospitalar, o percentual de ocupa\u00e7\u00e3o dos leitos de UTI para Juazeiro na rede PEBA (hospitais de Pernambuco e Bahia) \u00e9 de 33%, com 20 leitos desocupados. Destes, 10 leitos est\u00e3o dispon\u00edveis no territ\u00f3rio de Juazeiro.<\/p>\n<div><\/div>\n","protected":false},"excerpt":{"rendered":"<p>A Secretaria Municipal de Sa\u00fade de Juazeiro (Sesau) divulgou o boletim epidemiol\u00f3gico desta quarta-feira (11). De acordo com o documento, o munic\u00edpio registrou dois novos casos da doen\u00e7a nas \u00faltimas 24 horas. Neste mesmo per\u00edodo, n\u00e3o ocorreram \u00f3bitos em decorr\u00eancia de complica\u00e7\u00f5es causadas pela doen\u00e7a, mantendo o n\u00famero total de 507 mortes.De acordo com o [&hellip;]<\/p>\n","protected":false},"author":1,"featured_media":48463,"comment_status":"closed","ping_status":"open","sticky":false,"template":"","format":"standard","meta":{"_uag_custom_page_level_css":"","_monsterinsights_skip_tracking":false,"_monsterinsights_sitenote_active":false,"_monsterinsights_sitenote_note":"","_monsterinsights_sitenote_category":0,"jetpack_post_was_ever_published":false,"_jetpack_newsletter_access":"","_jetpack_dont_email_post_to_subs":false,"_jetpack_newsletter_tier_id":0,"_jetpack_memberships_contains_paywalled_content":false,"_jetpack_memberships_contains_paid_content":false,"footnotes":"","jetpack_publicize_message":"","jetpack_publicize_feature_enabled":true,"jetpack_social_post_already_shared":true,"jetpack_social_options":{"image_generator_settings":{"template":"highway","default_image_id":0,"font":"","enabled":false},"version":2}},"categories":[1624,203],"tags":[],"class_list":["post-48462","post","type-post","status-publish","format-standard","has-post-thumbnail","hentry","category-covid-19","category-juazeiro"],"jetpack_publicize_connections":[],"jetpack_featured_media_url":"https:\/\/blogopara.com.br\/wp-content\/uploads\/2023\/01\/thumbnail_Boletim-covid-11.01-Juazeiro.jpg","uagb_featured_image_src":{"full":["https:\/\/blogopara.com.br\/wp-content\/uploads\/2023\/01\/thumbnail_Boletim-covid-11.01-Juazeiro.jpg",500,500,false],"thumbnail":["https:\/\/blogopara.com.br\/wp-content\/uploads\/2023\/01\/thumbnail_Boletim-covid-11.01-Juazeiro-150x150.jpg",150,150,true],"medium":["https:\/\/blogopara.com.br\/wp-content\/uploads\/2023\/01\/thumbnail_Boletim-covid-11.01-Juazeiro-300x300.jpg",300,300,true],"medium_large":["https:\/\/blogopara.com.br\/wp-content\/uploads\/2023\/01\/thumbnail_Boletim-covid-11.01-Juazeiro.jpg",500,500,false],"large":["https:\/\/blogopara.com.br\/wp-content\/uploads\/2023\/01\/thumbnail_Boletim-covid-11.01-Juazeiro.jpg",500,500,false],"1536x1536":["https:\/\/blogopara.com.br\/wp-content\/uploads\/2023\/01\/thumbnail_Boletim-covid-11.01-Juazeiro.jpg",500,500,false],"2048x2048":["https:\/\/blogopara.com.br\/wp-content\/uploads\/2023\/01\/thumbnail_Boletim-covid-11.01-Juazeiro.jpg",500,500,false],"mantranews-slider-large":["https:\/\/blogopara.com.br\/wp-content\/uploads\/2023\/01\/thumbnail_Boletim-covid-11.01-Juazeiro.jpg",500,500,false],"mantranews-featured-medium":["https:\/\/blogopara.com.br\/wp-content\/uploads\/2023\/01\/thumbnail_Boletim-covid-11.01-Juazeiro-420x307.jpg",420,307,true],"mantranews-featured-long":["https:\/\/blogopara.com.br\/wp-content\/uploads\/2023\/01\/thumbnail_Boletim-covid-11.01-Juazeiro-300x443.jpg",300,443,true],"mantranews-block-medium":["https:\/\/blogopara.com.br\/wp-content\/uploads\/2023\/01\/thumbnail_Boletim-covid-11.01-Juazeiro-464x290.jpg",464,290,true],"mantranews-carousel-image":["https:\/\/blogopara.com.br\/wp-content\/uploads\/2023\/01\/thumbnail_Boletim-covid-11.01-Juazeiro.jpg",500,500,false],"mantranews-block-thumb":["https:\/\/blogopara.com.br\/wp-content\/uploads\/2023\/01\/thumbnail_Boletim-covid-11.01-Juazeiro-322x230.jpg",322,230,true],"mantranews-single-large":["https:\/\/blogopara.com.br\/wp-content\/uploads\/2023\/01\/thumbnail_Boletim-covid-11.01-Juazeiro.jpg",500,500,false]},"uagb_author_info":{"display_name":"Reda\u00e7\u00e3o geral","author_link":"https:\/\/blogopara.com.br\/index.php\/author\/blogopara"},"uagb_comment_info":0,"uagb_excerpt":"A Secretaria Municipal de Sa\u00fade de Juazeiro (Sesau) divulgou o boletim epidemiol\u00f3gico desta quarta-feira (11). De acordo com o documento, o munic\u00edpio registrou dois novos casos da doen\u00e7a nas \u00faltimas 24 horas. Neste mesmo per\u00edodo, n\u00e3o ocorreram \u00f3bitos em decorr\u00eancia de complica\u00e7\u00f5es causadas pela doen\u00e7a, mantendo o n\u00famero total de 507 mortes.De acordo com o&hellip;","jetpack_sharing_enabled":true,"jetpack_likes_enabled":true,"_links":{"self":[{"href":"https:\/\/blogopara.com.br\/index.php\/wp-json\/wp\/v2\/posts\/48462","targetHints":{"allow":["GET"]}}],"collection":[{"href":"https:\/\/blogopara.com.br\/index.php\/wp-json\/wp\/v2\/posts"}],"about":[{"href":"https:\/\/blogopara.com.br\/index.php\/wp-json\/wp\/v2\/types\/post"}],"author":[{"embeddable":true,"href":"https:\/\/blogopara.com.br\/index.php\/wp-json\/wp\/v2\/users\/1"}],"replies":[{"embeddable":true,"href":"https:\/\/blogopara.com.br\/index.php\/wp-json\/wp\/v2\/comments?post=48462"}],"version-history":[{"count":1,"href":"https:\/\/blogopara.com.br\/index.php\/wp-json\/wp\/v2\/posts\/48462\/revisions"}],"predecessor-version":[{"id":48464,"href":"https:\/\/blogopara.com.br\/index.php\/wp-json\/wp\/v2\/posts\/48462\/revisions\/48464"}],"wp:featuredmedia":[{"embeddable":true,"href":"https:\/\/blogopara.com.br\/index.php\/wp-json\/wp\/v2\/media\/48463"}],"wp:attachment":[{"href":"https:\/\/blogopara.com.br\/index.php\/wp-json\/wp\/v2\/media?parent=48462"}],"wp:term":[{"taxonomy":"category","embeddable":true,"href":"https:\/\/blogopara.com.br\/index.php\/wp-json\/wp\/v2\/categories?post=48462"},{"taxonomy":"post_tag","embeddable":true,"href":"https:\/\/blogopara.com.br\/index.php\/wp-json\/wp\/v2\/tags?post=48462"}],"curies":[{"name":"wp","href":"https:\/\/api.w.org\/{rel}","templated":true}]}}