{"id":48489,"date":"2023-01-13T08:00:00","date_gmt":"2023-01-13T11:00:00","guid":{"rendered":"https:\/\/blogopara.com.br\/?p=48489"},"modified":"2023-01-13T07:29:39","modified_gmt":"2023-01-13T10:29:39","slug":"justica-concede-beneficio-e-suzane-von-richthofen-e-solta-apos-20-anos","status":"publish","type":"post","link":"https:\/\/blogopara.com.br\/index.php\/2023\/01\/13\/justica-concede-beneficio-e-suzane-von-richthofen-e-solta-apos-20-anos","title":{"rendered":"Justi\u00e7a concede benef\u00edcio e Suzane von Richthofen \u00e9 solta ap\u00f3s 20 anos"},"content":{"rendered":"<p style=\"text-align: justify;\">S\u00e3o Paulo \u2013 H\u00e1 20 anos presa pela morte dos pais, Suzane Louise von Richthofen deixou a cadeia de Trememb\u00e9, no interior de S\u00e3o Paulo, na tarde desta quarta-feira (11\/1), ap\u00f3s a Justi\u00e7a conceder-lhe a progress\u00e3o de sua pena para o regime aberto.<\/p>\n<p style=\"text-align: justify;\">A informa\u00e7\u00e3o foi confirmada ao Metr\u00f3poles pela Secretaria da Administra\u00e7\u00e3o Penitenci\u00e1ria (SAP) de S\u00e3o Paulo.<\/p>\n<p style=\"text-align: justify;\">A pasta acrescentou que o cumprimento ao alvar\u00e1 de soltura ocorreu \u00e0s 17h35, quando a detenta saiu da carceragem da Penitenci\u00e1ria Feminina 1 \u201cSanta Maria Eufr\u00e1sia Pellier\u201d de Trememb\u00e9, no interior paulista.<\/p>\n<h4 style=\"text-align: justify;\">\nCaso von Richthofen<\/h4>\n<p style=\"text-align: justify;\">\nSuzane foi condenada originalmente a 39 anos de pris\u00e3o em regime fechado. Desde 2015, ela cumpria pena em regime semiaberto em Trememb\u00e9, no interior de S\u00e3o Paulo.<\/p>\n<p style=\"text-align: justify;\">Daniel Cravinhos acabou condenado a 39 anos e 6 meses em regime fechado, mas deixou Trememb\u00e9 em 2017, ap\u00f3s autoriza\u00e7\u00e3o para cumprir pena em regime aberto.<\/p>\n<p style=\"text-align: justify;\">O irm\u00e3o de Daniel, Cristian Cravinhos, tamb\u00e9m participou dos assassinatos e recebeu pena de 38 anos e 6 meses em regime fechado. Ele chegou a conseguir libera\u00e7\u00e3o para o aberto, mas ap\u00f3s ser preso em 2017 por tentativa de suborno perdeu o direito.<\/p>\n<p><em>Fonte: Metr\u00f3poles<\/em><\/p>\n","protected":false},"excerpt":{"rendered":"<p>S\u00e3o Paulo \u2013 H\u00e1 20 anos presa pela morte dos pais, Suzane Louise von Richthofen deixou a cadeia de Trememb\u00e9, no interior de S\u00e3o Paulo, na tarde desta quarta-feira (11\/1), ap\u00f3s a Justi\u00e7a conceder-lhe a progress\u00e3o de sua pena para o regime aberto. A informa\u00e7\u00e3o foi confirmada ao Metr\u00f3poles pela Secretaria da Administra\u00e7\u00e3o Penitenci\u00e1ria (SAP) [&hellip;]<\/p>\n","protected":false},"author":1,"featured_media":48491,"comment_status":"closed","ping_status":"open","sticky":false,"template":"","format":"standard","meta":{"_uag_custom_page_level_css":"","_monsterinsights_skip_tracking":false,"_monsterinsights_sitenote_active":false,"_monsterinsights_sitenote_note":"","_monsterinsights_sitenote_category":0,"jetpack_post_was_ever_published":false,"_jetpack_newsletter_access":"","_jetpack_dont_email_post_to_subs":false,"_jetpack_newsletter_tier_id":0,"_jetpack_memberships_contains_paywalled_content":false,"_jetpack_memberships_contains_paid_content":false,"footnotes":"","jetpack_publicize_message":"","jetpack_publicize_feature_enabled":true,"jetpack_social_post_already_shared":true,"jetpack_social_options":{"image_generator_settings":{"template":"highway","default_image_id":0,"font":"","enabled":false},"version":2}},"categories":[200,210],"tags":[10465],"class_list":["post-48489","post","type-post","status-publish","format-standard","has-post-thumbnail","hentry","category-brasil","category-justica","tag-suzane-von-richthofen"],"jetpack_publicize_connections":[],"jetpack_featured_media_url":"https:\/\/blogopara.com.br\/wp-content\/uploads\/2023\/01\/suzane-von-richthofen-e1673490985823.webp","uagb_featured_image_src":{"full":["https:\/\/blogopara.com.br\/wp-content\/uploads\/2023\/01\/suzane-von-richthofen-e1673490985823.webp",500,333,false],"thumbnail":["https:\/\/blogopara.com.br\/wp-content\/uploads\/2023\/01\/suzane-von-richthofen-150x150.webp",150,150,true],"medium":["https:\/\/blogopara.com.br\/wp-content\/uploads\/2023\/01\/suzane-von-richthofen-300x200.webp",300,200,true],"medium_large":["https:\/\/blogopara.com.br\/wp-content\/uploads\/2023\/01\/suzane-von-richthofen-e1673490985823.webp",500,333,false],"large":["https:\/\/blogopara.com.br\/wp-content\/uploads\/2023\/01\/suzane-von-richthofen-e1673490985823.webp",500,333,false],"1536x1536":["https:\/\/blogopara.com.br\/wp-content\/uploads\/2023\/01\/suzane-von-richthofen-e1673490985823.webp",500,333,false],"2048x2048":["https:\/\/blogopara.com.br\/wp-content\/uploads\/2023\/01\/suzane-von-richthofen-e1673490985823.webp",500,333,false],"mantranews-slider-large":["https:\/\/blogopara.com.br\/wp-content\/uploads\/2023\/01\/suzane-von-richthofen-e1673490985823.webp",500,333,false],"mantranews-featured-medium":["https:\/\/blogopara.com.br\/wp-content\/uploads\/2023\/01\/suzane-von-richthofen-420x307.webp",420,307,true],"mantranews-featured-long":["https:\/\/blogopara.com.br\/wp-content\/uploads\/2023\/01\/suzane-von-richthofen-300x400.webp",300,400,true],"mantranews-block-medium":["https:\/\/blogopara.com.br\/wp-content\/uploads\/2023\/01\/suzane-von-richthofen-464x290.webp",464,290,true],"mantranews-carousel-image":["https:\/\/blogopara.com.br\/wp-content\/uploads\/2023\/01\/suzane-von-richthofen-e1673490985823.webp",500,333,false],"mantranews-block-thumb":["https:\/\/blogopara.com.br\/wp-content\/uploads\/2023\/01\/suzane-von-richthofen-322x230.webp",322,230,true],"mantranews-single-large":["https:\/\/blogopara.com.br\/wp-content\/uploads\/2023\/01\/suzane-von-richthofen-e1673490985823.webp",500,333,false]},"uagb_author_info":{"display_name":"Reda\u00e7\u00e3o geral","author_link":"https:\/\/blogopara.com.br\/index.php\/author\/blogopara"},"uagb_comment_info":0,"uagb_excerpt":"S\u00e3o Paulo \u2013 H\u00e1 20 anos presa pela morte dos pais, Suzane Louise von Richthofen deixou a cadeia de Trememb\u00e9, no interior de S\u00e3o Paulo, na tarde desta quarta-feira (11\/1), ap\u00f3s a Justi\u00e7a conceder-lhe a progress\u00e3o de sua pena para o regime aberto. A informa\u00e7\u00e3o foi confirmada ao Metr\u00f3poles pela Secretaria da Administra\u00e7\u00e3o Penitenci\u00e1ria (SAP)&hellip;","jetpack_sharing_enabled":true,"jetpack_likes_enabled":true,"_links":{"self":[{"href":"https:\/\/blogopara.com.br\/index.php\/wp-json\/wp\/v2\/posts\/48489","targetHints":{"allow":["GET"]}}],"collection":[{"href":"https:\/\/blogopara.com.br\/index.php\/wp-json\/wp\/v2\/posts"}],"about":[{"href":"https:\/\/blogopara.com.br\/index.php\/wp-json\/wp\/v2\/types\/post"}],"author":[{"embeddable":true,"href":"https:\/\/blogopara.com.br\/index.php\/wp-json\/wp\/v2\/users\/1"}],"replies":[{"embeddable":true,"href":"https:\/\/blogopara.com.br\/index.php\/wp-json\/wp\/v2\/comments?post=48489"}],"version-history":[{"count":1,"href":"https:\/\/blogopara.com.br\/index.php\/wp-json\/wp\/v2\/posts\/48489\/revisions"}],"predecessor-version":[{"id":48490,"href":"https:\/\/blogopara.com.br\/index.php\/wp-json\/wp\/v2\/posts\/48489\/revisions\/48490"}],"wp:featuredmedia":[{"embeddable":true,"href":"https:\/\/blogopara.com.br\/index.php\/wp-json\/wp\/v2\/media\/48491"}],"wp:attachment":[{"href":"https:\/\/blogopara.com.br\/index.php\/wp-json\/wp\/v2\/media?parent=48489"}],"wp:term":[{"taxonomy":"category","embeddable":true,"href":"https:\/\/blogopara.com.br\/index.php\/wp-json\/wp\/v2\/categories?post=48489"},{"taxonomy":"post_tag","embeddable":true,"href":"https:\/\/blogopara.com.br\/index.php\/wp-json\/wp\/v2\/tags?post=48489"}],"curies":[{"name":"wp","href":"https:\/\/api.w.org\/{rel}","templated":true}]}}