{"id":48550,"date":"2023-01-13T07:34:14","date_gmt":"2023-01-13T10:34:14","guid":{"rendered":"https:\/\/blogopara.com.br\/?p=48550"},"modified":"2023-01-13T07:34:16","modified_gmt":"2023-01-13T10:34:16","slug":"governo-lula-nao-garante-salario-minimo-de-r-1-320-em-2023-e-diz-que-vai-negociar-com-centrais-sindicais","status":"publish","type":"post","link":"https:\/\/blogopara.com.br\/index.php\/2023\/01\/13\/governo-lula-nao-garante-salario-minimo-de-r-1-320-em-2023-e-diz-que-vai-negociar-com-centrais-sindicais","title":{"rendered":"Governo Lula n\u00e3o garante sal\u00e1rio-m\u00ednimo de R$ 1.320 em 2023 e diz que vai negociar com centrais sindicais"},"content":{"rendered":"<div id=\"chunk-ebn7n\">\n<div class=\"mc-column content-text active-extra-styles \" data-block-type=\"unstyled\" data-block-weight=\"23\" data-block-id=\"3\">\n<p class=\"content-text__container \" style=\"text-align: justify;\" data-track-category=\"Link no Texto\" data-track-links=\"\">O ministro da Fazenda,\u00a0Fernando Haddad, n\u00e3o assegurou nesta quinta-feira (12) que o governo elevar\u00e1 o sal\u00e1rio-m\u00ednimo para R$ 1.320 neste ano.<\/p>\n<\/div>\n<\/div>\n<div class=\"wall protected-content\">\n<div id=\"chunk-ei9mq\" style=\"text-align: justify;\">\n<div class=\"mc-column content-text active-extra-styles \" data-block-type=\"unstyled\" data-block-weight=\"22\" data-block-id=\"5\">\n<p class=\"content-text__container \" data-track-category=\"Link no Texto\" data-track-links=\"\">Atualmente, segundo Medida Provis\u00f3ria baixada pelo presidente\u00a0Jair Bolsonaro\u00a0em dezembro do ano passado,\u00a0est\u00e1 valendo o valor de R$ 1.302.<\/p>\n<\/div>\n<\/div>\n<div id=\"chunk-bd1v1\" style=\"text-align: justify;\">\n<div class=\"mc-column content-text active-extra-styles \" data-block-type=\"unstyled\" data-block-weight=\"44\" data-block-id=\"6\">\n<p class=\"content-text__container \" data-track-category=\"Link no Texto\" data-track-links=\"\">A proposta de or\u00e7amento para 2023 previa R$ 6,8 bilh\u00f5es adicionais para custear o reajuste do piso prometido por\u00a0Lula, mas o valor se mostrou insuficiente para elevar o valor para R$ 1.320,\u00a0divulgado pela equipe de transi\u00e7\u00e3o, ap\u00f3s o novo governo tomar posse.<\/p>\n<\/div>\n<\/div>\n<div id=\"chunk-2st9c\" style=\"text-align: justify;\">\n<div class=\"mc-column content-text active-extra-styles \" data-block-type=\"unstyled\" data-block-weight=\"23\" data-block-id=\"7\">\n<p class=\"content-text__container \" data-track-category=\"Link no Texto\" data-track-links=\"\">Segundo o ministro da Fazenda, houve aumento significativo no n\u00famero de benefici\u00e1rios do\u00a0INSS, cujos pagamentos s\u00e3o, em sua maioria, atrelados ao m\u00ednimo.<\/p>\n<\/div>\n<\/div>\n<div class=\"mc-column content-text active-extra-styles\" style=\"text-align: justify;\" data-block-type=\"raw\" data-block-weight=\"37\" data-block-id=\"9\">\n<blockquote class=\"content-blockquote theme-border-color-primary-before\"><p>&#8220;Esses recursos do or\u00e7amento foram consumidos pelo andar da fila do INSS. Porque a partir do in\u00edcio do processo eleitoral, por raz\u00f5es que n\u00e3o tem nada a ver com dignidade, a fila come\u00e7ou a andar&#8221;, disse Haddad<\/p><\/blockquote>\n<\/div>\n<div id=\"chunk-ee2dc\" style=\"text-align: justify;\">\n<div class=\"mc-column content-text active-extra-styles \" data-block-type=\"unstyled\" data-block-weight=\"34\" data-block-id=\"10\">\n<p class=\"content-text__container \" data-track-category=\"Link no Texto\" data-track-links=\"\">Por conta da inclus\u00e3o de novas fam\u00edlias no INSS, o ministro afirmou que o governo est\u00e1 refazendo as contas. Acrescentou que, ap\u00f3s esse rec\u00e1lculo, haver\u00e1 uma negocia\u00e7\u00e3o com as centrais sindicais sobre o sal\u00e1rio-m\u00ednimo.<\/p>\n<\/div>\n<\/div>\n<div id=\"chunk-93g3u\" style=\"text-align: justify;\">\n<div class=\"mc-column content-text active-extra-styles \" data-block-type=\"unstyled\" data-block-weight=\"34\" data-block-id=\"11\">\n<p class=\"content-text__container \" data-track-category=\"Link no Texto\" data-track-links=\"\">&#8220;A gente pediu para a Previd\u00eancia refazer os c\u00e1lculos para que a gente possa, na mesa de negocia\u00e7\u00e3o com as centrais, avaliar adequadamente e responsavelmente como agir \u00e0 luz desse caso&#8221;, acrescentou Haddad.<\/p>\n<\/div>\n<\/div>\n<div id=\"chunk-eheok\" style=\"text-align: justify;\">\n<div class=\"mc-column content-text active-extra-styles \" data-block-type=\"unstyled\" data-block-weight=\"41\" data-block-id=\"12\">\n<p class=\"content-text__container \" data-track-category=\"Link no Texto\" data-track-links=\"\">Ele afirmou que n\u00e3o houve rompimento do pacto do presidente Luiz In\u00e1cio Lula da Silva, apesar de ainda estar em vigor o sal\u00e1rio-m\u00ednimo fixado por Jair Bolsonaro. Ele lembrou que, em R$ 1.302, houve um aumento real de 1,4% em 2023.<\/p>\n<\/div>\n<\/div>\n<div id=\"chunk-alggl\" style=\"text-align: justify;\">\n<div class=\"mc-column content-text active-extra-styles \" data-block-type=\"unstyled\" data-block-weight=\"36\" data-block-id=\"13\">\n<p class=\"content-text__container \" data-track-category=\"Link no Texto\" data-track-links=\"\">&#8220;N\u00e3o tem pacto rompido, o presidente [Lula] cumpre sua palavra neste m\u00eas e cumprir\u00e1 em todos os anos. \u00c9 um compromisso de vida dele. N\u00e3o posso submeter uma decis\u00e3o sem os c\u00e1lculos estarem refeitos&#8221;, concluiu.<\/p>\n<\/div>\n<\/div>\n<div id=\"chunk-90rsu\">\n<div class=\"mc-column content-text active-extra-styles \" style=\"text-align: justify;\" data-block-type=\"unstyled\" data-block-weight=\"2\" data-block-id=\"14\"><\/div>\n<\/div>\n<\/div>\n","protected":false},"excerpt":{"rendered":"<p>O ministro da Fazenda,\u00a0Fernando Haddad, n\u00e3o assegurou nesta quinta-feira (12) que o governo elevar\u00e1 o sal\u00e1rio-m\u00ednimo para R$ 1.320 neste ano. Atualmente, segundo Medida Provis\u00f3ria baixada pelo presidente\u00a0Jair Bolsonaro\u00a0em dezembro do ano passado,\u00a0est\u00e1 valendo o valor de R$ 1.302. A proposta de or\u00e7amento para 2023 previa R$ 6,8 bilh\u00f5es adicionais para custear o reajuste do [&hellip;]<\/p>\n","protected":false},"author":1,"featured_media":47159,"comment_status":"closed","ping_status":"open","sticky":false,"template":"","format":"standard","meta":{"_uag_custom_page_level_css":"","_monsterinsights_skip_tracking":false,"_monsterinsights_sitenote_active":false,"_monsterinsights_sitenote_note":"","_monsterinsights_sitenote_category":0,"jetpack_post_was_ever_published":false,"_jetpack_newsletter_access":"","_jetpack_dont_email_post_to_subs":false,"_jetpack_newsletter_tier_id":0,"_jetpack_memberships_contains_paywalled_content":false,"_jetpack_memberships_contains_paid_content":false,"footnotes":"","jetpack_publicize_message":"","jetpack_publicize_feature_enabled":true,"jetpack_social_post_already_shared":true,"jetpack_social_options":{"image_generator_settings":{"template":"highway","default_image_id":0,"font":"","enabled":false},"version":2}},"categories":[200,206,197],"tags":[],"class_list":["post-48550","post","type-post","status-publish","format-standard","has-post-thumbnail","hentry","category-brasil","category-economia","category-politica"],"jetpack_publicize_connections":[],"jetpack_featured_media_url":"https:\/\/blogopara.com.br\/wp-content\/uploads\/2022\/12\/lula_diplomacao.jpg","uagb_featured_image_src":{"full":["https:\/\/blogopara.com.br\/wp-content\/uploads\/2022\/12\/lula_diplomacao.jpg",501,333,false],"thumbnail":["https:\/\/blogopara.com.br\/wp-content\/uploads\/2022\/12\/lula_diplomacao-150x150.jpg",150,150,true],"medium":["https:\/\/blogopara.com.br\/wp-content\/uploads\/2022\/12\/lula_diplomacao-300x199.jpg",300,199,true],"medium_large":["https:\/\/blogopara.com.br\/wp-content\/uploads\/2022\/12\/lula_diplomacao.jpg",501,333,false],"large":["https:\/\/blogopara.com.br\/wp-content\/uploads\/2022\/12\/lula_diplomacao.jpg",501,333,false],"1536x1536":["https:\/\/blogopara.com.br\/wp-content\/uploads\/2022\/12\/lula_diplomacao.jpg",501,333,false],"2048x2048":["https:\/\/blogopara.com.br\/wp-content\/uploads\/2022\/12\/lula_diplomacao.jpg",501,333,false],"mantranews-slider-large":["https:\/\/blogopara.com.br\/wp-content\/uploads\/2022\/12\/lula_diplomacao.jpg",501,333,false],"mantranews-featured-medium":["https:\/\/blogopara.com.br\/wp-content\/uploads\/2022\/12\/lula_diplomacao-420x307.jpg",420,307,true],"mantranews-featured-long":["https:\/\/blogopara.com.br\/wp-content\/uploads\/2022\/12\/lula_diplomacao-300x333.jpg",300,333,true],"mantranews-block-medium":["https:\/\/blogopara.com.br\/wp-content\/uploads\/2022\/12\/lula_diplomacao-464x290.jpg",464,290,true],"mantranews-carousel-image":["https:\/\/blogopara.com.br\/wp-content\/uploads\/2022\/12\/lula_diplomacao.jpg",501,333,false],"mantranews-block-thumb":["https:\/\/blogopara.com.br\/wp-content\/uploads\/2022\/12\/lula_diplomacao-322x230.jpg",322,230,true],"mantranews-single-large":["https:\/\/blogopara.com.br\/wp-content\/uploads\/2022\/12\/lula_diplomacao.jpg",501,333,false]},"uagb_author_info":{"display_name":"Reda\u00e7\u00e3o geral","author_link":"https:\/\/blogopara.com.br\/index.php\/author\/blogopara"},"uagb_comment_info":0,"uagb_excerpt":"O ministro da Fazenda,\u00a0Fernando Haddad, n\u00e3o assegurou nesta quinta-feira (12) que o governo elevar\u00e1 o sal\u00e1rio-m\u00ednimo para R$ 1.320 neste ano. Atualmente, segundo Medida Provis\u00f3ria baixada pelo presidente\u00a0Jair Bolsonaro\u00a0em dezembro do ano passado,\u00a0est\u00e1 valendo o valor de R$ 1.302. A proposta de or\u00e7amento para 2023 previa R$ 6,8 bilh\u00f5es adicionais para custear o reajuste do&hellip;","jetpack_sharing_enabled":true,"jetpack_likes_enabled":true,"_links":{"self":[{"href":"https:\/\/blogopara.com.br\/index.php\/wp-json\/wp\/v2\/posts\/48550","targetHints":{"allow":["GET"]}}],"collection":[{"href":"https:\/\/blogopara.com.br\/index.php\/wp-json\/wp\/v2\/posts"}],"about":[{"href":"https:\/\/blogopara.com.br\/index.php\/wp-json\/wp\/v2\/types\/post"}],"author":[{"embeddable":true,"href":"https:\/\/blogopara.com.br\/index.php\/wp-json\/wp\/v2\/users\/1"}],"replies":[{"embeddable":true,"href":"https:\/\/blogopara.com.br\/index.php\/wp-json\/wp\/v2\/comments?post=48550"}],"version-history":[{"count":1,"href":"https:\/\/blogopara.com.br\/index.php\/wp-json\/wp\/v2\/posts\/48550\/revisions"}],"predecessor-version":[{"id":48551,"href":"https:\/\/blogopara.com.br\/index.php\/wp-json\/wp\/v2\/posts\/48550\/revisions\/48551"}],"wp:featuredmedia":[{"embeddable":true,"href":"https:\/\/blogopara.com.br\/index.php\/wp-json\/wp\/v2\/media\/47159"}],"wp:attachment":[{"href":"https:\/\/blogopara.com.br\/index.php\/wp-json\/wp\/v2\/media?parent=48550"}],"wp:term":[{"taxonomy":"category","embeddable":true,"href":"https:\/\/blogopara.com.br\/index.php\/wp-json\/wp\/v2\/categories?post=48550"},{"taxonomy":"post_tag","embeddable":true,"href":"https:\/\/blogopara.com.br\/index.php\/wp-json\/wp\/v2\/tags?post=48550"}],"curies":[{"name":"wp","href":"https:\/\/api.w.org\/{rel}","templated":true}]}}