{"id":48604,"date":"2023-01-15T11:59:00","date_gmt":"2023-01-15T14:59:00","guid":{"rendered":"https:\/\/blogopara.com.br\/?p=48604"},"modified":"2023-01-14T23:02:05","modified_gmt":"2023-01-15T02:02:05","slug":"arthur-lira-quer-que-lula-mude-o-discurso","status":"publish","type":"post","link":"https:\/\/blogopara.com.br\/index.php\/2023\/01\/15\/arthur-lira-quer-que-lula-mude-o-discurso","title":{"rendered":"Arthur Lira quer que Lula mude o discurso"},"content":{"rendered":"<p style=\"text-align: justify;\">O presidente da C\u00e2mara,\u00a0Arthur Lira\u00a0(PP-AL), defendeu a ministros de Lula que o\u00a0presidente da Rep\u00fablica\u00a0precisa abandonar o discurso eleitoral contra Jair Bolsonaro.<\/p>\n<p style=\"text-align: justify;\" data-gtm-vis-recent-on-screen-8752935_845=\"11065\" data-gtm-vis-first-on-screen-8752935_845=\"11065\" data-gtm-vis-total-visible-time-8752935_845=\"100\" data-gtm-vis-has-fired-8752935_845=\"1\">Em conversas reservadas, Lira tem dito que a elei\u00e7\u00e3o j\u00e1 passou e que \u00e9 hora de\u00a0Lula focar seus discursos nas medidas que o governo pretende implementar nos pr\u00f3ximos meses.<\/p>\n<p style=\"text-align: justify;\">Aliados de Lula afirmam, por\u00e9m, que as\u00a0invas\u00f5es golpistas em Bras\u00edlia no dia 8 de janeiro\u00a0impedem que o presidente deixe Bolsonaro em segundo plano.<\/p>\n<p><em>Fonte: Metr\u00f3poles<\/em><\/p>\n","protected":false},"excerpt":{"rendered":"<p>O presidente da C\u00e2mara,\u00a0Arthur Lira\u00a0(PP-AL), defendeu a ministros de Lula que o\u00a0presidente da Rep\u00fablica\u00a0precisa abandonar o discurso eleitoral contra Jair Bolsonaro. Em conversas reservadas, Lira tem dito que a elei\u00e7\u00e3o j\u00e1 passou e que \u00e9 hora de\u00a0Lula focar seus discursos nas medidas que o governo pretende implementar nos pr\u00f3ximos meses. Aliados de Lula afirmam, por\u00e9m, [&hellip;]<\/p>\n","protected":false},"author":1,"featured_media":47163,"comment_status":"closed","ping_status":"open","sticky":false,"template":"","format":"standard","meta":{"_uag_custom_page_level_css":"","_monsterinsights_skip_tracking":false,"_monsterinsights_sitenote_active":false,"_monsterinsights_sitenote_note":"","_monsterinsights_sitenote_category":0,"jetpack_post_was_ever_published":false,"_jetpack_newsletter_access":"","_jetpack_dont_email_post_to_subs":false,"_jetpack_newsletter_tier_id":0,"_jetpack_memberships_contains_paywalled_content":false,"_jetpack_memberships_contains_paid_content":false,"footnotes":"","jetpack_publicize_message":"","jetpack_publicize_feature_enabled":true,"jetpack_social_post_already_shared":true,"jetpack_social_options":{"image_generator_settings":{"template":"highway","default_image_id":0,"font":"","enabled":false},"version":2}},"categories":[200,197],"tags":[1573,554],"class_list":["post-48604","post","type-post","status-publish","format-standard","has-post-thumbnail","hentry","category-brasil","category-politica","tag-arthur-lira","tag-lula"],"jetpack_publicize_connections":[],"jetpack_featured_media_url":"https:\/\/blogopara.com.br\/wp-content\/uploads\/2022\/12\/lula_arthurlira.jpg","uagb_featured_image_src":{"full":["https:\/\/blogopara.com.br\/wp-content\/uploads\/2022\/12\/lula_arthurlira.jpg",501,333,false],"thumbnail":["https:\/\/blogopara.com.br\/wp-content\/uploads\/2022\/12\/lula_arthurlira-150x150.jpg",150,150,true],"medium":["https:\/\/blogopara.com.br\/wp-content\/uploads\/2022\/12\/lula_arthurlira-300x199.jpg",300,199,true],"medium_large":["https:\/\/blogopara.com.br\/wp-content\/uploads\/2022\/12\/lula_arthurlira.jpg",501,333,false],"large":["https:\/\/blogopara.com.br\/wp-content\/uploads\/2022\/12\/lula_arthurlira.jpg",501,333,false],"1536x1536":["https:\/\/blogopara.com.br\/wp-content\/uploads\/2022\/12\/lula_arthurlira.jpg",501,333,false],"2048x2048":["https:\/\/blogopara.com.br\/wp-content\/uploads\/2022\/12\/lula_arthurlira.jpg",501,333,false],"mantranews-slider-large":["https:\/\/blogopara.com.br\/wp-content\/uploads\/2022\/12\/lula_arthurlira.jpg",501,333,false],"mantranews-featured-medium":["https:\/\/blogopara.com.br\/wp-content\/uploads\/2022\/12\/lula_arthurlira-420x307.jpg",420,307,true],"mantranews-featured-long":["https:\/\/blogopara.com.br\/wp-content\/uploads\/2022\/12\/lula_arthurlira-300x333.jpg",300,333,true],"mantranews-block-medium":["https:\/\/blogopara.com.br\/wp-content\/uploads\/2022\/12\/lula_arthurlira-464x290.jpg",464,290,true],"mantranews-carousel-image":["https:\/\/blogopara.com.br\/wp-content\/uploads\/2022\/12\/lula_arthurlira.jpg",501,333,false],"mantranews-block-thumb":["https:\/\/blogopara.com.br\/wp-content\/uploads\/2022\/12\/lula_arthurlira-322x230.jpg",322,230,true],"mantranews-single-large":["https:\/\/blogopara.com.br\/wp-content\/uploads\/2022\/12\/lula_arthurlira.jpg",501,333,false]},"uagb_author_info":{"display_name":"Reda\u00e7\u00e3o geral","author_link":"https:\/\/blogopara.com.br\/index.php\/author\/blogopara"},"uagb_comment_info":0,"uagb_excerpt":"O presidente da C\u00e2mara,\u00a0Arthur Lira\u00a0(PP-AL), defendeu a ministros de Lula que o\u00a0presidente da Rep\u00fablica\u00a0precisa abandonar o discurso eleitoral contra Jair Bolsonaro. Em conversas reservadas, Lira tem dito que a elei\u00e7\u00e3o j\u00e1 passou e que \u00e9 hora de\u00a0Lula focar seus discursos nas medidas que o governo pretende implementar nos pr\u00f3ximos meses. Aliados de Lula afirmam, por\u00e9m,&hellip;","jetpack_sharing_enabled":true,"jetpack_likes_enabled":true,"_links":{"self":[{"href":"https:\/\/blogopara.com.br\/index.php\/wp-json\/wp\/v2\/posts\/48604","targetHints":{"allow":["GET"]}}],"collection":[{"href":"https:\/\/blogopara.com.br\/index.php\/wp-json\/wp\/v2\/posts"}],"about":[{"href":"https:\/\/blogopara.com.br\/index.php\/wp-json\/wp\/v2\/types\/post"}],"author":[{"embeddable":true,"href":"https:\/\/blogopara.com.br\/index.php\/wp-json\/wp\/v2\/users\/1"}],"replies":[{"embeddable":true,"href":"https:\/\/blogopara.com.br\/index.php\/wp-json\/wp\/v2\/comments?post=48604"}],"version-history":[{"count":1,"href":"https:\/\/blogopara.com.br\/index.php\/wp-json\/wp\/v2\/posts\/48604\/revisions"}],"predecessor-version":[{"id":48605,"href":"https:\/\/blogopara.com.br\/index.php\/wp-json\/wp\/v2\/posts\/48604\/revisions\/48605"}],"wp:featuredmedia":[{"embeddable":true,"href":"https:\/\/blogopara.com.br\/index.php\/wp-json\/wp\/v2\/media\/47163"}],"wp:attachment":[{"href":"https:\/\/blogopara.com.br\/index.php\/wp-json\/wp\/v2\/media?parent=48604"}],"wp:term":[{"taxonomy":"category","embeddable":true,"href":"https:\/\/blogopara.com.br\/index.php\/wp-json\/wp\/v2\/categories?post=48604"},{"taxonomy":"post_tag","embeddable":true,"href":"https:\/\/blogopara.com.br\/index.php\/wp-json\/wp\/v2\/tags?post=48604"}],"curies":[{"name":"wp","href":"https:\/\/api.w.org\/{rel}","templated":true}]}}