{"id":48606,"date":"2023-01-15T12:02:00","date_gmt":"2023-01-15T15:02:00","guid":{"rendered":"https:\/\/blogopara.com.br\/?p=48606"},"modified":"2023-01-14T23:09:19","modified_gmt":"2023-01-15T02:09:19","slug":"apos-virar-meme-flavio-dino-esclarece-que-beyonce-nao-sera-investigada-por-atos-antidemocraticos","status":"publish","type":"post","link":"https:\/\/blogopara.com.br\/index.php\/2023\/01\/15\/apos-virar-meme-flavio-dino-esclarece-que-beyonce-nao-sera-investigada-por-atos-antidemocraticos","title":{"rendered":"Ap\u00f3s virar meme, Fl\u00e1vio Dino esclarece que Beyonc\u00e9 n\u00e3o ser\u00e1 investigada por atos antidemocr\u00e1ticos"},"content":{"rendered":"<div class=\"mc-column content-text active-extra-styles active-capital-letter\" data-block-type=\"unstyled\" data-block-weight=\"35\" data-block-id=\"2\">\n<p class=\"content-text__container theme-color-primary-first-letter\" style=\"text-align: justify;\" data-track-category=\"Link no Texto\" data-track-links=\"\">Importante:\u00a0Beyonc\u00e9\u00a0n\u00e3o est\u00e1 sendo investigada por atos antidemocr\u00e1ticos cometidos durante a invas\u00e3o \u00e0 Pra\u00e7a dos Tr\u00eas Poderes, em Bras\u00edlia. E o esclarecimento partiu do pr\u00f3prio ministro da Justi\u00e7a e da Seguran\u00e7a P\u00fablica, Fl\u00e1vio Dino.<\/p>\n<\/div>\n<div class=\"wall protected-content\">\n<div class=\"mc-column content-text active-extra-styles \" style=\"text-align: justify;\" data-block-type=\"unstyled\" data-block-weight=\"27\" data-block-id=\"3\">\n<p class=\"content-text__container \" data-track-category=\"Link no Texto\" data-track-links=\"\">&#8220;Venho a p\u00fablico esclarecer que n\u00e3o h\u00e1, nem haver\u00e1, qualquer investiga\u00e7\u00e3o sobre a participa\u00e7\u00e3o da Beyonc\u00e9 em atos antidemocr\u00e1ticos&#8221;, escreveu o pol\u00edtico em seu perfil no Twitter.<\/p>\n<\/div>\n<div data-track-category=\"multicontent\" data-track-action=\"ultimo chunk conteudo\" data-track-noninteraction=\"false\" data-track-scroll=\"view\">\n<div id=\"pub-in-text\" style=\"text-align: justify;\">\n<p><a href=\"https:\/\/twitter.com\/FlavioDino\/status\/1613944891511377939\">https:\/\/twitter.com\/FlavioDino\/status\/1613944891511377939<\/a><\/p>\n<\/div>\n<div class=\"mc-column content-text active-extra-styles \" data-block-type=\"unstyled\" data-block-weight=\"59\" data-block-id=\"5\">\n<p class=\"content-text__container \" style=\"text-align: justify;\" data-track-category=\"Link no Texto\" data-track-links=\"\">Junto da &#8220;nota oficial&#8221;, Dino compartilhou o v\u00eddeo que despertou a aten\u00e7\u00e3o dos internautas nesta sexta-feira. No trecho, ele fala: &#8220;n\u00e3o h\u00e1 nenhuma posi\u00e7\u00e3o aprior\u00edstica e pol\u00edtica no sentido de investigar A, B ou C, ou deixar de investigar A, B ou C.&#8221; E foi justamente a semelhan\u00e7a entre &#8220;a Beyonc\u00e9&#8221; e &#8220;A, B ou C&#8221; que virou meme.<\/p>\n<p data-track-category=\"Link no Texto\" data-track-links=\"\"><em>Fonte: Jornal O Globo<\/em><\/p>\n<\/div>\n<\/div>\n<\/div>\n","protected":false},"excerpt":{"rendered":"<p>Importante:\u00a0Beyonc\u00e9\u00a0n\u00e3o est\u00e1 sendo investigada por atos antidemocr\u00e1ticos cometidos durante a invas\u00e3o \u00e0 Pra\u00e7a dos Tr\u00eas Poderes, em Bras\u00edlia. E o esclarecimento partiu do pr\u00f3prio ministro da Justi\u00e7a e da Seguran\u00e7a P\u00fablica, Fl\u00e1vio Dino. &#8220;Venho a p\u00fablico esclarecer que n\u00e3o h\u00e1, nem haver\u00e1, qualquer investiga\u00e7\u00e3o sobre a participa\u00e7\u00e3o da Beyonc\u00e9 em atos antidemocr\u00e1ticos&#8221;, escreveu o pol\u00edtico [&hellip;]<\/p>\n","protected":false},"author":1,"featured_media":48609,"comment_status":"closed","ping_status":"open","sticky":false,"template":"","format":"standard","meta":{"_uag_custom_page_level_css":"","_monsterinsights_skip_tracking":false,"_monsterinsights_sitenote_active":false,"_monsterinsights_sitenote_note":"","_monsterinsights_sitenote_category":0,"jetpack_post_was_ever_published":false,"_jetpack_newsletter_access":"","_jetpack_dont_email_post_to_subs":false,"_jetpack_newsletter_tier_id":0,"_jetpack_memberships_contains_paywalled_content":false,"_jetpack_memberships_contains_paid_content":false,"footnotes":"","jetpack_publicize_message":"","jetpack_publicize_feature_enabled":true,"jetpack_social_post_already_shared":true,"jetpack_social_options":{"image_generator_settings":{"template":"highway","default_image_id":0,"font":"","enabled":false},"version":2}},"categories":[200],"tags":[10492,10273],"class_list":["post-48606","post","type-post","status-publish","format-standard","has-post-thumbnail","hentry","category-brasil","tag-beyonce","tag-flavio-dino-2"],"jetpack_publicize_connections":[],"jetpack_featured_media_url":"https:\/\/blogopara.com.br\/wp-content\/uploads\/2023\/01\/beyonce-vogue-july-2022-500x333-1.jpeg","uagb_featured_image_src":{"full":["https:\/\/blogopara.com.br\/wp-content\/uploads\/2023\/01\/beyonce-vogue-july-2022-500x333-1.jpeg",500,333,false],"thumbnail":["https:\/\/blogopara.com.br\/wp-content\/uploads\/2023\/01\/beyonce-vogue-july-2022-500x333-1-150x150.jpeg",150,150,true],"medium":["https:\/\/blogopara.com.br\/wp-content\/uploads\/2023\/01\/beyonce-vogue-july-2022-500x333-1-300x200.jpeg",300,200,true],"medium_large":["https:\/\/blogopara.com.br\/wp-content\/uploads\/2023\/01\/beyonce-vogue-july-2022-500x333-1.jpeg",500,333,false],"large":["https:\/\/blogopara.com.br\/wp-content\/uploads\/2023\/01\/beyonce-vogue-july-2022-500x333-1.jpeg",500,333,false],"1536x1536":["https:\/\/blogopara.com.br\/wp-content\/uploads\/2023\/01\/beyonce-vogue-july-2022-500x333-1.jpeg",500,333,false],"2048x2048":["https:\/\/blogopara.com.br\/wp-content\/uploads\/2023\/01\/beyonce-vogue-july-2022-500x333-1.jpeg",500,333,false],"mantranews-slider-large":["https:\/\/blogopara.com.br\/wp-content\/uploads\/2023\/01\/beyonce-vogue-july-2022-500x333-1.jpeg",500,333,false],"mantranews-featured-medium":["https:\/\/blogopara.com.br\/wp-content\/uploads\/2023\/01\/beyonce-vogue-july-2022-500x333-1-420x307.jpeg",420,307,true],"mantranews-featured-long":["https:\/\/blogopara.com.br\/wp-content\/uploads\/2023\/01\/beyonce-vogue-july-2022-500x333-1-300x333.jpeg",300,333,true],"mantranews-block-medium":["https:\/\/blogopara.com.br\/wp-content\/uploads\/2023\/01\/beyonce-vogue-july-2022-500x333-1-464x290.jpeg",464,290,true],"mantranews-carousel-image":["https:\/\/blogopara.com.br\/wp-content\/uploads\/2023\/01\/beyonce-vogue-july-2022-500x333-1.jpeg",500,333,false],"mantranews-block-thumb":["https:\/\/blogopara.com.br\/wp-content\/uploads\/2023\/01\/beyonce-vogue-july-2022-500x333-1-322x230.jpeg",322,230,true],"mantranews-single-large":["https:\/\/blogopara.com.br\/wp-content\/uploads\/2023\/01\/beyonce-vogue-july-2022-500x333-1.jpeg",500,333,false]},"uagb_author_info":{"display_name":"Reda\u00e7\u00e3o geral","author_link":"https:\/\/blogopara.com.br\/index.php\/author\/blogopara"},"uagb_comment_info":0,"uagb_excerpt":"Importante:\u00a0Beyonc\u00e9\u00a0n\u00e3o est\u00e1 sendo investigada por atos antidemocr\u00e1ticos cometidos durante a invas\u00e3o \u00e0 Pra\u00e7a dos Tr\u00eas Poderes, em Bras\u00edlia. E o esclarecimento partiu do pr\u00f3prio ministro da Justi\u00e7a e da Seguran\u00e7a P\u00fablica, Fl\u00e1vio Dino. &#8220;Venho a p\u00fablico esclarecer que n\u00e3o h\u00e1, nem haver\u00e1, qualquer investiga\u00e7\u00e3o sobre a participa\u00e7\u00e3o da Beyonc\u00e9 em atos antidemocr\u00e1ticos&#8221;, escreveu o pol\u00edtico&hellip;","jetpack_sharing_enabled":true,"jetpack_likes_enabled":true,"_links":{"self":[{"href":"https:\/\/blogopara.com.br\/index.php\/wp-json\/wp\/v2\/posts\/48606","targetHints":{"allow":["GET"]}}],"collection":[{"href":"https:\/\/blogopara.com.br\/index.php\/wp-json\/wp\/v2\/posts"}],"about":[{"href":"https:\/\/blogopara.com.br\/index.php\/wp-json\/wp\/v2\/types\/post"}],"author":[{"embeddable":true,"href":"https:\/\/blogopara.com.br\/index.php\/wp-json\/wp\/v2\/users\/1"}],"replies":[{"embeddable":true,"href":"https:\/\/blogopara.com.br\/index.php\/wp-json\/wp\/v2\/comments?post=48606"}],"version-history":[{"count":2,"href":"https:\/\/blogopara.com.br\/index.php\/wp-json\/wp\/v2\/posts\/48606\/revisions"}],"predecessor-version":[{"id":48608,"href":"https:\/\/blogopara.com.br\/index.php\/wp-json\/wp\/v2\/posts\/48606\/revisions\/48608"}],"wp:featuredmedia":[{"embeddable":true,"href":"https:\/\/blogopara.com.br\/index.php\/wp-json\/wp\/v2\/media\/48609"}],"wp:attachment":[{"href":"https:\/\/blogopara.com.br\/index.php\/wp-json\/wp\/v2\/media?parent=48606"}],"wp:term":[{"taxonomy":"category","embeddable":true,"href":"https:\/\/blogopara.com.br\/index.php\/wp-json\/wp\/v2\/categories?post=48606"},{"taxonomy":"post_tag","embeddable":true,"href":"https:\/\/blogopara.com.br\/index.php\/wp-json\/wp\/v2\/tags?post=48606"}],"curies":[{"name":"wp","href":"https:\/\/api.w.org\/{rel}","templated":true}]}}