{"id":4864,"date":"2019-11-18T20:25:20","date_gmt":"2019-11-18T22:25:20","guid":{"rendered":"http:\/\/blogopara.com.br\/?p=4864"},"modified":"2019-11-18T20:39:42","modified_gmt":"2019-11-18T22:39:42","slug":"juazeiro-isaac-carvalho-e-condenado-pelo-de-tribunal-de-justica-da-bahia-a-perda-dos-direitos-politicos","status":"publish","type":"post","link":"https:\/\/blogopara.com.br\/index.php\/2019\/11\/18\/juazeiro-isaac-carvalho-e-condenado-pelo-de-tribunal-de-justica-da-bahia-a-perda-dos-direitos-politicos","title":{"rendered":"Juazeiro: Isaac Carvalho \u00e9 condenado pelo Tribunal de Justi\u00e7a da Bahia a perda dos direitos pol\u00edticos"},"content":{"rendered":"<p style=\"text-align: justify;\">O ex-prefeito Isaac Carvalho tem mais uma derrota na justi\u00e7a, dessa vez foi o Tribunal de Justi\u00e7a que condenou o ex-prefeito pelas contrata\u00e7\u00f5es irregulares ocorridas durante as suas gest\u00f5es. O site do TJBA publicou o ACORDAM que os Desembargadores integrantes da 3\u00aa C\u00e2mara C\u00edvel, deram provimento \u00e0 Apela\u00e7\u00e3o C\u00edvel interposta pelo MINIST\u00c9RIO P\u00daBLICO DO ESTADO DA BAHIA e em negaram provimento ao recurso interposto por ISAAC CAVALCANTE DE CARVALHO.<\/p>\n<p style=\"text-align: justify;\">Conforme den\u00fancia do MP, ISAAC CAVALCANTE DE CARVALHO, na qualidade de prefeito municipal de Juazeiro, praticou de ato de improbidade consistente em in\u00fameras contrata\u00e7\u00f5es de pessoal, a t\u00edtulo prec\u00e1rio, para atuar nas mais variadas \u00e1reas geridas pelo Executivo Municipal, sem a devida realiza\u00e7\u00e3o de concurso p\u00fablico e em clara viola\u00e7\u00e3o aos princ\u00edpios constitucionais da moralidade, impessoalidade, legalidade, efici\u00eancia e publicidade, expressos no artigo 37, caput, da Carta Magna.<\/p>\n<p style=\"text-align: justify;\">No teor do Acordam, os desembargadores destacam que conforme as provas documentais colacionadas, evidenciaram que o r\u00e9u ISAAC CAVALCANTE DE CARVALHO agiu com dolo e que tinha plena consci\u00eancia da ilicitude de sua conduta, e afirmam que demonstrada a gravidade do il\u00edcito, traduzidos no comportamento incompat\u00edvel com os deveres regentes da administra\u00e7\u00e3o p\u00fablica.<\/p>\n<p style=\"text-align: justify;\">O preenchimento dos cargos as contrata\u00e7\u00f5es tempor\u00e1rias irregulares, embora corriqueiro, \u00e9 reprov\u00e1vel e constitui ind\u00edcio de negocia\u00e7\u00e3o para obten\u00e7\u00e3o de votos ou de apoio pol\u00edtico, pr\u00e1tica notadamente recorrente em elei\u00e7\u00f5es municipais, pois foram contratados mais de 1.049 servidores sem qualquer sele\u00e7\u00e3o.<\/p>\n<p style=\"text-align: justify;\">\u201cDiante do exposto, nega-se provimento \u00e0 Apela\u00e7\u00e3o C\u00edvel interposta por ISAAC CAVALCANTE DE CARVALHO e d\u00e1-se provimento ao recurso interposto pelo MINIST\u00c9RIO P\u00daBLICO DO ESTADO DA BAHIA, reformando a Senten\u00e7a para cominar ao apelado ISAAC CAVALCANTE DE CARVALHO, com base no art. 11, inciso I c\/com o art. 12, inciso III e par\u00e1grafo \u00fanico, ambos da LIA, PENA DE SUSPENS\u00c3O DOS DIREITOS POL\u00cdTICOS E SUA PROIBI\u00c7\u00c3O DE CONTRATAR COM O PODER P\u00daBLICO OU RECEBER BENEF\u00cdCIOS, AINDA QUE POR INTERM\u00c9DIO DE PESSOA JUR\u00cdDICA DA QUAL SEJA S\u00d3CIO, AMBOS PELO PRAZO DE 03 ANOS, BEM COMO PARA CONDEN\u00c1-LO AO PAGAMENTO DE MULTA CIVIL EQUIVALENTE A 12 VEZES A REMUNERA\u00c7\u00c3O DO PREFEITO MUNICIPAL DE JUAZEIRO, conforme o valor dos subs\u00eddios vigente \u00e0 \u00e9poca do pagamento\u201d.<\/p>\n<p>Confira a decis\u00e3o:<\/p>\n<p><a href=\"https:\/\/blogopara.com.br\/wp-content\/uploads\/2019\/11\/acordao-isaac.pdf\">acordao isaac<\/a><\/p>\n","protected":false},"excerpt":{"rendered":"<p>O ex-prefeito \u00e9 conhecido por ser destemido com a Justi\u00e7a, mas parece que ela est\u00e1 provando que \u00e9 mais forte do que a arrog\u00e2ncia de Isaac Carvalho.<\/p>\n","protected":false},"author":1,"featured_media":4865,"comment_status":"open","ping_status":"open","sticky":false,"template":"","format":"standard","meta":{"_uag_custom_page_level_css":"","_monsterinsights_skip_tracking":false,"_monsterinsights_sitenote_active":false,"_monsterinsights_sitenote_note":"","_monsterinsights_sitenote_category":0,"jetpack_post_was_ever_published":false,"_jetpack_newsletter_access":"","_jetpack_dont_email_post_to_subs":false,"_jetpack_newsletter_tier_id":0,"_jetpack_memberships_contains_paywalled_content":false,"_jetpack_memberships_contains_paid_content":false,"footnotes":"","jetpack_publicize_message":"","jetpack_publicize_feature_enabled":true,"jetpack_social_post_already_shared":true,"jetpack_social_options":{"image_generator_settings":{"template":"highway","default_image_id":0,"font":"","enabled":false},"version":2}},"categories":[203],"tags":[1004,1221,37,242],"class_list":["post-4864","post","type-post","status-publish","format-standard","has-post-thumbnail","hentry","category-juazeiro","tag-condenacao","tag-direitos-politicos","tag-isaac-carvalho","tag-tjba"],"jetpack_publicize_connections":[],"jetpack_featured_media_url":"https:\/\/blogopara.com.br\/wp-content\/uploads\/2019\/11\/isaac-revoltado-640x410.jpg","uagb_featured_image_src":{"full":["https:\/\/blogopara.com.br\/wp-content\/uploads\/2019\/11\/isaac-revoltado-640x410.jpg",640,410,false],"thumbnail":["https:\/\/blogopara.com.br\/wp-content\/uploads\/2019\/11\/isaac-revoltado-640x410-150x150.jpg",150,150,true],"medium":["https:\/\/blogopara.com.br\/wp-content\/uploads\/2019\/11\/isaac-revoltado-640x410-300x192.jpg",300,192,true],"medium_large":["https:\/\/blogopara.com.br\/wp-content\/uploads\/2019\/11\/isaac-revoltado-640x410.jpg",640,410,false],"large":["https:\/\/blogopara.com.br\/wp-content\/uploads\/2019\/11\/isaac-revoltado-640x410.jpg",640,410,false],"1536x1536":["https:\/\/blogopara.com.br\/wp-content\/uploads\/2019\/11\/isaac-revoltado-640x410.jpg",640,410,false],"2048x2048":["https:\/\/blogopara.com.br\/wp-content\/uploads\/2019\/11\/isaac-revoltado-640x410.jpg",640,410,false],"mantranews-slider-large":["https:\/\/blogopara.com.br\/wp-content\/uploads\/2019\/11\/isaac-revoltado-640x410.jpg",640,410,false],"mantranews-featured-medium":["https:\/\/blogopara.com.br\/wp-content\/uploads\/2019\/11\/isaac-revoltado-640x410.jpg",420,269,false],"mantranews-featured-long":["https:\/\/blogopara.com.br\/wp-content\/uploads\/2019\/11\/isaac-revoltado-640x410.jpg",300,192,false],"mantranews-block-medium":["https:\/\/blogopara.com.br\/wp-content\/uploads\/2019\/11\/isaac-revoltado-640x410.jpg",453,290,false],"mantranews-carousel-image":["https:\/\/blogopara.com.br\/wp-content\/uploads\/2019\/11\/isaac-revoltado-640x410.jpg",600,384,false],"mantranews-block-thumb":["https:\/\/blogopara.com.br\/wp-content\/uploads\/2019\/11\/isaac-revoltado-640x410.jpg",322,206,false],"mantranews-single-large":["https:\/\/blogopara.com.br\/wp-content\/uploads\/2019\/11\/isaac-revoltado-640x410.jpg",640,410,false]},"uagb_author_info":{"display_name":"Reda\u00e7\u00e3o geral","author_link":"https:\/\/blogopara.com.br\/index.php\/author\/blogopara"},"uagb_comment_info":1,"uagb_excerpt":"O ex-prefeito \u00e9 conhecido por ser destemido com a Justi\u00e7a, mas parece que ela est\u00e1 provando que \u00e9 mais forte do que a arrog\u00e2ncia de Isaac Carvalho.","jetpack_sharing_enabled":true,"jetpack_likes_enabled":true,"_links":{"self":[{"href":"https:\/\/blogopara.com.br\/index.php\/wp-json\/wp\/v2\/posts\/4864","targetHints":{"allow":["GET"]}}],"collection":[{"href":"https:\/\/blogopara.com.br\/index.php\/wp-json\/wp\/v2\/posts"}],"about":[{"href":"https:\/\/blogopara.com.br\/index.php\/wp-json\/wp\/v2\/types\/post"}],"author":[{"embeddable":true,"href":"https:\/\/blogopara.com.br\/index.php\/wp-json\/wp\/v2\/users\/1"}],"replies":[{"embeddable":true,"href":"https:\/\/blogopara.com.br\/index.php\/wp-json\/wp\/v2\/comments?post=4864"}],"version-history":[{"count":3,"href":"https:\/\/blogopara.com.br\/index.php\/wp-json\/wp\/v2\/posts\/4864\/revisions"}],"predecessor-version":[{"id":4869,"href":"https:\/\/blogopara.com.br\/index.php\/wp-json\/wp\/v2\/posts\/4864\/revisions\/4869"}],"wp:featuredmedia":[{"embeddable":true,"href":"https:\/\/blogopara.com.br\/index.php\/wp-json\/wp\/v2\/media\/4865"}],"wp:attachment":[{"href":"https:\/\/blogopara.com.br\/index.php\/wp-json\/wp\/v2\/media?parent=4864"}],"wp:term":[{"taxonomy":"category","embeddable":true,"href":"https:\/\/blogopara.com.br\/index.php\/wp-json\/wp\/v2\/categories?post=4864"},{"taxonomy":"post_tag","embeddable":true,"href":"https:\/\/blogopara.com.br\/index.php\/wp-json\/wp\/v2\/tags?post=4864"}],"curies":[{"name":"wp","href":"https:\/\/api.w.org\/{rel}","templated":true}]}}