{"id":48690,"date":"2023-01-17T09:06:00","date_gmt":"2023-01-17T12:06:00","guid":{"rendered":"https:\/\/blogopara.com.br\/?p=48690"},"modified":"2023-01-16T18:14:27","modified_gmt":"2023-01-16T21:14:27","slug":"video-bolsonaro-quebra-silencio-e-diz-que-cometeu-deslizes-no-governo","status":"publish","type":"post","link":"https:\/\/blogopara.com.br\/index.php\/2023\/01\/17\/video-bolsonaro-quebra-silencio-e-diz-que-cometeu-deslizes-no-governo","title":{"rendered":"V\u00eddeo: Bolsonaro quebra sil\u00eancio e diz que cometeu \u201cdeslizes\u201d no governo"},"content":{"rendered":"<p style=\"text-align: justify;\">Na porta da casa onde est\u00e1 hospedado em Orlando, nos Estados Unidos, o ex-presidente Jair Bolsonaro (PL) decidiu falar com apoiadores, nesta segunda-feira (16\/1), sobre medidas adotadas em sua gest\u00e3o e admitiu que cometeu \u201cdeslizes\u201d. Bolsonaro tamb\u00e9m mencionou os ataques terroristas que ocorreram em Bras\u00edlia no \u00faltimo dia 8 e classificou o epis\u00f3dio como \u201cinacredit\u00e1vel\u201d.<\/p>\n<p style=\"text-align: justify;\" data-gtm-vis-recent-on-screen-8752935_845=\"51871\" data-gtm-vis-first-on-screen-8752935_845=\"51871\" data-gtm-vis-total-visible-time-8752935_845=\"100\" data-gtm-vis-has-fired-8752935_845=\"1\">Em um breve discurso, o pol\u00edtico disse que durante quatro anos, sua gest\u00e3o teve alguns \u201cfuros\u201d e falou sobre liberdade. \u201cEm quatro anos, todo dia era segunda-feira. Tem alguns furos? Tem, l\u00f3gico. A gente comete alguns deslizes em casa, quem dir\u00e1 no governo. S\u00f3 que em casa a gente sabe quem \u00e9 o respons\u00e1vel. \u00c9 sempre n\u00f3s, os maridos\u201d.<\/p>\n<p data-gtm-vis-recent-on-screen-8752935_845=\"51871\" data-gtm-vis-first-on-screen-8752935_845=\"51871\" data-gtm-vis-total-visible-time-8752935_845=\"100\" data-gtm-vis-has-fired-8752935_845=\"1\">As invas\u00f5es em Bras\u00edlia n\u00e3o s\u00e3o lembradas por apoiadores que tietam o pol\u00edtico nos Estados Unidos, mas nesta manh\u00e3, o pol\u00edtico se manifestou e disse que o ataque \u00e9 lament\u00e1vel. \u201cLamento o que aconteceu dia 8, uma coisa inacredit\u00e1vel. Mas no meu governo, o pessoal aprendeu o que \u00e9 pol\u00edtica, conheceu os poderes, come\u00e7ou a dar valor \u00e0 liberdade. Eu falava para alguns sobre a liberdade, e eles diziam que era igual ao sol, nasce todo dia, mas n\u00e3o \u00e9 bem assim n\u00e3o. A gente acredita no Brasil\u201d, disse.<\/p>\n<p><div class=\"jetpack-video-wrapper\"><iframe loading=\"lazy\" title=\"Bolsonaro quebra sil\u00eancio e diz que cometeu deslizes no governo\" width=\"640\" height=\"360\" src=\"https:\/\/www.youtube.com\/embed\/HVu6yA7Dszc?feature=oembed\" frameborder=\"0\" allow=\"accelerometer; autoplay; clipboard-write; encrypted-media; gyroscope; picture-in-picture; web-share\" referrerpolicy=\"strict-origin-when-cross-origin\" allowfullscreen><\/iframe><\/div>\n<\/p>\n<p style=\"text-align: justify;\">\u00a0<\/p>\n<h4 style=\"text-align: justify;\">Bolsonaro nos EUA<\/h4>\n<p style=\"text-align: justify;\" data-gtm-vis-recent-on-screen-8752935_866=\"57022\" data-gtm-vis-first-on-screen-8752935_866=\"57022\" data-gtm-vis-total-visible-time-8752935_866=\"100\" data-gtm-vis-has-fired-8752935_866=\"1\" data-gtm-vis-recent-on-screen-8752935_862=\"57025\" data-gtm-vis-first-on-screen-8752935_862=\"57025\" data-gtm-vis-total-visible-time-8752935_862=\"100\" data-gtm-vis-has-fired-8752935_862=\"1\">Bolsonaro viajou aos EUA em 30 de dezembro de 2022, antes mesmo do fim de seu mandato, evitando passar a faixa presidencial para Luiz In\u00e1cio Lula da Silva (PT) no dia 1\u00ba de janeiro. Ele passa f\u00e9rias com a fam\u00edlia em Orlando, na casa de Jos\u00e9 Aldo, lutador de MMA. A resid\u00eancia do atleta fica situada no condom\u00ednio de luxo Encore Resort at Reunion, na cidade de Kissimmee, no estado da Fl\u00f3rida.<\/p>\n<p style=\"text-align: justify;\">Nos EUA, Bolsonaro ficou alguns dias internado em um hospital ap\u00f3s sentir dores abdominais. Ele teve alta na ter\u00e7a-feira passada (10\/1).<\/p>\n<p style=\"text-align: justify;\">A perman\u00eancia de Bolsonaro em solo americano \u00e9 incerta. Um grupo de parlamentares democratas dos Estados Unidos enviou uma carta com o pedido de anula\u00e7\u00e3o do visto dele para o presidente norte-americano, Joe Biden. Eles insistem que Biden \u201ccolabore com as autoridades brasileiras\u201d na investiga\u00e7\u00e3o dos atos antidemocr\u00e1ticos de 8 de janeiro.<\/p>\n<p style=\"text-align: justify;\">A carta conta com a assinatura dos 46 parlamentares do partido do qual Biden tamb\u00e9m faz parte. O presidente dos EUA condenou o ataque aos Tr\u00eas Poderes e prestou solidariedade ao Brasil.<\/p>\n<p><em>Fonte: Metr\u00f3poles<\/em><\/p>\n<div class=\"m-social-coluna\">\u00a0<\/div>\n","protected":false},"excerpt":{"rendered":"<p>Na porta da casa onde est\u00e1 hospedado em Orlando, nos Estados Unidos, o ex-presidente Jair Bolsonaro (PL) decidiu falar com apoiadores, nesta segunda-feira (16\/1), sobre medidas adotadas em sua gest\u00e3o e admitiu que cometeu \u201cdeslizes\u201d. Bolsonaro tamb\u00e9m mencionou os ataques terroristas que ocorreram em Bras\u00edlia no \u00faltimo dia 8 e classificou o epis\u00f3dio como \u201cinacredit\u00e1vel\u201d. [&hellip;]<\/p>\n","protected":false},"author":1,"featured_media":48691,"comment_status":"closed","ping_status":"open","sticky":false,"template":"","format":"standard","meta":{"_uag_custom_page_level_css":"","_monsterinsights_skip_tracking":false,"_monsterinsights_sitenote_active":false,"_monsterinsights_sitenote_note":"","_monsterinsights_sitenote_category":0,"jetpack_post_was_ever_published":false,"_jetpack_newsletter_access":"","_jetpack_dont_email_post_to_subs":false,"_jetpack_newsletter_tier_id":0,"_jetpack_memberships_contains_paywalled_content":false,"_jetpack_memberships_contains_paid_content":false,"footnotes":"","jetpack_publicize_message":"","jetpack_publicize_feature_enabled":true,"jetpack_social_post_already_shared":true,"jetpack_social_options":{"image_generator_settings":{"template":"highway","default_image_id":0,"font":"","enabled":false},"version":2}},"categories":[200,197],"tags":[1324],"class_list":["post-48690","post","type-post","status-publish","format-standard","has-post-thumbnail","hentry","category-brasil","category-politica","tag-jair-bolsonaro"],"jetpack_publicize_connections":[],"jetpack_featured_media_url":"https:\/\/blogopara.com.br\/wp-content\/uploads\/2023\/01\/jair-bolsonaro-1.jpg","uagb_featured_image_src":{"full":["https:\/\/blogopara.com.br\/wp-content\/uploads\/2023\/01\/jair-bolsonaro-1.jpg",499,334,false],"thumbnail":["https:\/\/blogopara.com.br\/wp-content\/uploads\/2023\/01\/jair-bolsonaro-1-150x150.jpg",150,150,true],"medium":["https:\/\/blogopara.com.br\/wp-content\/uploads\/2023\/01\/jair-bolsonaro-1-300x201.jpg",300,201,true],"medium_large":["https:\/\/blogopara.com.br\/wp-content\/uploads\/2023\/01\/jair-bolsonaro-1.jpg",499,334,false],"large":["https:\/\/blogopara.com.br\/wp-content\/uploads\/2023\/01\/jair-bolsonaro-1.jpg",499,334,false],"1536x1536":["https:\/\/blogopara.com.br\/wp-content\/uploads\/2023\/01\/jair-bolsonaro-1.jpg",499,334,false],"2048x2048":["https:\/\/blogopara.com.br\/wp-content\/uploads\/2023\/01\/jair-bolsonaro-1.jpg",499,334,false],"mantranews-slider-large":["https:\/\/blogopara.com.br\/wp-content\/uploads\/2023\/01\/jair-bolsonaro-1.jpg",499,334,false],"mantranews-featured-medium":["https:\/\/blogopara.com.br\/wp-content\/uploads\/2023\/01\/jair-bolsonaro-1-420x307.jpg",420,307,true],"mantranews-featured-long":["https:\/\/blogopara.com.br\/wp-content\/uploads\/2023\/01\/jair-bolsonaro-1-300x334.jpg",300,334,true],"mantranews-block-medium":["https:\/\/blogopara.com.br\/wp-content\/uploads\/2023\/01\/jair-bolsonaro-1-464x290.jpg",464,290,true],"mantranews-carousel-image":["https:\/\/blogopara.com.br\/wp-content\/uploads\/2023\/01\/jair-bolsonaro-1.jpg",499,334,false],"mantranews-block-thumb":["https:\/\/blogopara.com.br\/wp-content\/uploads\/2023\/01\/jair-bolsonaro-1-322x230.jpg",322,230,true],"mantranews-single-large":["https:\/\/blogopara.com.br\/wp-content\/uploads\/2023\/01\/jair-bolsonaro-1.jpg",499,334,false]},"uagb_author_info":{"display_name":"Reda\u00e7\u00e3o geral","author_link":"https:\/\/blogopara.com.br\/index.php\/author\/blogopara"},"uagb_comment_info":0,"uagb_excerpt":"Na porta da casa onde est\u00e1 hospedado em Orlando, nos Estados Unidos, o ex-presidente Jair Bolsonaro (PL) decidiu falar com apoiadores, nesta segunda-feira (16\/1), sobre medidas adotadas em sua gest\u00e3o e admitiu que cometeu \u201cdeslizes\u201d. Bolsonaro tamb\u00e9m mencionou os ataques terroristas que ocorreram em Bras\u00edlia no \u00faltimo dia 8 e classificou o epis\u00f3dio como \u201cinacredit\u00e1vel\u201d.&hellip;","jetpack_sharing_enabled":true,"jetpack_likes_enabled":true,"_links":{"self":[{"href":"https:\/\/blogopara.com.br\/index.php\/wp-json\/wp\/v2\/posts\/48690","targetHints":{"allow":["GET"]}}],"collection":[{"href":"https:\/\/blogopara.com.br\/index.php\/wp-json\/wp\/v2\/posts"}],"about":[{"href":"https:\/\/blogopara.com.br\/index.php\/wp-json\/wp\/v2\/types\/post"}],"author":[{"embeddable":true,"href":"https:\/\/blogopara.com.br\/index.php\/wp-json\/wp\/v2\/users\/1"}],"replies":[{"embeddable":true,"href":"https:\/\/blogopara.com.br\/index.php\/wp-json\/wp\/v2\/comments?post=48690"}],"version-history":[{"count":2,"href":"https:\/\/blogopara.com.br\/index.php\/wp-json\/wp\/v2\/posts\/48690\/revisions"}],"predecessor-version":[{"id":48693,"href":"https:\/\/blogopara.com.br\/index.php\/wp-json\/wp\/v2\/posts\/48690\/revisions\/48693"}],"wp:featuredmedia":[{"embeddable":true,"href":"https:\/\/blogopara.com.br\/index.php\/wp-json\/wp\/v2\/media\/48691"}],"wp:attachment":[{"href":"https:\/\/blogopara.com.br\/index.php\/wp-json\/wp\/v2\/media?parent=48690"}],"wp:term":[{"taxonomy":"category","embeddable":true,"href":"https:\/\/blogopara.com.br\/index.php\/wp-json\/wp\/v2\/categories?post=48690"},{"taxonomy":"post_tag","embeddable":true,"href":"https:\/\/blogopara.com.br\/index.php\/wp-json\/wp\/v2\/tags?post=48690"}],"curies":[{"name":"wp","href":"https:\/\/api.w.org\/{rel}","templated":true}]}}