{"id":48723,"date":"2023-01-18T15:01:00","date_gmt":"2023-01-18T18:01:00","guid":{"rendered":"https:\/\/blogopara.com.br\/?p=48723"},"modified":"2023-01-18T00:13:53","modified_gmt":"2023-01-18T03:13:53","slug":"48723","status":"publish","type":"post","link":"https:\/\/blogopara.com.br\/index.php\/2023\/01\/18\/48723","title":{"rendered":"Produ\u00e7\u00e3o cultural: projeto de forma\u00e7\u00e3o gratuita abre vagas para jovens e adultos na Bahia"},"content":{"rendered":"<div id=\"chunk-bdnij\">\n<div class=\"mc-column content-text active-extra-styles \" data-block-type=\"unstyled\" data-block-weight=\"37\" data-block-id=\"3\">\n<p class=\"content-text__container \" style=\"text-align: justify;\" data-track-category=\"Link no Texto\" data-track-links=\"\">Um projeto de forma\u00e7\u00e3o gratuita abriu, nesta ter\u00e7a-feira (17), vagas para jovens e adultos que querem ter qualifica\u00e7\u00e3o profissional em Produ\u00e7\u00e3o Cultural, na Bahia. Para se inscrever no Sesc EAD EJA \u00e9 preciso estar no ensino m\u00e9dio.<\/p>\n<\/div>\n<\/div>\n<div class=\"wall protected-content\">\n<div id=\"chunk-3ksa7\" style=\"text-align: justify;\">\n<div class=\"mc-column content-text active-extra-styles \" data-block-type=\"unstyled\" data-block-weight=\"43\" data-block-id=\"4\">\n<p class=\"content-text__container \" data-track-category=\"Link no Texto\" data-track-links=\"\">As inscri\u00e7\u00f5es v\u00e3o at\u00e9 o dia 17 de fevereiro e podem ser feitas em&nbsp;<a href=\"http:\/\/sesc.com.br\/ead\" target=\"_blank\" rel=\"noopener\">sesc.com.br\/ead<\/a>. Os interessados ter\u00e3o a oportunidade de retomar os estudos por meio do ensino \u00e0 dist\u00e2ncia e se qualificar para o mercado de trabalho. Ao todo, ser\u00e3o 1.832 vagas.<\/p>\n<\/div>\n<\/div>\n<div id=\"chunk-ujrp\" style=\"text-align: justify;\">\n<div class=\"mc-column content-text active-extra-styles \" data-block-type=\"unstyled\" data-block-weight=\"42\" data-block-id=\"5\">\n<p class=\"content-text__container \" data-track-category=\"Link no Texto\" data-track-links=\"\">Todas as pessoas a partir dos 18 anos, que tenham o ensino fundamental completo podem se inscrever. O curso ter\u00e1 dura\u00e7\u00e3o de tr\u00eas meses, com carga hor\u00e1ria de 1.200 horas \u2013 sendo 80% delas em formato virtual e os 20% restantes presencial.<\/p>\n<\/div>\n<\/div>\n<div id=\"chunk-a0mkf\" style=\"text-align: justify;\">\n<div class=\"content-ads content-ads--reveal\" data-block-type=\"ads\" data-block-id=\"6\">\n<div id=\"banner_materia2\" class=\"tag-manager-publicidade-container mc-has-reveal mc-has-ad-lazyload tag-manager-publicidade-banner_materia2 tag-manager-publicidade-container--carregado tag-manager-publicidade-container--visivel\" data-id=\"banner_materia2\" data-google-query-id=\"CL_c7dzszvwCFQ25lQIdu7kGeQ\">\n<div id=\"google_ads_iframe_\/95377733\/tvg_G1\/Sua_Regiao>Nordeste>Bahia_3__container__&#8221; style=&#8221;box-sizing: inherit; margin: auto; padding: 0px; border: 0pt none; font: inherit; vertical-align: initial; max-width: 100%; text-align: center; width: 970px; height: 250px;&#8221;><iframe id=\"google_ads_iframe_\/95377733\/tvg_G1\/Sua_Regiao>Nordeste>Bahia_3&#8243; style=&#8221;box-sizing: inherit; margin: 0px; padding: 0px; border: 0px; font: inherit; vertical-align: bottom;&#8221; tabindex=&#8221;0&#8243; title=&#8221;3rd party ad content&#8221; role=&#8221;region&#8221; name=&#8221;google_ads_iframe_\/95377733\/tvg_G1\/Sua_Regiao>Nordeste>Bahia_3&#8243; width=&#8221;970&#8243; height=&#8221;250&#8243; frameborder=&#8221;0&#8243; marginwidth=&#8221;0&#8243; marginheight=&#8221;0&#8243; scrolling=&#8221;no&#8221; aria-label=&#8221;Advertisement&#8221; data-load-complete=&#8221;true&#8221; data-google-container-id=&#8221;5&#8243; data-mce-fragment=&#8221;1&#8243;><\/iframe><\/div>\n<\/div>\n<\/div>\n<\/div>\n<div id=\"chunk-frng1\" style=\"text-align: justify;\">\n<div class=\"mc-column content-text active-extra-styles \" data-block-type=\"unstyled\" data-block-weight=\"28\" data-block-id=\"7\">\n<p class=\"content-text__container \" data-track-category=\"Link no Texto\" data-track-links=\"\">Os alunos que formarem receber\u00e3o certificado de conclus\u00e3o do ensino m\u00e9dio com qualifica\u00e7\u00e3o profissional em Produ\u00e7\u00e3o Cultural. Al\u00e9m da Bahia, o projeto tamb\u00e9m \u00e9 feito nos seguintes estados:<\/p>\n<\/div>\n<\/div>\n<div class=\"mc-column content-text active-extra-styles\" data-block-type=\"raw\" data-block-weight=\"16\" data-block-id=\"8\">\n<ul class=\"content-unordered-list\">\n<li style=\"text-align: justify;\">Amazonas;<\/li>\n<li style=\"text-align: justify;\">Cear\u00e1;<\/li>\n<li style=\"text-align: justify;\">Maranh\u00e3o;<\/li>\n<li style=\"text-align: justify;\">Par\u00e1;<\/li>\n<li style=\"text-align: justify;\">Paran\u00e1;<\/li>\n<li style=\"text-align: justify;\">Pernambuco;<\/li>\n<li style=\"text-align: justify;\">Piau\u00ed;<\/li>\n<li style=\"text-align: justify;\">Rio Grande do Sul;<\/li>\n<li style=\"text-align: justify;\">Rond\u00f4nia;<\/li>\n<li style=\"text-align: justify;\">Santa Catarina;<\/li>\n<li style=\"text-align: justify;\">Sergipe;<\/li>\n<li style=\"text-align: justify;\">Tocantins.<\/li>\n<\/ul>\n<p><em>Fonte: g1 Bahia<\/em><\/p>\n<\/div>\n<\/div>\n","protected":false},"excerpt":{"rendered":"<p>Um projeto de forma\u00e7\u00e3o gratuita abriu, nesta ter\u00e7a-feira (17), vagas para jovens e adultos que querem ter qualifica\u00e7\u00e3o profissional em Produ\u00e7\u00e3o Cultural, na Bahia. Para se inscrever no Sesc EAD EJA \u00e9 preciso estar no ensino m\u00e9dio. As inscri\u00e7\u00f5es v\u00e3o at\u00e9 o dia 17 de fevereiro e podem ser feitas em&nbsp;sesc.com.br\/ead. Os interessados ter\u00e3o a [&hellip;]<\/p>\n","protected":false},"author":1,"featured_media":48724,"comment_status":"closed","ping_status":"open","sticky":false,"template":"","format":"standard","meta":{"_uag_custom_page_level_css":"","_monsterinsights_skip_tracking":false,"_monsterinsights_sitenote_active":false,"_monsterinsights_sitenote_note":"","_monsterinsights_sitenote_category":0,"jetpack_post_was_ever_published":false,"_jetpack_newsletter_access":"","_jetpack_dont_email_post_to_subs":false,"_jetpack_newsletter_tier_id":0,"_jetpack_memberships_contains_paywalled_content":false,"_jetpack_memberships_contains_paid_content":false,"footnotes":"","jetpack_publicize_message":"","jetpack_publicize_feature_enabled":true,"jetpack_social_post_already_shared":true,"jetpack_social_options":{"image_generator_settings":{"template":"highway","default_image_id":0,"font":"","enabled":false},"version":2}},"categories":[199,1784,209],"tags":[11,230,10512,1827],"class_list":["post-48723","post","type-post","status-publish","format-standard","has-post-thumbnail","hentry","category-bahia","category-cultura-2","category-educacao","tag-bahia","tag-cursos","tag-producao-cultural","tag-sesc"],"jetpack_publicize_connections":[],"jetpack_featured_media_url":"https:\/\/blogopara.com.br\/wp-content\/uploads\/2023\/01\/Artigo-7-imagem-1-Dicas-de-Estudo-para-Obter-o-Maximo-do-EaD-Parte-1-www.educacaoformal.com_.br_-500x333-1.jpg","uagb_featured_image_src":{"full":["https:\/\/blogopara.com.br\/wp-content\/uploads\/2023\/01\/Artigo-7-imagem-1-Dicas-de-Estudo-para-Obter-o-Maximo-do-EaD-Parte-1-www.educacaoformal.com_.br_-500x333-1.jpg",500,333,false],"thumbnail":["https:\/\/blogopara.com.br\/wp-content\/uploads\/2023\/01\/Artigo-7-imagem-1-Dicas-de-Estudo-para-Obter-o-Maximo-do-EaD-Parte-1-www.educacaoformal.com_.br_-500x333-1-150x150.jpg",150,150,true],"medium":["https:\/\/blogopara.com.br\/wp-content\/uploads\/2023\/01\/Artigo-7-imagem-1-Dicas-de-Estudo-para-Obter-o-Maximo-do-EaD-Parte-1-www.educacaoformal.com_.br_-500x333-1-300x200.jpg",300,200,true],"medium_large":["https:\/\/blogopara.com.br\/wp-content\/uploads\/2023\/01\/Artigo-7-imagem-1-Dicas-de-Estudo-para-Obter-o-Maximo-do-EaD-Parte-1-www.educacaoformal.com_.br_-500x333-1.jpg",500,333,false],"large":["https:\/\/blogopara.com.br\/wp-content\/uploads\/2023\/01\/Artigo-7-imagem-1-Dicas-de-Estudo-para-Obter-o-Maximo-do-EaD-Parte-1-www.educacaoformal.com_.br_-500x333-1.jpg",500,333,false],"1536x1536":["https:\/\/blogopara.com.br\/wp-content\/uploads\/2023\/01\/Artigo-7-imagem-1-Dicas-de-Estudo-para-Obter-o-Maximo-do-EaD-Parte-1-www.educacaoformal.com_.br_-500x333-1.jpg",500,333,false],"2048x2048":["https:\/\/blogopara.com.br\/wp-content\/uploads\/2023\/01\/Artigo-7-imagem-1-Dicas-de-Estudo-para-Obter-o-Maximo-do-EaD-Parte-1-www.educacaoformal.com_.br_-500x333-1.jpg",500,333,false],"mantranews-slider-large":["https:\/\/blogopara.com.br\/wp-content\/uploads\/2023\/01\/Artigo-7-imagem-1-Dicas-de-Estudo-para-Obter-o-Maximo-do-EaD-Parte-1-www.educacaoformal.com_.br_-500x333-1.jpg",500,333,false],"mantranews-featured-medium":["https:\/\/blogopara.com.br\/wp-content\/uploads\/2023\/01\/Artigo-7-imagem-1-Dicas-de-Estudo-para-Obter-o-Maximo-do-EaD-Parte-1-www.educacaoformal.com_.br_-500x333-1-420x307.jpg",420,307,true],"mantranews-featured-long":["https:\/\/blogopara.com.br\/wp-content\/uploads\/2023\/01\/Artigo-7-imagem-1-Dicas-de-Estudo-para-Obter-o-Maximo-do-EaD-Parte-1-www.educacaoformal.com_.br_-500x333-1-300x333.jpg",300,333,true],"mantranews-block-medium":["https:\/\/blogopara.com.br\/wp-content\/uploads\/2023\/01\/Artigo-7-imagem-1-Dicas-de-Estudo-para-Obter-o-Maximo-do-EaD-Parte-1-www.educacaoformal.com_.br_-500x333-1-464x290.jpg",464,290,true],"mantranews-carousel-image":["https:\/\/blogopara.com.br\/wp-content\/uploads\/2023\/01\/Artigo-7-imagem-1-Dicas-de-Estudo-para-Obter-o-Maximo-do-EaD-Parte-1-www.educacaoformal.com_.br_-500x333-1.jpg",500,333,false],"mantranews-block-thumb":["https:\/\/blogopara.com.br\/wp-content\/uploads\/2023\/01\/Artigo-7-imagem-1-Dicas-de-Estudo-para-Obter-o-Maximo-do-EaD-Parte-1-www.educacaoformal.com_.br_-500x333-1-322x230.jpg",322,230,true],"mantranews-single-large":["https:\/\/blogopara.com.br\/wp-content\/uploads\/2023\/01\/Artigo-7-imagem-1-Dicas-de-Estudo-para-Obter-o-Maximo-do-EaD-Parte-1-www.educacaoformal.com_.br_-500x333-1.jpg",500,333,false]},"uagb_author_info":{"display_name":"Reda\u00e7\u00e3o geral","author_link":"https:\/\/blogopara.com.br\/index.php\/author\/blogopara"},"uagb_comment_info":0,"uagb_excerpt":"Um projeto de forma\u00e7\u00e3o gratuita abriu, nesta ter\u00e7a-feira (17), vagas para jovens e adultos que querem ter qualifica\u00e7\u00e3o profissional em Produ\u00e7\u00e3o Cultural, na Bahia. Para se inscrever no Sesc EAD EJA \u00e9 preciso estar no ensino m\u00e9dio. As inscri\u00e7\u00f5es v\u00e3o at\u00e9 o dia 17 de fevereiro e podem ser feitas em&nbsp;sesc.com.br\/ead. Os interessados ter\u00e3o a&hellip;","jetpack_sharing_enabled":true,"jetpack_likes_enabled":true,"_links":{"self":[{"href":"https:\/\/blogopara.com.br\/index.php\/wp-json\/wp\/v2\/posts\/48723","targetHints":{"allow":["GET"]}}],"collection":[{"href":"https:\/\/blogopara.com.br\/index.php\/wp-json\/wp\/v2\/posts"}],"about":[{"href":"https:\/\/blogopara.com.br\/index.php\/wp-json\/wp\/v2\/types\/post"}],"author":[{"embeddable":true,"href":"https:\/\/blogopara.com.br\/index.php\/wp-json\/wp\/v2\/users\/1"}],"replies":[{"embeddable":true,"href":"https:\/\/blogopara.com.br\/index.php\/wp-json\/wp\/v2\/comments?post=48723"}],"version-history":[{"count":2,"href":"https:\/\/blogopara.com.br\/index.php\/wp-json\/wp\/v2\/posts\/48723\/revisions"}],"predecessor-version":[{"id":48743,"href":"https:\/\/blogopara.com.br\/index.php\/wp-json\/wp\/v2\/posts\/48723\/revisions\/48743"}],"wp:featuredmedia":[{"embeddable":true,"href":"https:\/\/blogopara.com.br\/index.php\/wp-json\/wp\/v2\/media\/48724"}],"wp:attachment":[{"href":"https:\/\/blogopara.com.br\/index.php\/wp-json\/wp\/v2\/media?parent=48723"}],"wp:term":[{"taxonomy":"category","embeddable":true,"href":"https:\/\/blogopara.com.br\/index.php\/wp-json\/wp\/v2\/categories?post=48723"},{"taxonomy":"post_tag","embeddable":true,"href":"https:\/\/blogopara.com.br\/index.php\/wp-json\/wp\/v2\/tags?post=48723"}],"curies":[{"name":"wp","href":"https:\/\/api.w.org\/{rel}","templated":true}]}}