{"id":48768,"date":"2023-01-19T14:43:00","date_gmt":"2023-01-19T17:43:00","guid":{"rendered":"https:\/\/blogopara.com.br\/?p=48768"},"modified":"2023-01-18T22:45:42","modified_gmt":"2023-01-19T01:45:42","slug":"novas-doses-da-vacina-contra-a-covid-19-sao-disponibilizadas-para-o-publico-infantil-em-petrolina","status":"publish","type":"post","link":"https:\/\/blogopara.com.br\/index.php\/2023\/01\/19\/novas-doses-da-vacina-contra-a-covid-19-sao-disponibilizadas-para-o-publico-infantil-em-petrolina","title":{"rendered":"Novas doses da vacina contra a Covid-19 s\u00e3o disponibilizadas para o p\u00fablico infantil em Petrolina"},"content":{"rendered":"<p style=\"text-align: justify;\">A partir desta quarta-feira (18), a Unidade B\u00e1sica de Sa\u00fade Am\u00e1lia Granja, na Vila Moc\u00f3 em Petrolina, no Sert\u00e3o de Pernambuco, oferece doses da vacina Pfizer baby, contra a Covid-19, para o p\u00fablico de seis meses a dois anos. De acordo com a Secretaria Municipal de Sa\u00fade, 40 doses ser\u00e3o disponibilizadas com o objetivo de garantir a preven\u00e7\u00e3o e imuniza\u00e7\u00e3o das crian\u00e7as.<\/p>\n<p style=\"text-align: justify;\">O p\u00fablico de cinco a 11 anos pode tomar a 3\u00ba dose da vacina Pfizer pedi\u00e1trica em oito locais: UBS Am\u00e1lia Granja, Vila Moc\u00f3; UBS Roza Maria, Gercino Coelho; UBS Bernardino Campos, Vila Eduardo; UBS Ricardo Soares, Cohab Massangano; UBS Lourival Rodrigues, Terras do Sul; UBS Lia Bezerra, Jos\u00e9 e Maria; UBS An\u00e1lia Batista, Cosme e Dami\u00e3o e UBS Josefa de Souza, Pedra Linda.<\/p>\n<p style=\"text-align: justify;\">Segundo a gest\u00e3o municipal, as a\u00e7\u00f5es desenvolvidas visam evitar perda dos imunizantes, uma vez que as doses enviadas est\u00e3o sendo insuficientes para atender a demanda do munic\u00edpio na zona urbana e rural.<\/p>\n<p><em>Fonte: g1 Petrolina<\/em><\/p>\n","protected":false},"excerpt":{"rendered":"<p>A partir desta quarta-feira (18), a Unidade B\u00e1sica de Sa\u00fade Am\u00e1lia Granja, na Vila Moc\u00f3 em Petrolina, no Sert\u00e3o de Pernambuco, oferece doses da vacina Pfizer baby, contra a Covid-19, para o p\u00fablico de seis meses a dois anos. De acordo com a Secretaria Municipal de Sa\u00fade, 40 doses ser\u00e3o disponibilizadas com o objetivo de [&hellip;]<\/p>\n","protected":false},"author":1,"featured_media":47831,"comment_status":"closed","ping_status":"open","sticky":false,"template":"","format":"standard","meta":{"_uag_custom_page_level_css":"","_monsterinsights_skip_tracking":false,"_monsterinsights_sitenote_active":false,"_monsterinsights_sitenote_note":"","_monsterinsights_sitenote_category":0,"jetpack_post_was_ever_published":false,"_jetpack_newsletter_access":"","_jetpack_dont_email_post_to_subs":false,"_jetpack_newsletter_tier_id":0,"_jetpack_memberships_contains_paywalled_content":false,"_jetpack_memberships_contains_paid_content":false,"footnotes":"","jetpack_publicize_message":"","jetpack_publicize_feature_enabled":true,"jetpack_social_post_already_shared":true,"jetpack_social_options":{"image_generator_settings":{"template":"highway","default_image_id":0,"font":"","enabled":false},"version":2}},"categories":[1624,851],"tags":[3155,58,1051],"class_list":["post-48768","post","type-post","status-publish","format-standard","has-post-thumbnail","hentry","category-covid-19","category-petrolina","tag-covid-19-2","tag-petrolina","tag-vacina"],"jetpack_publicize_connections":[],"jetpack_featured_media_url":"https:\/\/blogopara.com.br\/wp-content\/uploads\/2022\/12\/vacina_crianca-1.jpeg","uagb_featured_image_src":{"full":["https:\/\/blogopara.com.br\/wp-content\/uploads\/2022\/12\/vacina_crianca-1.jpeg",500,333,false],"thumbnail":["https:\/\/blogopara.com.br\/wp-content\/uploads\/2022\/12\/vacina_crianca-1-150x150.jpeg",150,150,true],"medium":["https:\/\/blogopara.com.br\/wp-content\/uploads\/2022\/12\/vacina_crianca-1-300x200.jpeg",300,200,true],"medium_large":["https:\/\/blogopara.com.br\/wp-content\/uploads\/2022\/12\/vacina_crianca-1.jpeg",500,333,false],"large":["https:\/\/blogopara.com.br\/wp-content\/uploads\/2022\/12\/vacina_crianca-1.jpeg",500,333,false],"1536x1536":["https:\/\/blogopara.com.br\/wp-content\/uploads\/2022\/12\/vacina_crianca-1.jpeg",500,333,false],"2048x2048":["https:\/\/blogopara.com.br\/wp-content\/uploads\/2022\/12\/vacina_crianca-1.jpeg",500,333,false],"mantranews-slider-large":["https:\/\/blogopara.com.br\/wp-content\/uploads\/2022\/12\/vacina_crianca-1.jpeg",500,333,false],"mantranews-featured-medium":["https:\/\/blogopara.com.br\/wp-content\/uploads\/2022\/12\/vacina_crianca-1-420x307.jpeg",420,307,true],"mantranews-featured-long":["https:\/\/blogopara.com.br\/wp-content\/uploads\/2022\/12\/vacina_crianca-1-300x333.jpeg",300,333,true],"mantranews-block-medium":["https:\/\/blogopara.com.br\/wp-content\/uploads\/2022\/12\/vacina_crianca-1-464x290.jpeg",464,290,true],"mantranews-carousel-image":["https:\/\/blogopara.com.br\/wp-content\/uploads\/2022\/12\/vacina_crianca-1.jpeg",500,333,false],"mantranews-block-thumb":["https:\/\/blogopara.com.br\/wp-content\/uploads\/2022\/12\/vacina_crianca-1-322x230.jpeg",322,230,true],"mantranews-single-large":["https:\/\/blogopara.com.br\/wp-content\/uploads\/2022\/12\/vacina_crianca-1.jpeg",500,333,false]},"uagb_author_info":{"display_name":"Reda\u00e7\u00e3o geral","author_link":"https:\/\/blogopara.com.br\/index.php\/author\/blogopara"},"uagb_comment_info":0,"uagb_excerpt":"A partir desta quarta-feira (18), a Unidade B\u00e1sica de Sa\u00fade Am\u00e1lia Granja, na Vila Moc\u00f3 em Petrolina, no Sert\u00e3o de Pernambuco, oferece doses da vacina Pfizer baby, contra a Covid-19, para o p\u00fablico de seis meses a dois anos. De acordo com a Secretaria Municipal de Sa\u00fade, 40 doses ser\u00e3o disponibilizadas com o objetivo de&hellip;","jetpack_sharing_enabled":true,"jetpack_likes_enabled":true,"_links":{"self":[{"href":"https:\/\/blogopara.com.br\/index.php\/wp-json\/wp\/v2\/posts\/48768","targetHints":{"allow":["GET"]}}],"collection":[{"href":"https:\/\/blogopara.com.br\/index.php\/wp-json\/wp\/v2\/posts"}],"about":[{"href":"https:\/\/blogopara.com.br\/index.php\/wp-json\/wp\/v2\/types\/post"}],"author":[{"embeddable":true,"href":"https:\/\/blogopara.com.br\/index.php\/wp-json\/wp\/v2\/users\/1"}],"replies":[{"embeddable":true,"href":"https:\/\/blogopara.com.br\/index.php\/wp-json\/wp\/v2\/comments?post=48768"}],"version-history":[{"count":1,"href":"https:\/\/blogopara.com.br\/index.php\/wp-json\/wp\/v2\/posts\/48768\/revisions"}],"predecessor-version":[{"id":48769,"href":"https:\/\/blogopara.com.br\/index.php\/wp-json\/wp\/v2\/posts\/48768\/revisions\/48769"}],"wp:featuredmedia":[{"embeddable":true,"href":"https:\/\/blogopara.com.br\/index.php\/wp-json\/wp\/v2\/media\/47831"}],"wp:attachment":[{"href":"https:\/\/blogopara.com.br\/index.php\/wp-json\/wp\/v2\/media?parent=48768"}],"wp:term":[{"taxonomy":"category","embeddable":true,"href":"https:\/\/blogopara.com.br\/index.php\/wp-json\/wp\/v2\/categories?post=48768"},{"taxonomy":"post_tag","embeddable":true,"href":"https:\/\/blogopara.com.br\/index.php\/wp-json\/wp\/v2\/tags?post=48768"}],"curies":[{"name":"wp","href":"https:\/\/api.w.org\/{rel}","templated":true}]}}