{"id":48775,"date":"2023-01-19T16:42:00","date_gmt":"2023-01-19T19:42:00","guid":{"rendered":"https:\/\/blogopara.com.br\/?p=48775"},"modified":"2023-01-19T09:44:27","modified_gmt":"2023-01-19T12:44:27","slug":"termina-nesta-sexta-feira-pre-matricula-dos-alunos-novatos-nas-modalidades-pre-escola-ensino-fundamental-e-eja-da-rede-municipal-de-juazeiro","status":"publish","type":"post","link":"https:\/\/blogopara.com.br\/index.php\/2023\/01\/19\/termina-nesta-sexta-feira-pre-matricula-dos-alunos-novatos-nas-modalidades-pre-escola-ensino-fundamental-e-eja-da-rede-municipal-de-juazeiro","title":{"rendered":"Termina nesta sexta-feira pr\u00e9-matr\u00edcula dos alunos novatos nas modalidades Pr\u00e9-escola, Ensino Fundamental e EJA da rede municipal de Juazeiro"},"content":{"rendered":"<p style=\"text-align: justify;\">Termina nesta sexta-feira (20), o per\u00edodo de pr\u00e9-matr\u00edculas referente ao ano letivo 2023, na rede municipal de ensino de Juazeiro, para alunos novatos nas modalidades Educa\u00e7\u00e3o Infantil pr\u00e9-escola, destinada a crian\u00e7as de 04 e 05 anos de idade, Ensino Fundamental e Educa\u00e7\u00e3o Jovens e Adultos (EJA), incluindo pessoas com defici\u00eancia.<\/p>\n<p style=\"text-align: justify;\">O cadastro de pr\u00e9-matr\u00edcula deve ser realizado a partir das 10h da manh\u00e3, pelo respons\u00e1vel legal do estudante por meio do portal da educa\u00e7\u00e3o do munic\u00edpio, atrav\u00e9s do endere\u00e7o eletr\u00f4nico:\u00a0<strong><a href=\"https:\/\/matricula.juazeiro.ba.gov.br\/\" data-saferedirecturl=\"https:\/\/www.google.com\/url?q=https:\/\/matricula.juazeiro.ba.gov.br\/&amp;source=gmail&amp;ust=1674213831260000&amp;usg=AOvVaw0WbCZCI-bVKBBNN9ooxYIX\">https:\/\/matricula.juazeiro.ba.gov.br\/<\/a><\/strong>, sendo necess\u00e1rio indicar a unidade escolar e turno para a qual deseja a vaga.<\/p>\n<p style=\"text-align: justify;\">Ap\u00f3s a matr\u00edcula ser feita no ambiente virtual, ser\u00e1 publicada no dia 19 de janeiro, a lista de classifica\u00e7\u00e3o pelo sistema, onde o respons\u00e1vel dever\u00e1 comparecer presencialmente \u00e0 escola relacionada no protocolo de agendamento dispon\u00edvel no portal da educa\u00e7\u00e3o, no dia e hor\u00e1rio estabelecido pelo sistema, sendo necess\u00e1rio apresentar o protocolo, c\u00f3pia e original dos seguintes documentos:<\/p>\n<p style=\"text-align: justify;\">\u2013 Protocolo de inscri\u00e7\u00e3o;<\/p>\n<p style=\"text-align: justify;\">\u2013 Certid\u00e3o de nascimento ou documento de identifica\u00e7\u00e3o da crian\u00e7a com foto (original e c\u00f3pia);<\/p>\n<p style=\"text-align: justify;\">\u2013 CPF da M\u00e3e ou Respons\u00e1vel Legal. (Original);<\/p>\n<p style=\"text-align: justify;\">\u2013 Carteira de identidade da M\u00e3e ou Respons\u00e1vel Legal. (Original);<\/p>\n<p style=\"text-align: justify;\">\u2013 Comprovante de resid\u00eancia da M\u00e3e ou Respons\u00e1vel Legal;<\/p>\n<p style=\"text-align: justify;\">\u2013 Carteira de vacina\u00e7\u00e3o do aluno atualizada;<\/p>\n<p style=\"text-align: justify;\">\u2013 N\u00famero do NIS (N\u00famero de Identifica\u00e7\u00e3o Social) da crian\u00e7a;<\/p>\n<p style=\"text-align: justify;\">\u2013 02 fotos 3X4 (atual);<\/p>\n<p style=\"text-align: justify;\">\u2013 Comprovante de resid\u00eancia do respons\u00e1vel;<\/p>\n<p style=\"text-align: justify;\">\u2013 Documentos que comprovem que a crian\u00e7a participa de algum programa de assist\u00eancia social<\/p>\n<p style=\"text-align: justify;\">Mais informa\u00e7\u00f5es podem ser conferidas no Di\u00e1rio Oficial do Munic\u00edpio (Doem):\u00a0<strong><a href=\"http:\/\/doem.org.br\/ba\/juazeiro\/diarios\/previsualizar\/pV5voRNr\" data-saferedirecturl=\"https:\/\/www.google.com\/url?q=http:\/\/doem.org.br\/ba\/juazeiro\/diarios\/previsualizar\/pV5voRNr&amp;source=gmail&amp;ust=1674213831260000&amp;usg=AOvVaw2NAO3vUGmWxmeQTuIFLspS\">http:\/\/doem.org.br\/ba\/juazeiro\/diarios\/previsualizar\/pV5voRNr<\/a><\/strong>.<\/p>\n<p style=\"text-align: justify;\"><em>Fonte: Ascom\/Seduc\/PMJ<\/em><\/p>\n\n\n<p><\/p>\n","protected":false},"excerpt":{"rendered":"<p>Termina nesta sexta-feira (20), o per\u00edodo de pr\u00e9-matr\u00edculas referente ao ano letivo 2023, na rede municipal de ensino de Juazeiro, para alunos novatos nas modalidades Educa\u00e7\u00e3o Infantil pr\u00e9-escola, destinada a crian\u00e7as de 04 e 05 anos de idade, Ensino Fundamental e Educa\u00e7\u00e3o Jovens e Adultos (EJA), incluindo pessoas com defici\u00eancia. O cadastro de pr\u00e9-matr\u00edcula deve [&hellip;]<\/p>\n","protected":false},"author":1,"featured_media":48777,"comment_status":"closed","ping_status":"open","sticky":false,"template":"","format":"standard","meta":{"_uag_custom_page_level_css":"","_monsterinsights_skip_tracking":false,"_monsterinsights_sitenote_active":false,"_monsterinsights_sitenote_note":"","_monsterinsights_sitenote_category":0,"jetpack_post_was_ever_published":false,"_jetpack_newsletter_access":"","_jetpack_dont_email_post_to_subs":false,"_jetpack_newsletter_tier_id":0,"_jetpack_memberships_contains_paywalled_content":false,"_jetpack_memberships_contains_paid_content":false,"footnotes":"","jetpack_publicize_message":"","jetpack_publicize_feature_enabled":true,"jetpack_social_post_already_shared":true,"jetpack_social_options":{"image_generator_settings":{"template":"highway","default_image_id":0,"font":"","enabled":false},"version":2}},"categories":[209,203],"tags":[1188,4759,340],"class_list":["post-48775","post","type-post","status-publish","format-standard","has-post-thumbnail","hentry","category-educacao","category-juazeiro","tag-eja","tag-matriculas","tag-prefeitura-de-juazeiro"],"jetpack_publicize_connections":[],"jetpack_featured_media_url":"https:\/\/blogopara.com.br\/wp-content\/uploads\/2023\/01\/SEDUC-INAUGURACAO-ESCOLA-LEOPODINA-15.04.2021-16-de-74-1-1-1.jpg","uagb_featured_image_src":{"full":["https:\/\/blogopara.com.br\/wp-content\/uploads\/2023\/01\/SEDUC-INAUGURACAO-ESCOLA-LEOPODINA-15.04.2021-16-de-74-1-1-1.jpg",500,333,false],"thumbnail":["https:\/\/blogopara.com.br\/wp-content\/uploads\/2023\/01\/SEDUC-INAUGURACAO-ESCOLA-LEOPODINA-15.04.2021-16-de-74-1-1-1-150x150.jpg",150,150,true],"medium":["https:\/\/blogopara.com.br\/wp-content\/uploads\/2023\/01\/SEDUC-INAUGURACAO-ESCOLA-LEOPODINA-15.04.2021-16-de-74-1-1-1-300x200.jpg",300,200,true],"medium_large":["https:\/\/blogopara.com.br\/wp-content\/uploads\/2023\/01\/SEDUC-INAUGURACAO-ESCOLA-LEOPODINA-15.04.2021-16-de-74-1-1-1.jpg",500,333,false],"large":["https:\/\/blogopara.com.br\/wp-content\/uploads\/2023\/01\/SEDUC-INAUGURACAO-ESCOLA-LEOPODINA-15.04.2021-16-de-74-1-1-1.jpg",500,333,false],"1536x1536":["https:\/\/blogopara.com.br\/wp-content\/uploads\/2023\/01\/SEDUC-INAUGURACAO-ESCOLA-LEOPODINA-15.04.2021-16-de-74-1-1-1.jpg",500,333,false],"2048x2048":["https:\/\/blogopara.com.br\/wp-content\/uploads\/2023\/01\/SEDUC-INAUGURACAO-ESCOLA-LEOPODINA-15.04.2021-16-de-74-1-1-1.jpg",500,333,false],"mantranews-slider-large":["https:\/\/blogopara.com.br\/wp-content\/uploads\/2023\/01\/SEDUC-INAUGURACAO-ESCOLA-LEOPODINA-15.04.2021-16-de-74-1-1-1.jpg",500,333,false],"mantranews-featured-medium":["https:\/\/blogopara.com.br\/wp-content\/uploads\/2023\/01\/SEDUC-INAUGURACAO-ESCOLA-LEOPODINA-15.04.2021-16-de-74-1-1-1-420x307.jpg",420,307,true],"mantranews-featured-long":["https:\/\/blogopara.com.br\/wp-content\/uploads\/2023\/01\/SEDUC-INAUGURACAO-ESCOLA-LEOPODINA-15.04.2021-16-de-74-1-1-1-300x333.jpg",300,333,true],"mantranews-block-medium":["https:\/\/blogopara.com.br\/wp-content\/uploads\/2023\/01\/SEDUC-INAUGURACAO-ESCOLA-LEOPODINA-15.04.2021-16-de-74-1-1-1-464x290.jpg",464,290,true],"mantranews-carousel-image":["https:\/\/blogopara.com.br\/wp-content\/uploads\/2023\/01\/SEDUC-INAUGURACAO-ESCOLA-LEOPODINA-15.04.2021-16-de-74-1-1-1.jpg",500,333,false],"mantranews-block-thumb":["https:\/\/blogopara.com.br\/wp-content\/uploads\/2023\/01\/SEDUC-INAUGURACAO-ESCOLA-LEOPODINA-15.04.2021-16-de-74-1-1-1-322x230.jpg",322,230,true],"mantranews-single-large":["https:\/\/blogopara.com.br\/wp-content\/uploads\/2023\/01\/SEDUC-INAUGURACAO-ESCOLA-LEOPODINA-15.04.2021-16-de-74-1-1-1.jpg",500,333,false]},"uagb_author_info":{"display_name":"Reda\u00e7\u00e3o geral","author_link":"https:\/\/blogopara.com.br\/index.php\/author\/blogopara"},"uagb_comment_info":0,"uagb_excerpt":"Termina nesta sexta-feira (20), o per\u00edodo de pr\u00e9-matr\u00edculas referente ao ano letivo 2023, na rede municipal de ensino de Juazeiro, para alunos novatos nas modalidades Educa\u00e7\u00e3o Infantil pr\u00e9-escola, destinada a crian\u00e7as de 04 e 05 anos de idade, Ensino Fundamental e Educa\u00e7\u00e3o Jovens e Adultos (EJA), incluindo pessoas com defici\u00eancia. O cadastro de pr\u00e9-matr\u00edcula deve&hellip;","jetpack_sharing_enabled":true,"jetpack_likes_enabled":true,"_links":{"self":[{"href":"https:\/\/blogopara.com.br\/index.php\/wp-json\/wp\/v2\/posts\/48775","targetHints":{"allow":["GET"]}}],"collection":[{"href":"https:\/\/blogopara.com.br\/index.php\/wp-json\/wp\/v2\/posts"}],"about":[{"href":"https:\/\/blogopara.com.br\/index.php\/wp-json\/wp\/v2\/types\/post"}],"author":[{"embeddable":true,"href":"https:\/\/blogopara.com.br\/index.php\/wp-json\/wp\/v2\/users\/1"}],"replies":[{"embeddable":true,"href":"https:\/\/blogopara.com.br\/index.php\/wp-json\/wp\/v2\/comments?post=48775"}],"version-history":[{"count":2,"href":"https:\/\/blogopara.com.br\/index.php\/wp-json\/wp\/v2\/posts\/48775\/revisions"}],"predecessor-version":[{"id":48778,"href":"https:\/\/blogopara.com.br\/index.php\/wp-json\/wp\/v2\/posts\/48775\/revisions\/48778"}],"wp:featuredmedia":[{"embeddable":true,"href":"https:\/\/blogopara.com.br\/index.php\/wp-json\/wp\/v2\/media\/48777"}],"wp:attachment":[{"href":"https:\/\/blogopara.com.br\/index.php\/wp-json\/wp\/v2\/media?parent=48775"}],"wp:term":[{"taxonomy":"category","embeddable":true,"href":"https:\/\/blogopara.com.br\/index.php\/wp-json\/wp\/v2\/categories?post=48775"},{"taxonomy":"post_tag","embeddable":true,"href":"https:\/\/blogopara.com.br\/index.php\/wp-json\/wp\/v2\/tags?post=48775"}],"curies":[{"name":"wp","href":"https:\/\/api.w.org\/{rel}","templated":true}]}}