{"id":4878,"date":"2019-11-19T12:55:07","date_gmt":"2019-11-19T15:55:07","guid":{"rendered":"http:\/\/blogopara.com.br\/?p=4878"},"modified":"2019-12-24T10:31:07","modified_gmt":"2019-12-24T13:31:07","slug":"juazeiro-acidente-deixa-moto-taxista-gravemente-ferido","status":"publish","type":"post","link":"https:\/\/blogopara.com.br\/index.php\/2019\/11\/19\/juazeiro-acidente-deixa-moto-taxista-gravemente-ferido","title":{"rendered":"Toffoli usa avi\u00e3o da FAB para evento em cidade pequena e estica viagem at\u00e9 resort"},"content":{"rendered":"<p style=\"text-align: justify;\">O presidente do Supremo Tribunal Federal (STF), Dias Toffoli, usou a aeronave da For\u00e7a A\u00e9rea Brasileira (FAB) para ir a um evento em uma cidade de pouco mais de 10 mil habitantes na \u00faltima sexta-feira (20), emendando a estadia por todo o fim de semana em um resort de luxo na regi\u00e3o.<\/p>\n<p>De acordo com o jornal Folha de S. Paulo, o ministro partiu de Bras\u00edlia rumo a Ourinhos (SP) no in\u00edcio da tarde de sexta, acompanhado de outras 11 pessoas.<\/p>\n<p>O \u00fanico evento oficial que participou foi a inaugura\u00e7\u00e3o, ainda na tarde de sexta, do F\u00f3rum Eleitoral de Ribeir\u00e3o Claro (PR), cidade de apenas 10.668 habitantes, que ganhou o nome do seu pai, Luiz Toffoli.<\/p>\n<pre>Fonte: Bahia Not\u00edcias<\/pre>\n","protected":false},"excerpt":{"rendered":"<p>O presidente do Supremo Tribunal Federal (STF), Dias Toffoli, usou a aeronave da For\u00e7a A\u00e9rea Brasileira (FAB) para ir a um evento em uma cidade de pouco mais de 10 mil habitantes na \u00faltima sexta-feira (20), emendando a estadia por todo o fim de semana em um resort de luxo na regi\u00e3o. De acordo com [&hellip;]<\/p>\n","protected":false},"author":1,"featured_media":5903,"comment_status":"open","ping_status":"open","sticky":false,"template":"","format":"standard","meta":{"_uag_custom_page_level_css":"","_monsterinsights_skip_tracking":false,"_monsterinsights_sitenote_active":false,"_monsterinsights_sitenote_note":"","_monsterinsights_sitenote_category":0,"jetpack_post_was_ever_published":false,"_jetpack_newsletter_access":"","_jetpack_dont_email_post_to_subs":false,"_jetpack_newsletter_tier_id":0,"_jetpack_memberships_contains_paywalled_content":false,"_jetpack_memberships_contains_paid_content":false,"footnotes":"","jetpack_publicize_message":"","jetpack_publicize_feature_enabled":true,"jetpack_social_post_already_shared":true,"jetpack_social_options":{"image_generator_settings":{"template":"highway","default_image_id":0,"font":"","enabled":false},"version":2}},"categories":[203],"tags":[1430,322,323],"class_list":["post-4878","post","type-post","status-publish","format-standard","has-post-thumbnail","hentry","category-juazeiro","tag-fab","tag-stf","tag-toffoli"],"jetpack_publicize_connections":[],"jetpack_featured_media_url":"https:\/\/blogopara.com.br\/wp-content\/uploads\/2019\/11\/IMAGEM_NOTICIA_5-2.jpg","uagb_featured_image_src":{"full":["https:\/\/blogopara.com.br\/wp-content\/uploads\/2019\/11\/IMAGEM_NOTICIA_5-2.jpg",380,280,false],"thumbnail":["https:\/\/blogopara.com.br\/wp-content\/uploads\/2019\/11\/IMAGEM_NOTICIA_5-2-150x150.jpg",150,150,true],"medium":["https:\/\/blogopara.com.br\/wp-content\/uploads\/2019\/11\/IMAGEM_NOTICIA_5-2-300x221.jpg",300,221,true],"medium_large":["https:\/\/blogopara.com.br\/wp-content\/uploads\/2019\/11\/IMAGEM_NOTICIA_5-2.jpg",380,280,false],"large":["https:\/\/blogopara.com.br\/wp-content\/uploads\/2019\/11\/IMAGEM_NOTICIA_5-2.jpg",380,280,false],"1536x1536":["https:\/\/blogopara.com.br\/wp-content\/uploads\/2019\/11\/IMAGEM_NOTICIA_5-2.jpg",380,280,false],"2048x2048":["https:\/\/blogopara.com.br\/wp-content\/uploads\/2019\/11\/IMAGEM_NOTICIA_5-2.jpg",380,280,false],"mantranews-slider-large":["https:\/\/blogopara.com.br\/wp-content\/uploads\/2019\/11\/IMAGEM_NOTICIA_5-2.jpg",380,280,false],"mantranews-featured-medium":["https:\/\/blogopara.com.br\/wp-content\/uploads\/2019\/11\/IMAGEM_NOTICIA_5-2.jpg",380,280,false],"mantranews-featured-long":["https:\/\/blogopara.com.br\/wp-content\/uploads\/2019\/11\/IMAGEM_NOTICIA_5-2.jpg",300,221,false],"mantranews-block-medium":["https:\/\/blogopara.com.br\/wp-content\/uploads\/2019\/11\/IMAGEM_NOTICIA_5-2.jpg",380,280,false],"mantranews-carousel-image":["https:\/\/blogopara.com.br\/wp-content\/uploads\/2019\/11\/IMAGEM_NOTICIA_5-2.jpg",380,280,false],"mantranews-block-thumb":["https:\/\/blogopara.com.br\/wp-content\/uploads\/2019\/11\/IMAGEM_NOTICIA_5-2.jpg",312,230,false],"mantranews-single-large":["https:\/\/blogopara.com.br\/wp-content\/uploads\/2019\/11\/IMAGEM_NOTICIA_5-2.jpg",380,280,false]},"uagb_author_info":{"display_name":"Reda\u00e7\u00e3o geral","author_link":"https:\/\/blogopara.com.br\/index.php\/author\/blogopara"},"uagb_comment_info":0,"uagb_excerpt":"O presidente do Supremo Tribunal Federal (STF), Dias Toffoli, usou a aeronave da For\u00e7a A\u00e9rea Brasileira (FAB) para ir a um evento em uma cidade de pouco mais de 10 mil habitantes na \u00faltima sexta-feira (20), emendando a estadia por todo o fim de semana em um resort de luxo na regi\u00e3o. De acordo com&hellip;","jetpack_sharing_enabled":true,"jetpack_likes_enabled":true,"_links":{"self":[{"href":"https:\/\/blogopara.com.br\/index.php\/wp-json\/wp\/v2\/posts\/4878","targetHints":{"allow":["GET"]}}],"collection":[{"href":"https:\/\/blogopara.com.br\/index.php\/wp-json\/wp\/v2\/posts"}],"about":[{"href":"https:\/\/blogopara.com.br\/index.php\/wp-json\/wp\/v2\/types\/post"}],"author":[{"embeddable":true,"href":"https:\/\/blogopara.com.br\/index.php\/wp-json\/wp\/v2\/users\/1"}],"replies":[{"embeddable":true,"href":"https:\/\/blogopara.com.br\/index.php\/wp-json\/wp\/v2\/comments?post=4878"}],"version-history":[{"count":3,"href":"https:\/\/blogopara.com.br\/index.php\/wp-json\/wp\/v2\/posts\/4878\/revisions"}],"predecessor-version":[{"id":5904,"href":"https:\/\/blogopara.com.br\/index.php\/wp-json\/wp\/v2\/posts\/4878\/revisions\/5904"}],"wp:featuredmedia":[{"embeddable":true,"href":"https:\/\/blogopara.com.br\/index.php\/wp-json\/wp\/v2\/media\/5903"}],"wp:attachment":[{"href":"https:\/\/blogopara.com.br\/index.php\/wp-json\/wp\/v2\/media?parent=4878"}],"wp:term":[{"taxonomy":"category","embeddable":true,"href":"https:\/\/blogopara.com.br\/index.php\/wp-json\/wp\/v2\/categories?post=4878"},{"taxonomy":"post_tag","embeddable":true,"href":"https:\/\/blogopara.com.br\/index.php\/wp-json\/wp\/v2\/tags?post=4878"}],"curies":[{"name":"wp","href":"https:\/\/api.w.org\/{rel}","templated":true}]}}