{"id":48873,"date":"2023-01-21T12:45:00","date_gmt":"2023-01-21T15:45:00","guid":{"rendered":"https:\/\/blogopara.com.br\/?p=48873"},"modified":"2023-01-20T22:52:38","modified_gmt":"2023-01-21T01:52:38","slug":"criancas-yanomamis-com-desnutricao-severa-e-malaria-sao-resgatadas-em-estado-grave","status":"publish","type":"post","link":"https:\/\/blogopara.com.br\/index.php\/2023\/01\/21\/criancas-yanomamis-com-desnutricao-severa-e-malaria-sao-resgatadas-em-estado-grave","title":{"rendered":"Crian\u00e7as Yanomamis com desnutri\u00e7\u00e3o severa e mal\u00e1ria s\u00e3o resgatadas em estado grave"},"content":{"rendered":"<p style=\"text-align: justify;\">T\u00e9cnicos do Minist\u00e9rio da Sa\u00fade (MS) j\u00e1 resgataram oito crian\u00e7as em estado grave que vivem na terra\u00a0Yanomami \u2013 a maior reserva ind\u00edgena do pa\u00eds. Os pacientes, incluindo um rec\u00e9m-nascido, foram resgatados com quadros de desnutri\u00e7\u00e3o severa e mal\u00e1ria.<\/p>\n<p style=\"text-align: justify;\" data-gtm-vis-recent-on-screen-8752935_845=\"9413\" data-gtm-vis-first-on-screen-8752935_845=\"9413\" data-gtm-vis-total-visible-time-8752935_845=\"100\" data-gtm-vis-has-fired-8752935_845=\"1\">A equipe t\u00e9cnica da pasta faz atendimentos na regi\u00e3o desde segunda-feira (16\/1), e encaminha as crian\u00e7as para tratamento na capital Boa Vista (RR).<\/p>\n<p style=\"text-align: justify;\">Segundo informa\u00e7\u00f5es do MS, o paciente mais novo, de 18 dias de vida, foi levado ao hospital com quadro de pneumonia, e chegou a ter cinco paradas card\u00edacas. A m\u00e3e da crian\u00e7a percorreu tr\u00eas horas at\u00e9 chegar \u00e0 Unidade B\u00e1sica de Sa\u00fade Ind\u00edgena (UBSI) no polo-base de Surucucu.<\/p>\n<p style=\"text-align: justify;\">\u201cUm dado p\u00fablico \u00e9 que nos \u00faltimos 4 anos, 570 pessoas Yanomami morreram decorrente da contamina\u00e7\u00e3o por merc\u00fario por conta do garimpo ilegal. Agora, na casa de aten\u00e7\u00e3o \u00e0 sa\u00fade ind\u00edgena, tem 715 ind\u00edgenas yanomami em desnutri\u00e7\u00e3o absurda\u201d, disse S\u00f4nia Guajajara, ministra dos Povos Origin\u00e1rios.<\/p>\n<div id=\"chunk-8h15o\">\n<div class=\"mc-column content-text active-extra-styles \" data-block-type=\"unstyled\" data-block-weight=\"58\" data-block-id=\"6\">\n<div id=\"chunk-smv9\" style=\"text-align: justify;\">\n<div class=\"mc-column content-text active-extra-styles \" data-block-type=\"unstyled\" data-block-weight=\"32\" data-block-id=\"8\">\n<p class=\"content-text__container \" data-track-category=\"Link no Texto\" data-track-links=\"\">O presidente\u00a0Luiz In\u00e1cio Lula da Silva\u00a0(PT) afirmou, nesta sexta-feira (20\/1), que visitar\u00e1 o estado neste final de semana para tratar de quest\u00f5es relacionadas \u00e0 desnutri\u00e7\u00e3o de crian\u00e7as ind\u00edgenas do povo Yanomami.<\/p>\n<p data-track-category=\"Link no Texto\" data-track-links=\"\">\u201cRecebemos informa\u00e7\u00f5es sobre a absurda situa\u00e7\u00e3o de desnutri\u00e7\u00e3o de crian\u00e7as Yanomami em Roraima. Amanh\u00e3 viajarei ao Estado para oferecer o suporte do governo federal e, junto com nossos ministros, atuaremos pela garantia da vida de crian\u00e7as Yanomami\u201d, disse o presidente nas redes sociais.<\/p>\n<p><a href=\"https:\/\/twitter.com\/LulaOficial\/status\/1616504927802560514?ref_src=twsrc%5Etfw\">https:\/\/twitter.com\/LulaOficial\/status\/1616504927802560514?ref_src=twsrc%5Etfw<\/a><\/p>\n<\/div>\n<\/div>\n<div id=\"chunk-ahaa0\" style=\"text-align: justify;\">\n<div class=\"mc-column content-text active-extra-styles \" data-block-type=\"unstyled\" data-block-weight=\"42\" data-block-id=\"9\">\n<p data-track-category=\"Link no Texto\" data-track-links=\"\">O presidente estar\u00e1 acompanhado dos ministros da Justi\u00e7a e Seguran\u00e7a P\u00fablica, Fl\u00e1vio Dino; da Defesa, Jos\u00e9 M\u00facio; do Desenvolvimento e Assist\u00eancia Social, Fam\u00edlia e Combate \u00e0 Fome, Wellington Dias; da Sa\u00fade, N\u00edsia Trindade; dos Direitos Humanos e Cidadania, Silvio Almeida; da Secretaria-Geral, M\u00e1rcio Macedo; dos Povos Ind\u00edgenas, Sonia Guajajara; e do Gabinete de Seguran\u00e7a Institucional, general Gon\u00e7alves Dias.<\/p>\n<p class=\"content-text__container \" data-track-category=\"Link no Texto\" data-track-links=\"\">O intuito do Minist\u00e9rio da Sa\u00fade \u00e9 realizar uma miss\u00e3o para oferecer servi\u00e7os de sa\u00fade aos mais de 30,4 mil ind\u00edgenas que vivem no local.<\/p>\n<\/div>\n<\/div>\n<div id=\"chunk-5neq4\">\n<div class=\"mc-column content-text active-extra-styles \" data-block-type=\"unstyled\" data-block-weight=\"40\" data-block-id=\"10\">\n<p class=\"content-text__container \" style=\"text-align: justify;\" data-track-category=\"Link no Texto\" data-track-links=\"\">\u201cNos \u00faltimos anos, a popula\u00e7\u00e3o Yanomami passou por desassist\u00eancia e dificuldade de acesso aos atendimentos de sa\u00fade. Casos de desnutri\u00e7\u00e3o e inseguran\u00e7a alimentar, principalmente entre as mais de 5 mil crian\u00e7as da regi\u00e3o, foram registrados\u201d, disse o Minist\u00e9rio da Sa\u00fade.<\/p>\n<h4 style=\"text-align: justify;\">Sa\u00fade dos Yanomamis<\/h4>\n<p style=\"text-align: justify;\">Em raz\u00e3o da grave precariza\u00e7\u00e3o das condi\u00e7\u00f5es de vida do povo Yanomami, tamb\u00e9m em decorr\u00eancia do garimpo ilegal, a popula\u00e7\u00e3o vive uma grande crise sanit\u00e1ria. Apesar de a atividade provocar assassinatos de ind\u00edgenas, nos \u00faltimos meses tamb\u00e9m foram registradas diversas mortes por desnutri\u00e7\u00e3o.<\/p>\n<p style=\"text-align: justify;\">A explora\u00e7\u00e3o ilegal do garimpo faz com que ocorra a incid\u00eancia de doen\u00e7as infecciosas. A falta de assist\u00eancia em sa\u00fade tamb\u00e9m contribui para o quadro.<\/p>\n<p class=\"m-img-wrap\" style=\"text-align: justify;\">Na \u00faltima quarta-feira (18\/1), uma equipe do Minist\u00e9rio da Sa\u00fade foi enviada ao estado de Roraima para fazer um diagn\u00f3stico da situa\u00e7\u00e3o. Em nota, a pasta informou que a expectativa \u00e9 que, ap\u00f3s o levantamento, sejam definidas \u201ca\u00e7\u00f5es imediatas para superar a crise sanit\u00e1ria\u201d pela qual passa a popula\u00e7\u00e3o local.<\/p>\n<p><em>Fonte: Metr\u00f3poles<\/em><\/p>\n<\/div>\n<\/div>\n<\/div>\n<\/div>\n","protected":false},"excerpt":{"rendered":"<p>T\u00e9cnicos do Minist\u00e9rio da Sa\u00fade (MS) j\u00e1 resgataram oito crian\u00e7as em estado grave que vivem na terra\u00a0Yanomami \u2013 a maior reserva ind\u00edgena do pa\u00eds. Os pacientes, incluindo um rec\u00e9m-nascido, foram resgatados com quadros de desnutri\u00e7\u00e3o severa e mal\u00e1ria. A equipe t\u00e9cnica da pasta faz atendimentos na regi\u00e3o desde segunda-feira (16\/1), e encaminha as crian\u00e7as para [&hellip;]<\/p>\n","protected":false},"author":1,"featured_media":48874,"comment_status":"closed","ping_status":"open","sticky":false,"template":"","format":"standard","meta":{"_uag_custom_page_level_css":"","_monsterinsights_skip_tracking":false,"_monsterinsights_sitenote_active":false,"_monsterinsights_sitenote_note":"","_monsterinsights_sitenote_category":0,"jetpack_post_was_ever_published":false,"_jetpack_newsletter_access":"","_jetpack_dont_email_post_to_subs":false,"_jetpack_newsletter_tier_id":0,"_jetpack_memberships_contains_paywalled_content":false,"_jetpack_memberships_contains_paid_content":false,"footnotes":"","jetpack_publicize_message":"","jetpack_publicize_feature_enabled":true,"jetpack_social_post_already_shared":true,"jetpack_social_options":{"image_generator_settings":{"template":"highway","default_image_id":0,"font":"","enabled":false},"version":2}},"categories":[200],"tags":[152,1703,2922],"class_list":["post-48873","post","type-post","status-publish","format-standard","has-post-thumbnail","hentry","category-brasil","tag-criancas","tag-ministerio-da-saude","tag-yanomamis"],"jetpack_publicize_connections":[],"jetpack_featured_media_url":"https:\/\/blogopara.com.br\/wp-content\/uploads\/2023\/01\/WhatsApp-Image-2023-01-20-at-20.12.06-1-600x400-1-e1674265941989.webp","uagb_featured_image_src":{"full":["https:\/\/blogopara.com.br\/wp-content\/uploads\/2023\/01\/WhatsApp-Image-2023-01-20-at-20.12.06-1-600x400-1-e1674265941989.webp",500,333,false],"thumbnail":["https:\/\/blogopara.com.br\/wp-content\/uploads\/2023\/01\/WhatsApp-Image-2023-01-20-at-20.12.06-1-600x400-1-150x150.webp",150,150,true],"medium":["https:\/\/blogopara.com.br\/wp-content\/uploads\/2023\/01\/WhatsApp-Image-2023-01-20-at-20.12.06-1-600x400-1-300x200.webp",300,200,true],"medium_large":["https:\/\/blogopara.com.br\/wp-content\/uploads\/2023\/01\/WhatsApp-Image-2023-01-20-at-20.12.06-1-600x400-1-e1674265941989.webp",500,333,false],"large":["https:\/\/blogopara.com.br\/wp-content\/uploads\/2023\/01\/WhatsApp-Image-2023-01-20-at-20.12.06-1-600x400-1-e1674265941989.webp",500,333,false],"1536x1536":["https:\/\/blogopara.com.br\/wp-content\/uploads\/2023\/01\/WhatsApp-Image-2023-01-20-at-20.12.06-1-600x400-1-e1674265941989.webp",500,333,false],"2048x2048":["https:\/\/blogopara.com.br\/wp-content\/uploads\/2023\/01\/WhatsApp-Image-2023-01-20-at-20.12.06-1-600x400-1-e1674265941989.webp",500,333,false],"mantranews-slider-large":["https:\/\/blogopara.com.br\/wp-content\/uploads\/2023\/01\/WhatsApp-Image-2023-01-20-at-20.12.06-1-600x400-1-e1674265941989.webp",500,333,false],"mantranews-featured-medium":["https:\/\/blogopara.com.br\/wp-content\/uploads\/2023\/01\/WhatsApp-Image-2023-01-20-at-20.12.06-1-600x400-1-420x307.webp",420,307,true],"mantranews-featured-long":["https:\/\/blogopara.com.br\/wp-content\/uploads\/2023\/01\/WhatsApp-Image-2023-01-20-at-20.12.06-1-600x400-1-300x400.webp",300,400,true],"mantranews-block-medium":["https:\/\/blogopara.com.br\/wp-content\/uploads\/2023\/01\/WhatsApp-Image-2023-01-20-at-20.12.06-1-600x400-1-464x290.webp",464,290,true],"mantranews-carousel-image":["https:\/\/blogopara.com.br\/wp-content\/uploads\/2023\/01\/WhatsApp-Image-2023-01-20-at-20.12.06-1-600x400-1-e1674265941989.webp",500,333,false],"mantranews-block-thumb":["https:\/\/blogopara.com.br\/wp-content\/uploads\/2023\/01\/WhatsApp-Image-2023-01-20-at-20.12.06-1-600x400-1-322x230.webp",322,230,true],"mantranews-single-large":["https:\/\/blogopara.com.br\/wp-content\/uploads\/2023\/01\/WhatsApp-Image-2023-01-20-at-20.12.06-1-600x400-1-e1674265941989.webp",500,333,false]},"uagb_author_info":{"display_name":"Reda\u00e7\u00e3o geral","author_link":"https:\/\/blogopara.com.br\/index.php\/author\/blogopara"},"uagb_comment_info":0,"uagb_excerpt":"T\u00e9cnicos do Minist\u00e9rio da Sa\u00fade (MS) j\u00e1 resgataram oito crian\u00e7as em estado grave que vivem na terra\u00a0Yanomami \u2013 a maior reserva ind\u00edgena do pa\u00eds. Os pacientes, incluindo um rec\u00e9m-nascido, foram resgatados com quadros de desnutri\u00e7\u00e3o severa e mal\u00e1ria. A equipe t\u00e9cnica da pasta faz atendimentos na regi\u00e3o desde segunda-feira (16\/1), e encaminha as crian\u00e7as para&hellip;","jetpack_sharing_enabled":true,"jetpack_likes_enabled":true,"_links":{"self":[{"href":"https:\/\/blogopara.com.br\/index.php\/wp-json\/wp\/v2\/posts\/48873","targetHints":{"allow":["GET"]}}],"collection":[{"href":"https:\/\/blogopara.com.br\/index.php\/wp-json\/wp\/v2\/posts"}],"about":[{"href":"https:\/\/blogopara.com.br\/index.php\/wp-json\/wp\/v2\/types\/post"}],"author":[{"embeddable":true,"href":"https:\/\/blogopara.com.br\/index.php\/wp-json\/wp\/v2\/users\/1"}],"replies":[{"embeddable":true,"href":"https:\/\/blogopara.com.br\/index.php\/wp-json\/wp\/v2\/comments?post=48873"}],"version-history":[{"count":1,"href":"https:\/\/blogopara.com.br\/index.php\/wp-json\/wp\/v2\/posts\/48873\/revisions"}],"predecessor-version":[{"id":48875,"href":"https:\/\/blogopara.com.br\/index.php\/wp-json\/wp\/v2\/posts\/48873\/revisions\/48875"}],"wp:featuredmedia":[{"embeddable":true,"href":"https:\/\/blogopara.com.br\/index.php\/wp-json\/wp\/v2\/media\/48874"}],"wp:attachment":[{"href":"https:\/\/blogopara.com.br\/index.php\/wp-json\/wp\/v2\/media?parent=48873"}],"wp:term":[{"taxonomy":"category","embeddable":true,"href":"https:\/\/blogopara.com.br\/index.php\/wp-json\/wp\/v2\/categories?post=48873"},{"taxonomy":"post_tag","embeddable":true,"href":"https:\/\/blogopara.com.br\/index.php\/wp-json\/wp\/v2\/tags?post=48873"}],"curies":[{"name":"wp","href":"https:\/\/api.w.org\/{rel}","templated":true}]}}