{"id":48914,"date":"2023-01-23T13:00:00","date_gmt":"2023-01-23T16:00:00","guid":{"rendered":"https:\/\/blogopara.com.br\/?p=48914"},"modified":"2023-01-22T22:56:14","modified_gmt":"2023-01-23T01:56:14","slug":"questao-do-concurso-da-pm-ba-sobre-1a-artista-transgenero-a-conquistar-grammy-latino-repercute-nas-redes-sociais","status":"publish","type":"post","link":"https:\/\/blogopara.com.br\/index.php\/2023\/01\/23\/questao-do-concurso-da-pm-ba-sobre-1a-artista-transgenero-a-conquistar-grammy-latino-repercute-nas-redes-sociais","title":{"rendered":"Quest\u00e3o do concurso da PM-BA sobre 1\u00aa artista transg\u00eanero a conquistar Grammy Latino repercute nas redes sociais"},"content":{"rendered":"<div id=\"chunk-9u2v\">\n<div class=\"mc-column content-text active-extra-styles \" data-block-type=\"unstyled\" data-block-weight=\"34\" data-block-id=\"3\">\n<p class=\"content-text__container \" style=\"text-align: justify;\" data-track-category=\"Link no Texto\" data-track-links=\"\">Uma quest\u00e3o do\u00a0concurso para soldado da Pol\u00edcia Militar da Bahia (PM-BA), realizado neste domingo (22), sobre a\u00a0primeira artista transg\u00eanero a conquistar o Grammy Latino de M\u00fasica Popular Brasileira, repercutiu nas redes sociais.<\/p>\n<\/div>\n<\/div>\n<div class=\"wall protected-content\">\n<div id=\"chunk-f4hod\" style=\"text-align: justify;\">\n<div class=\"row medium-uncollapsed content-media content-photo\" data-block-type=\"backstage-photo\" data-block-id=\"4\">\n<div class=\"mc-column content-media__container\">\n<div class=\"content-media-container glb-skeleton-box\">\n<figure class=\"content-media-figure\"><img decoding=\"async\" class=\"i-amphtml-fill-content i-amphtml-replaced-content aligncenter\" src=\"https:\/\/s2.glbimg.com\/JTilyd6ZdU7dOZmf2RIwFOPR2-8=\/0x0:617x326\/984x0\/smart\/filters:strip_icc()\/i.s3.glbimg.com\/v1\/AUTH_59edd422c0c84a879bd37670ae4f538a\/internal_photos\/bs\/2023\/C\/y\/tAf4FqSZ2AMcNAthvTbA\/whatsapp-image-2023-01-22-at-18.55.26.jpg\" sizes=\"(max-width: 1366px) 648px, 100vw\" srcset=\"https:\/\/s2.glbimg.com\/I4c_ojvAVR0eGnp-L1hTMqX5wg4=\/0x0:617x326\/1000x0\/smart\/filters:strip_icc()\/i.s3.glbimg.com\/v1\/AUTH_59edd422c0c84a879bd37670ae4f538a\/internal_photos\/bs\/2023\/C\/y\/tAf4FqSZ2AMcNAthvTbA\/whatsapp-image-2023-01-22-at-18.55.26.jpg 1000w, https:\/\/s2.glbimg.com\/JTilyd6ZdU7dOZmf2RIwFOPR2-8=\/0x0:617x326\/984x0\/smart\/filters:strip_icc()\/i.s3.glbimg.com\/v1\/AUTH_59edd422c0c84a879bd37670ae4f538a\/internal_photos\/bs\/2023\/C\/y\/tAf4FqSZ2AMcNAthvTbA\/whatsapp-image-2023-01-22-at-18.55.26.jpg 984w, https:\/\/s2.glbimg.com\/PirhKqREgf0NYy1cFSsA0EfgvHw=\/0x0:617x326\/640x0\/smart\/filters:strip_icc()\/i.s3.glbimg.com\/v1\/AUTH_59edd422c0c84a879bd37670ae4f538a\/internal_photos\/bs\/2023\/C\/y\/tAf4FqSZ2AMcNAthvTbA\/whatsapp-image-2023-01-22-at-18.55.26.jpg 640w, https:\/\/s2.glbimg.com\/gOzvdKB5zZfdkhDQ-BRkB_DomCE=\/0x0:617x326\/600x0\/smart\/filters:strip_icc()\/i.s3.glbimg.com\/v1\/AUTH_59edd422c0c84a879bd37670ae4f538a\/internal_photos\/bs\/2023\/C\/y\/tAf4FqSZ2AMcNAthvTbA\/whatsapp-image-2023-01-22-at-18.55.26.jpg 600w\" alt=\"Quest\u00e3o do concurso da PM-BA sobre 1\u00aa artista transg\u00eanero a conquistar Grammy Latino repercute nas redes sociais \u2014 Foto: Reprodu\u00e7\u00e3o\/Redes Sociais\" \/><\/figure>\n<\/div>\n<\/div>\n<\/div>\n<\/div>\n<div id=\"chunk-6ihde\" style=\"text-align: justify;\">\n<div class=\"row medium-uncollapsed content-media content-photo\" data-block-type=\"backstage-photo\" data-block-id=\"6\">\n<div class=\"mc-column content-media__container\">\n<p class=\"content-media__description \">\n<\/div>\n<\/div>\n<\/div>\n<div id=\"chunk-abjfv\" style=\"text-align: justify;\">\n<div class=\"row medium-uncollapsed content-media content-photo\" data-block-type=\"backstage-photo\" data-block-id=\"7\">\n<div class=\"mc-column content-media__container\">\n<div class=\"content-media-container glb-skeleton-box\">\n<figure class=\"content-media-figure\"><img decoding=\"async\" class=\"i-amphtml-fill-content i-amphtml-replaced-content aligncenter\" src=\"https:\/\/s2.glbimg.com\/2KorhemjZE6smKvDT4F5U2TfqCw=\/0x0:653x370\/984x0\/smart\/filters:strip_icc()\/i.s3.glbimg.com\/v1\/AUTH_59edd422c0c84a879bd37670ae4f538a\/internal_photos\/bs\/2023\/w\/r\/AhnRARS9q7wHfhMJj2AQ\/whatsapp-image-2023-01-22-at-18.55.08.jpg\" sizes=\"(max-width: 1366px) 648px, 100vw\" srcset=\"https:\/\/s2.glbimg.com\/9eS0iYSggAfZTFf2Z-8fT_xyO7g=\/0x0:653x370\/1000x0\/smart\/filters:strip_icc()\/i.s3.glbimg.com\/v1\/AUTH_59edd422c0c84a879bd37670ae4f538a\/internal_photos\/bs\/2023\/w\/r\/AhnRARS9q7wHfhMJj2AQ\/whatsapp-image-2023-01-22-at-18.55.08.jpg 1000w, https:\/\/s2.glbimg.com\/2KorhemjZE6smKvDT4F5U2TfqCw=\/0x0:653x370\/984x0\/smart\/filters:strip_icc()\/i.s3.glbimg.com\/v1\/AUTH_59edd422c0c84a879bd37670ae4f538a\/internal_photos\/bs\/2023\/w\/r\/AhnRARS9q7wHfhMJj2AQ\/whatsapp-image-2023-01-22-at-18.55.08.jpg 984w, https:\/\/s2.glbimg.com\/HvsIYdVxSVkjZQ_eHMyubBO6vWU=\/0x0:653x370\/640x0\/smart\/filters:strip_icc()\/i.s3.glbimg.com\/v1\/AUTH_59edd422c0c84a879bd37670ae4f538a\/internal_photos\/bs\/2023\/w\/r\/AhnRARS9q7wHfhMJj2AQ\/whatsapp-image-2023-01-22-at-18.55.08.jpg 640w, https:\/\/s2.glbimg.com\/ocaIsjtGlRPJ8OHC6NpP7TXURrw=\/0x0:653x370\/600x0\/smart\/filters:strip_icc()\/i.s3.glbimg.com\/v1\/AUTH_59edd422c0c84a879bd37670ae4f538a\/internal_photos\/bs\/2023\/w\/r\/AhnRARS9q7wHfhMJj2AQ\/whatsapp-image-2023-01-22-at-18.55.08.jpg 600w\" alt=\"Quest\u00e3o do concurso da PM-BA sobre 1\u00aa artista transg\u00eanero a conquistar Grammy Latino repercute nas redes sociais \u2014 Foto: Reprodu\u00e7\u00e3o\/Redes Sociais\" \/><\/figure>\n<\/div>\n<\/div>\n<\/div>\n<\/div>\n<div id=\"chunk-e525j\" style=\"text-align: justify;\">\n<div class=\"content-ads content-ads--reveal\" data-block-type=\"ads\" data-block-id=\"8\">\n<div id=\"banner_materia__148e0432-d30a-413b-bcbe-b63519f4c1aa\" class=\"tag-manager-publicidade-container mc-has-reveal mc-has-ad-lazyload tag-manager-publicidade-banner_materia__148e0432-d30a-413b-bcbe-b63519f4c1aa tag-manager-publicidade-container--carregado tag-manager-publicidade-container--visivel\" data-id=\"banner_materia__148e0432-d30a-413b-bcbe-b63519f4c1aa\" data-google-query-id=\"CPm64OLJ3PwCFf-ulQIdQW0PAA\">\n<div id=\"google_ads_iframe_\/95377733\/tvg_G1\/Sua_Regiao&gt;Nordeste&gt;Bahia_4__container__\" style=\"box-sizing: inherit; margin: auto; padding: 0px; border: 0pt none; font: inherit; vertical-align: initial; max-width: 100%; text-align: center; width: 970px; height: 250px;\"><iframe loading=\"lazy\" id=\"google_ads_iframe_\/95377733\/tvg_G1\/Sua_Regiao&gt;Nordeste&gt;Bahia_4\" style=\"box-sizing: inherit; margin: 0px; padding: 0px; border: 0px; font: inherit; vertical-align: bottom;\" tabindex=\"0\" title=\"3rd party ad content\" role=\"region\" src=\"https:\/\/c12b1054ea350ef39d7fb2de110f6791.safeframe.googlesyndication.com\/safeframe\/1-0-40\/html\/container.html\" name=\"\" width=\"970\" height=\"250\" frameborder=\"0\" marginwidth=\"0\" marginheight=\"0\" scrolling=\"no\" sandbox=\"allow-forms allow-popups allow-popups-to-escape-sandbox allow-same-origin allow-scripts allow-top-navigation-by-user-activation\" data-is-safeframe=\"true\" aria-label=\"Advertisement\" data-google-container-id=\"6\" data-load-complete=\"true\" data-mce-fragment=\"1\"><\/iframe><\/div>\n<\/div>\n<\/div>\n<\/div>\n<div id=\"chunk-bbsbb\" style=\"text-align: justify;\">\n<div class=\"mc-column content-text active-extra-styles \" data-block-type=\"unstyled\" data-block-weight=\"38\" data-block-id=\"9\">\n<p class=\"content-text__container \" data-track-category=\"Link no Texto\" data-track-links=\"\">A resposta correta \u00e9 a cantora, compositora e atriz Liniker. A cantora recebeu o pr\u00eamio no dia 17 de novembro do ano passado, com o disco &#8220;Indigo Borboleta Anil&#8221; e foi ovacionada durante breve discurso feito em espanhol.<\/p>\n<\/div>\n<\/div>\n<div id=\"chunk-6fhq2\" style=\"text-align: justify;\">\n<div class=\"mc-column content-text active-extra-styles \" data-block-type=\"unstyled\" data-block-weight=\"32\" data-block-id=\"10\">\n<p class=\"content-text__container \" data-track-category=\"Link no Texto\" data-track-links=\"\">&#8220;Sou uma cantora, compositora, atriz brasileira. Hoje algo hist\u00f3rico acontece na hist\u00f3ria do meu pa\u00eds. \u00c9 a primeira vez que uma artista transg\u00eanero ganha um Grammy&#8221;, afirmou Liniker, sem segurar as l\u00e1grimas.<\/p>\n<\/div>\n<\/div>\n<div id=\"chunk-sglj\" style=\"text-align: justify;\">\n<div class=\"mc-column content-text active-extra-styles \" data-block-type=\"unstyled\" data-block-weight=\"26\" data-block-id=\"11\">\n<p class=\"content-text__container \" data-track-category=\"Link no Texto\" data-track-links=\"\">&#8220;Muito obrigada a toda minha equipe que esteve comigo desde o come\u00e7o, sonhando junto comigo. Estou muito feliz&#8221;, seguiu a cantora, que foi aplaudida de p\u00e9.<\/p>\n<\/div>\n<\/div>\n<div id=\"chunk-60tk0\" style=\"text-align: justify;\">\n<div class=\"mc-column content-text active-extra-styles \" data-block-type=\"unstyled\" data-block-weight=\"25\" data-block-id=\"12\">\n<p class=\"content-text__container \" data-track-category=\"Link no Texto\" data-track-links=\"\">Al\u00e9m de Liniker, Ludmilla, Marisa Monte, Erasmo Carlos, Bala Desejo e Chit\u00e3ozinho &amp; Xoror\u00f3 tamb\u00e9m apareceram entre os brasileiros premiados.<\/p>\n<\/div>\n<\/div>\n<div id=\"chunk-27emb\" style=\"text-align: justify;\">\n<div class=\"row medium-uncollapsed content-media content-photo\" data-block-type=\"backstage-photo\" data-block-id=\"13\">\n<div class=\"mc-column content-media__container\">\n<div class=\"content-media-container glb-skeleton-box\">\n<figure class=\"content-media-figure\">\n<p><figure style=\"width: 647px\" class=\"wp-caption aligncenter\"><img loading=\"lazy\" decoding=\"async\" class=\"i-amphtml-fill-content i-amphtml-replaced-content\" src=\"https:\/\/s2.glbimg.com\/OlnzHzKYiiRC_jh7V98grULtf1Q=\/0x0:1000x1000\/984x0\/smart\/filters:strip_icc()\/i.s3.glbimg.com\/v1\/AUTH_59edd422c0c84a879bd37670ae4f538a\/internal_photos\/bs\/2022\/G\/2\/MpBumBR6KdHSexc11kBw\/linikergrammy2022.jpg\" sizes=\"auto, (max-width: 1366px) 648px, 100vw\" srcset=\"https:\/\/s2.glbimg.com\/z_yqiplhMkGj4t5fUIL1VZ8auag=\/0x0:1000x1000\/1000x0\/smart\/filters:strip_icc()\/i.s3.glbimg.com\/v1\/AUTH_59edd422c0c84a879bd37670ae4f538a\/internal_photos\/bs\/2022\/G\/2\/MpBumBR6KdHSexc11kBw\/linikergrammy2022.jpg 1000w, https:\/\/s2.glbimg.com\/OlnzHzKYiiRC_jh7V98grULtf1Q=\/0x0:1000x1000\/984x0\/smart\/filters:strip_icc()\/i.s3.glbimg.com\/v1\/AUTH_59edd422c0c84a879bd37670ae4f538a\/internal_photos\/bs\/2022\/G\/2\/MpBumBR6KdHSexc11kBw\/linikergrammy2022.jpg 984w, https:\/\/s2.glbimg.com\/uhxs8ZW-uKqENzT9QMDyF_iwzkw=\/0x0:1000x1000\/640x0\/smart\/filters:strip_icc()\/i.s3.glbimg.com\/v1\/AUTH_59edd422c0c84a879bd37670ae4f538a\/internal_photos\/bs\/2022\/G\/2\/MpBumBR6KdHSexc11kBw\/linikergrammy2022.jpg 640w, https:\/\/s2.glbimg.com\/hKS796NTq7C8eWC39mw_6fYw6pE=\/0x0:1000x1000\/600x0\/smart\/filters:strip_icc()\/i.s3.glbimg.com\/v1\/AUTH_59edd422c0c84a879bd37670ae4f538a\/internal_photos\/bs\/2022\/G\/2\/MpBumBR6KdHSexc11kBw\/linikergrammy2022.jpg 600w\" alt=\"Liniker no Grammy Latino 2022 \u2014 Foto: The Latin Recording Academy 2022\" width=\"647\" height=\"647\" \/><figcaption class=\"wp-caption-text\">Liniker no Grammy Latino 2022 \u2014 Foto: The Latin Recording Academy 2022<\/figcaption><\/figure><\/figure>\n<\/div>\n<\/div>\n<\/div>\n<\/div>\n<div class=\"mc-column content-text active-extra-styles\" style=\"text-align: justify;\" data-block-type=\"raw\" data-block-weight=\"1\" data-block-id=\"15\">\n<div class=\"content-intertitle\">\n<h4>Concurso<\/h4>\n<\/div>\n<\/div>\n<div id=\"chunk-143lv\" style=\"text-align: justify;\">\n<div class=\"mc-column content-text active-extra-styles \" data-block-type=\"unstyled\" data-block-weight=\"30\" data-block-id=\"16\">\n<p class=\"content-text__container \" data-track-category=\"Link no Texto\" data-track-links=\"\">As provas objetivas e discursivas do concurso da Pol\u00edcia Militar e Corpo de Bombeiros para preenchimento de 2,5 mil vagas, foram realizadas neste domingo (22) em 12 cidades da Bahia.<\/p>\n<\/div>\n<\/div>\n<div id=\"chunk-62t6a\" style=\"text-align: justify;\">\n<div class=\"mc-column content-text active-extra-styles \" data-block-type=\"unstyled\" data-block-weight=\"25\" data-block-id=\"17\">\n<p class=\"content-text__container \" data-track-category=\"Link no Texto\" data-track-links=\"\">Os exames foram aplicados em\u00a0Salvador,\u00a0Alagoinhas,\u00a0Barreiras,\u00a0Feira de Santana,\u00a0Ilh\u00e9us,\u00a0Irec\u00ea,\u00a0Itaberaba,\u00a0Itabuna,\u00a0Juazeiro,\u00a0Santo Ant\u00f4nio de Jesus,\u00a0Serrinha\u00a0e\u00a0Vit\u00f3ria da Conquista.<\/p>\n<\/div>\n<\/div>\n<div id=\"chunk-5cadg\" style=\"text-align: justify;\">\n<div class=\"mc-column content-text active-extra-styles \" data-block-type=\"unstyled\" data-block-weight=\"37\" data-block-id=\"18\">\n<p class=\"content-text__container \" data-track-category=\"Link no Texto\" data-track-links=\"\">Os port\u00f5es dos locais de prova foram abertos \u00e0s 8h e fechados \u00e0s 9h. A dura\u00e7\u00e3o total foi de quatro horas e meia, e os candidatos permaneceram na sala de realiza\u00e7\u00e3o por no m\u00ednimo tr\u00eas horas.<\/p>\n<\/div>\n<\/div>\n<div id=\"chunk-a9vof\">\n<div class=\"mc-column content-text active-extra-styles \" data-block-type=\"unstyled\" data-block-weight=\"8\" data-block-id=\"19\">\n<p class=\"content-text__container \" style=\"text-align: justify;\" data-track-category=\"Link no Texto\" data-track-links=\"\"><i>Fonte: g1 Bahia<\/i><\/p>\n<\/div>\n<\/div>\n<\/div>\n","protected":false},"excerpt":{"rendered":"<p>Uma quest\u00e3o do\u00a0concurso para soldado da Pol\u00edcia Militar da Bahia (PM-BA), realizado neste domingo (22), sobre a\u00a0primeira artista transg\u00eanero a conquistar o Grammy Latino de M\u00fasica Popular Brasileira, repercutiu nas redes sociais. A resposta correta \u00e9 a cantora, compositora e atriz Liniker. A cantora recebeu o pr\u00eamio no dia 17 de novembro do ano passado, [&hellip;]<\/p>\n","protected":false},"author":1,"featured_media":48915,"comment_status":"closed","ping_status":"open","sticky":false,"template":"","format":"standard","meta":{"_uag_custom_page_level_css":"","_monsterinsights_skip_tracking":false,"_monsterinsights_sitenote_active":false,"_monsterinsights_sitenote_note":"","_monsterinsights_sitenote_category":0,"jetpack_post_was_ever_published":false,"_jetpack_newsletter_access":"","_jetpack_dont_email_post_to_subs":false,"_jetpack_newsletter_tier_id":0,"_jetpack_memberships_contains_paywalled_content":false,"_jetpack_memberships_contains_paid_content":false,"footnotes":"","jetpack_publicize_message":"","jetpack_publicize_feature_enabled":true,"jetpack_social_post_already_shared":true,"jetpack_social_options":{"image_generator_settings":{"template":"highway","default_image_id":0,"font":"","enabled":false},"version":2}},"categories":[199,211],"tags":[10565,10567,10563,10566],"class_list":["post-48914","post","type-post","status-publish","format-standard","has-post-thumbnail","hentry","category-bahia","category-concurso","tag-grammy-latino","tag-liniker","tag-prova-pm-ba","tag-transgenero"],"jetpack_publicize_connections":[],"jetpack_featured_media_url":"https:\/\/blogopara.com.br\/wp-content\/uploads\/2023\/01\/Captura-de-tela-2023-01-22-225427.jpg","uagb_featured_image_src":{"full":["https:\/\/blogopara.com.br\/wp-content\/uploads\/2023\/01\/Captura-de-tela-2023-01-22-225427.jpg",500,333,false],"thumbnail":["https:\/\/blogopara.com.br\/wp-content\/uploads\/2023\/01\/Captura-de-tela-2023-01-22-225427-150x150.jpg",150,150,true],"medium":["https:\/\/blogopara.com.br\/wp-content\/uploads\/2023\/01\/Captura-de-tela-2023-01-22-225427-300x200.jpg",300,200,true],"medium_large":["https:\/\/blogopara.com.br\/wp-content\/uploads\/2023\/01\/Captura-de-tela-2023-01-22-225427.jpg",500,333,false],"large":["https:\/\/blogopara.com.br\/wp-content\/uploads\/2023\/01\/Captura-de-tela-2023-01-22-225427.jpg",500,333,false],"1536x1536":["https:\/\/blogopara.com.br\/wp-content\/uploads\/2023\/01\/Captura-de-tela-2023-01-22-225427.jpg",500,333,false],"2048x2048":["https:\/\/blogopara.com.br\/wp-content\/uploads\/2023\/01\/Captura-de-tela-2023-01-22-225427.jpg",500,333,false],"mantranews-slider-large":["https:\/\/blogopara.com.br\/wp-content\/uploads\/2023\/01\/Captura-de-tela-2023-01-22-225427.jpg",500,333,false],"mantranews-featured-medium":["https:\/\/blogopara.com.br\/wp-content\/uploads\/2023\/01\/Captura-de-tela-2023-01-22-225427-420x307.jpg",420,307,true],"mantranews-featured-long":["https:\/\/blogopara.com.br\/wp-content\/uploads\/2023\/01\/Captura-de-tela-2023-01-22-225427-300x333.jpg",300,333,true],"mantranews-block-medium":["https:\/\/blogopara.com.br\/wp-content\/uploads\/2023\/01\/Captura-de-tela-2023-01-22-225427-464x290.jpg",464,290,true],"mantranews-carousel-image":["https:\/\/blogopara.com.br\/wp-content\/uploads\/2023\/01\/Captura-de-tela-2023-01-22-225427.jpg",500,333,false],"mantranews-block-thumb":["https:\/\/blogopara.com.br\/wp-content\/uploads\/2023\/01\/Captura-de-tela-2023-01-22-225427-322x230.jpg",322,230,true],"mantranews-single-large":["https:\/\/blogopara.com.br\/wp-content\/uploads\/2023\/01\/Captura-de-tela-2023-01-22-225427.jpg",500,333,false]},"uagb_author_info":{"display_name":"Reda\u00e7\u00e3o geral","author_link":"https:\/\/blogopara.com.br\/index.php\/author\/blogopara"},"uagb_comment_info":0,"uagb_excerpt":"Uma quest\u00e3o do\u00a0concurso para soldado da Pol\u00edcia Militar da Bahia (PM-BA), realizado neste domingo (22), sobre a\u00a0primeira artista transg\u00eanero a conquistar o Grammy Latino de M\u00fasica Popular Brasileira, repercutiu nas redes sociais. A resposta correta \u00e9 a cantora, compositora e atriz Liniker. A cantora recebeu o pr\u00eamio no dia 17 de novembro do ano passado,&hellip;","jetpack_sharing_enabled":true,"jetpack_likes_enabled":true,"_links":{"self":[{"href":"https:\/\/blogopara.com.br\/index.php\/wp-json\/wp\/v2\/posts\/48914","targetHints":{"allow":["GET"]}}],"collection":[{"href":"https:\/\/blogopara.com.br\/index.php\/wp-json\/wp\/v2\/posts"}],"about":[{"href":"https:\/\/blogopara.com.br\/index.php\/wp-json\/wp\/v2\/types\/post"}],"author":[{"embeddable":true,"href":"https:\/\/blogopara.com.br\/index.php\/wp-json\/wp\/v2\/users\/1"}],"replies":[{"embeddable":true,"href":"https:\/\/blogopara.com.br\/index.php\/wp-json\/wp\/v2\/comments?post=48914"}],"version-history":[{"count":1,"href":"https:\/\/blogopara.com.br\/index.php\/wp-json\/wp\/v2\/posts\/48914\/revisions"}],"predecessor-version":[{"id":48916,"href":"https:\/\/blogopara.com.br\/index.php\/wp-json\/wp\/v2\/posts\/48914\/revisions\/48916"}],"wp:featuredmedia":[{"embeddable":true,"href":"https:\/\/blogopara.com.br\/index.php\/wp-json\/wp\/v2\/media\/48915"}],"wp:attachment":[{"href":"https:\/\/blogopara.com.br\/index.php\/wp-json\/wp\/v2\/media?parent=48914"}],"wp:term":[{"taxonomy":"category","embeddable":true,"href":"https:\/\/blogopara.com.br\/index.php\/wp-json\/wp\/v2\/categories?post=48914"},{"taxonomy":"post_tag","embeddable":true,"href":"https:\/\/blogopara.com.br\/index.php\/wp-json\/wp\/v2\/tags?post=48914"}],"curies":[{"name":"wp","href":"https:\/\/api.w.org\/{rel}","templated":true}]}}