{"id":48932,"date":"2023-01-23T12:00:00","date_gmt":"2023-01-23T15:00:00","guid":{"rendered":"https:\/\/blogopara.com.br\/?p=48932"},"modified":"2023-01-23T03:06:41","modified_gmt":"2023-01-23T06:06:41","slug":"lula-e-fernandez-discutirao-criacao-de-moeda-sul-americana-comum","status":"publish","type":"post","link":"https:\/\/blogopara.com.br\/index.php\/2023\/01\/23\/lula-e-fernandez-discutirao-criacao-de-moeda-sul-americana-comum","title":{"rendered":"Lula e Fern\u00e1ndez discutir\u00e3o cria\u00e7\u00e3o de moeda sul-americana comum"},"content":{"rendered":"<p style=\"text-align: justify;\">O presidente\u00a0Luiz In\u00e1cio Lula da Silva (PT)\u00a0discutir\u00e1 com o presidente argentino, Alberto Fern\u00e1ndez, a cria\u00e7\u00e3o de uma moeda sul-americana comum. A ideia foi exposta pelos chefes de estado em um artigo assinado pelos dois\u00a0publicada no site argentino Perfil,\u00a0neste domingo (22\/1).<\/p>\n<p style=\"text-align: justify;\" data-gtm-vis-recent-on-screen-8752935_845=\"12127\" data-gtm-vis-first-on-screen-8752935_845=\"12127\" data-gtm-vis-total-visible-time-8752935_845=\"100\" data-gtm-vis-has-fired-8752935_845=\"1\">\u201cDecidimos avan\u00e7ar nas discuss\u00f5es sobre uma moeda sul-americana comum que possa ser usada tanto para fluxos financeiros quanto comerciais, reduzindo custos operacionais e nossa vulnerabilidade externa\u201d, diz um trecho do artigo.\u00a0<em>(Leia o texto completo no fim da mat\u00e9ria)<\/em><\/p>\n<p style=\"text-align: justify;\">A cria\u00e7\u00e3o de uma moeda comum para ser usada pelos pa\u00edses vizinhos \u00e9 ventilada como uma forma de fortalecer a integra\u00e7\u00e3o dos pa\u00edses que comp\u00f5em o bloco econ\u00f4mico do Mercosul.<\/p>\n<p style=\"text-align: justify;\">Com apenas tr\u00eas dias de governo Lula,\u00a0o embaixador da Argentina no Brasil, Daniel Scioli, j\u00e1 havia falado que os dois governos estudavam criar a moeda comum. Segundo explicou Scioli, o projeto n\u00e3o excluiria as outras moedas em circula\u00e7\u00e3o nos pa\u00edses do continente.<\/p>\n<h4 style=\"text-align: justify;\">Viagem \u00e0 Argentina<\/h4>\n<p style=\"text-align: justify;\" data-gtm-vis-recent-on-screen-8752935_862=\"13894\" data-gtm-vis-first-on-screen-8752935_862=\"13894\" data-gtm-vis-total-visible-time-8752935_862=\"100\" data-gtm-vis-has-fired-8752935_862=\"1\" data-gtm-vis-recent-on-screen-8752935_866=\"13903\" data-gtm-vis-first-on-screen-8752935_866=\"13903\" data-gtm-vis-total-visible-time-8752935_866=\"100\" data-gtm-vis-has-fired-8752935_866=\"1\">Lula embarcou no final da tarde deste domingo rumo ao pa\u00eds vizinho. No roteiro, est\u00e3o previstas visitas oficiais de Lula tamb\u00e9m ao presidente do Uruguai, Luis Alberto Lacalle Pou.<\/p>\n<p style=\"text-align: justify;\">Conforme a coluna do\u00a0Igor Gadelha, do\u00a0Metr\u00f3poles, o encontro de Lula com Fern\u00e1ndez ter\u00e1 como pauta a coopera\u00e7\u00e3o nas \u00e1reas de sa\u00fade, soberania energ\u00e9tica, integra\u00e7\u00e3o financeira, ci\u00eancia e tecnologia. A expectativa \u00e9 de que os dois pa\u00edses assinem um acordo de coopera\u00e7\u00e3o t\u00e9cnica envolvendo a regi\u00e3o da Ant\u00e1rtida.<\/p>\n<div class=\"m-carousel-post\" data-gtm-vis-recent-on-screen-8752935_885=\"13909\" data-gtm-vis-first-on-screen-8752935_885=\"13909\" data-gtm-vis-total-visible-time-8752935_885=\"100\" data-gtm-vis-has-fired-8752935_885=\"1\">\n<div class=\"siema m-siema-single-item rendered\">\n<div>\n<div class=\"siema-item\">\n<div class=\"m-subtitle-carousel\">\n<p class=\"m-caption\" style=\"text-align: justify;\">Comitiva do presidente Luiz In\u00e1cio Lula da Silva deixa o hotel rumo \u00e0 Base A\u00e9rea, de onde o embarca para a Argentina<span class=\"m-credits-carousel\">Vin\u00edcius Schmidt\/Metr\u00f3poles<\/span><\/p>\n<p style=\"text-align: justify;\">Ainda em solo argentino, Lula assistir\u00e1 a um concerto musical com artista argentinos e brasileiros no Centro Cultural Krichner. O presidente tamb\u00e9m participar\u00e1 da 7\u00aa C\u00fapula de Chefas e Chefes de Estado da Comunidade de Estados Latino-Americanos e Caribenhos (Celac).<\/p>\n<div id=\"taboola-mid-article\" class=\"TABOOLA trc_related_container trc_spotlight_widget trc_elastic trc_elastic_ab_thumbnails-c-3x1_abp-mode \" style=\"text-align: justify;\" data-placement-name=\"Mid Article\">\n<div class=\"trc_rbox_container\">\n<div>\n<div id=\"trc_wrapper_27569\" class=\"trc_rbox ab_thumbnails-c-3x1_abp-mode trc-content-sponsored \">\n<div id=\"trc_header_27569\" class=\"trc_rbox_header trc_rbox_border_elm\">\n<div class=\"trc_header_ext\">\n<div class=\"logoDiv link-attribution \">by Taboola<\/div>\n<\/div>\n<p><span class=\"trc_rbox_header_span\">conteudo patrocinado<\/span><\/div>\n<div id=\"outer_27569\" class=\"trc_rbox_outer\">\n<div id=\"rbox-t2m\" class=\"trc_rbox_div trc_rbox_border_elm\">\n<div id=\"internal_trc_27569\">\n<div class=\"videoCube trc_spotlight_item origin-default thumbnail_start syndicatedItem textItem videoCube_1_child trc-first-recommendation trc-spotlight-first-recommendation  trc_excludable \" data-item-id=\"~~V1~~963472307653998602~~soi84t0nB9Con_xzgD8hQt_o9cLbBTOHRFIAAOEDyHP6nH0OabNJtzzP-ddPU2nvK8Bm7FKD2NW1M1BCiW1-kuMDMqg65-jJbi04eURsbtqeHe1S9jo_X4timp5pCZhQ1qPnz8TIp56FGMwGW1REdGP6mCOrMydSrc5toiHgFWAp-3Jybkbg7ntaoS2VbkfQGUkHQ3_G_JxGjhw9TrdPb23_JmdIOIT0PqBq7B_jNe6W9nBSjy_jh-InLHQDNiOGWUT-tap0v4HM4FRmtgR_wpP4X3w8-GuwjXe740dW2EBFXyi9KYK0tDHySeUgXO62THXt_GsWQ7BzkLn4QNseRH3t45oB2VwtOBoBApvrqI0\" data-item-title=\"Aulas 100% ao vivo com intera\u00e7\u00e3o em tempo real.\" data-item-thumb=\"http:\/\/cdn.taboola.com\/libtrc\/static\/thumbnails\/ccd9c87aeb84de2ff413b8b8a93b5fbf.png\" data-item-syndicated=\"true\">\n<div class=\"thumbBlock_holder\">\n<div class=\"videoCube_aspect\"><\/div>\n<\/div>\n<p><span class=\"video-label-box trc-main-label video-label-box-cta video-label-box-cta-non-ie\"><span class=\"video-label video-title video-label-flex-cta-item trc_ellipsis  trc_ellipsis \">Aulas 100% ao vivo com intera\u00e7\u00e3o em tempo real.<\/span><span class=\"branding composite-branding video-branding-flex-cta-item video-branding-flex-cta-item-no-stream trc_ellipsis \"><span class=\"branding-inner trc_ellipsis \">FGV<\/span><span class=\"branding-separator trc_ellipsis \">|<\/span><\/span><\/span><\/p>\n<div class=\"logoDiv link-disclosure  attribution-disclosure-link-sponsored align-disclosure-left\">Sponsored<\/div>\n<p><button class=\"video-cta-button video-cta-style\" type=\"button\">Saiba mais<\/button><\/p>\n<div class=\" trc_user_exclude_btn \" title=\"Remover este item\"><\/div>\n<div class=\" trc_exclude_overlay trc_fade \"><\/div>\n<div class=\" trc_undo_btn \"><\/div>\n<\/div>\n<\/div>\n<\/div>\n<\/div>\n<div class=\"trc_clearer\"><\/div>\n<\/div>\n<\/div>\n<\/div>\n<\/div>\n<p style=\"text-align: justify;\"><strong>Leia a \u00edntegra do artigo assinado por Lula e Fern\u00e1ndez:<\/strong><\/p>\n<p style=\"text-align: justify;\"><em>\u201c<\/em><em>Relan\u00e7amento da alian\u00e7a estrat\u00e9gica entre Argentina e Brasil<\/em><\/p>\n<p style=\"text-align: justify;\"><em>Alberto Fern\u00e1ndez e Luiz In\u00e1cio Lula da Silva<\/em><\/p>\n<p style=\"text-align: justify;\"><em>Duas na\u00e7\u00f5es irm\u00e3s se encontram novamente. Amanh\u00e3 [22.jan] nos encontraremos em Buenos Aires para o 1\u00ba encontro presidencial entre Brasil e Argentina em mais de 3 anos. Em seguida, ser\u00e1 realizada a 7\u00aa C\u00fapula da Celac, f\u00f3rum que re\u00fane os 33 pa\u00edses da regi\u00e3o da Am\u00e9rica Latina e Caribe e que, desde o ano passado, est\u00e1 sob a presid\u00eancia da Argentina. O evento marcar\u00e1 o retorno do Brasil a esse mecanismo de di\u00e1logo e consulta regional. Uma rela\u00e7\u00e3o que nunca deveria ter sido interrompida e que a hist\u00f3ria da irmandade latino-americana consegue retomar.<\/em><\/p>\n<p style=\"text-align: justify;\"><em>Ambos os encontros marcam um novo come\u00e7o, justamente no ano em que celebraremos o bicenten\u00e1rio de nossas rela\u00e7\u00f5es diplom\u00e1ticas. Em Buenos Aires vamos relan\u00e7ar a alian\u00e7a estrat\u00e9gica bilateral com a reativa\u00e7\u00e3o de v\u00e1rios espa\u00e7os de coopera\u00e7\u00e3o e di\u00e1logo. S\u00e3o m\u00faltiplas as \u00e1reas em que voltaremos a trabalhar juntos em temas importantes para a qualidade de vida de nossas popula\u00e7\u00f5es, como combate \u00e0 fome e \u00e0 pobreza, sa\u00fade, educa\u00e7\u00e3o, desenvolvimento sustent\u00e1vel, mudan\u00e7as clim\u00e1ticas e redu\u00e7\u00e3o de todas as formas de desigualdade. De uma vez por todas, a hist\u00f3ria ser\u00e1 escrita por nossos povos.<\/em><\/p>\n<p style=\"text-align: justify;\"><em>Vamos fortalecer o papel da sociedade civil, dos governos estaduais e municipais e dos parlamentos como atores dessa aproxima\u00e7\u00e3o. Sabemos que o sonho de estarmos unidos \u00e9 agora uma realidade poss\u00edvel.<\/em><\/p>\n<p style=\"text-align: justify;\"><em>Os la\u00e7os entre Argentina e Brasil s\u00e3o baseados na consolida\u00e7\u00e3o da paz e da democracia. Queremos a democracia para sempre. Ditadura nunca mais.<\/em><\/p>\n<p style=\"text-align: justify;\"><em>A reindustrializa\u00e7\u00e3o de nossas economias merecer\u00e1 aten\u00e7\u00e3o especial, com gera\u00e7\u00e3o de empregos de qualidade e investimento em inova\u00e7\u00e3o. O com\u00e9rcio entre Argentina e Brasil j\u00e1 tem alta participa\u00e7\u00e3o de produtos industrializados em setores estrat\u00e9gicos. A integra\u00e7\u00e3o entre nossas cadeias produtivas ajuda a mitigar choques externos, como os ocorridos durante a pandemia. N\u00e3o podemos depender de fornecedores externos para podermos ter acesso a insumos e bens essenciais ao bem-estar das nossas popula\u00e7\u00f5es.<\/em><\/p>\n<p style=\"text-align: justify;\"><em>Temos um setor privado din\u00e2mico e empreendedor, cuja contribui\u00e7\u00e3o para o processo de integra\u00e7\u00e3o bilateral \u00e9 cada vez mais necess\u00e1ria. Compartilhamos a firme inten\u00e7\u00e3o de estreitar os j\u00e1 s\u00f3lidos la\u00e7os comerciais e de investimentos entre nossos pa\u00edses e promoveremos um semin\u00e1rio empresarial no \u00e2mbito da visita presidencial.<\/em><\/p>\n<p style=\"text-align: justify;\"><em>Nossos pa\u00edses continuar\u00e3o a desempenhar um papel cr\u00edtico para a seguran\u00e7a alimentar em um mundo afetado por riscos geopol\u00edticos e graves interrup\u00e7\u00f5es nas cadeias de abastecimento. Temos o compromisso de dotar a nossa agricultura e pecu\u00e1ria de elevados padr\u00f5es de sustentabilidade e de manter elevados n\u00edveis de produtividade.<\/em><\/p>\n<p style=\"text-align: justify;\"><em>Queremos promover projetos na \u00e1rea das infraestruturas. Um tema central deste novo momento \u00e9 a integra\u00e7\u00e3o energ\u00e9tica. A interliga\u00e7\u00e3o el\u00e9ctrica entre os nossos pa\u00edses j\u00e1 \u00e9 uma realidade e a integra\u00e7\u00e3o do g\u00e1s tem potencial para se tornar um dos projetos estrat\u00e9gicos da rela\u00e7\u00e3o bilateral, com benef\u00edcios duradouros ao n\u00edvel da atra\u00e7\u00e3o de investimento, cria\u00e7\u00e3o de emprego e ao n\u00edvel da nossa seguran\u00e7a.<\/em><\/p>\n<p style=\"text-align: justify;\"><em>Consolidaremos nossa posi\u00e7\u00e3o como possuidores de tecnologia nuclear para fins pac\u00edficos, fortalecendo a Ag\u00eancia Brasileiro-Argentina de Contabilidade e Controle de Materiais Nucleares e dando continuidade a projetos ambiciosos como o reator multiuso. Com a reativa\u00e7\u00e3o do Grupo de Trabalho Conjunto de Coopera\u00e7\u00e3o Espacial, vamos colocar sat\u00e9lites em \u00f3rbita para realizar estudos costeiros e oceanogr\u00e1ficos.<\/em><\/p>\n<p style=\"text-align: justify;\"><em>A rela\u00e7\u00e3o fluida e din\u00e2mica entre Brasil e Argentina \u00e9 essencial para o avan\u00e7o da integra\u00e7\u00e3o regional. Junto com nossos parceiros, queremos que o Mercosul constitua uma plataforma para nossa efetiva integra\u00e7\u00e3o com o mundo, por meio da negocia\u00e7\u00e3o conjunta de acordos comerciais equilibrados que respondam aos nossos objetivos estrat\u00e9gicos de desenvolvimento.<\/em><\/p>\n<p style=\"text-align: justify;\"><em>Pretendemos quebrar as barreiras em nossas trocas, simplificar e modernizar as regras e incentivar o uso de moedas locais. Tamb\u00e9m decidimos avan\u00e7ar nas discuss\u00f5es sobre uma moeda sul-americana comum que possa ser usada tanto para fluxos financeiros quanto comerciais, reduzindo custos operacionais e nossa vulnerabilidade externa. \u201cTrabalharemos juntos para resgatar e atualizar a Unasul, com base em seu ineg\u00e1vel legado de conquistas. Argentina e Brasil est\u00e3o firmemente comprometidos em construir uma Am\u00e9rica do Sul forte, democr\u00e1tica, est\u00e1vel e pac\u00edfica. Precisamos enfrentar um mundo cada vez mais complexo e desafiador e temos ampla converg\u00eancia na agenda multilateral. Falta uma vontade pol\u00edtica efetiva para enfrentar os dilemas atuais e as grandes crises: mudan\u00e7as clim\u00e1ticas, pandemias, guerras, fome e imigra\u00e7\u00e3o. A ONU e o G20 devem ajudar a preencher essa lacuna de lideran\u00e7a para provocar mudan\u00e7as. Ambos os f\u00f3runs podem promover agendas inclusivas, sinalizando claramente a atua\u00e7\u00e3o de organiza\u00e7\u00f5es como a OMC, o FMI e o Banco Mundial.<\/em><\/p>\n<p style=\"text-align: justify;\"><em>Trabalharemos em colabora\u00e7\u00e3o pela paz e pelo desenvolvimento.<\/em><\/p>\n<p style=\"text-align: justify;\"><em>O mundo mais justo e solid\u00e1rio a que aspiramos s\u00f3 ser\u00e1 vi\u00e1vel se tivermos coragem de construir juntos o nosso futuro. Esse \u00e9 o significado estrat\u00e9gico da integra\u00e7\u00e3o bilateral.<\/em><\/p>\n<p style=\"text-align: justify;\"><em>N\u00e3o h\u00e1 nada mais emancipador do que a irmandade dos povos que v\u00eam desde o alvorecer da nossa hist\u00f3ria para tomar posse do seu futuro.\u201d<\/em><\/p>\n<p><em>Fonte: Metr\u00f3poles<\/em><\/p>\n<\/div>\n<\/div>\n<\/div>\n<\/div>\n<\/div>\n","protected":false},"excerpt":{"rendered":"<p>O presidente\u00a0Luiz In\u00e1cio Lula da Silva (PT)\u00a0discutir\u00e1 com o presidente argentino, Alberto Fern\u00e1ndez, a cria\u00e7\u00e3o de uma moeda sul-americana comum. A ideia foi exposta pelos chefes de estado em um artigo assinado pelos dois\u00a0publicada no site argentino Perfil,\u00a0neste domingo (22\/1). \u201cDecidimos avan\u00e7ar nas discuss\u00f5es sobre uma moeda sul-americana comum que possa ser usada tanto para [&hellip;]<\/p>\n","protected":false},"author":1,"featured_media":48933,"comment_status":"closed","ping_status":"open","sticky":false,"template":"","format":"standard","meta":{"_uag_custom_page_level_css":"","_monsterinsights_skip_tracking":false,"_monsterinsights_sitenote_active":false,"_monsterinsights_sitenote_note":"","_monsterinsights_sitenote_category":0,"jetpack_post_was_ever_published":false,"_jetpack_newsletter_access":"","_jetpack_dont_email_post_to_subs":false,"_jetpack_newsletter_tier_id":0,"_jetpack_memberships_contains_paywalled_content":false,"_jetpack_memberships_contains_paid_content":false,"footnotes":"","jetpack_publicize_message":"","jetpack_publicize_feature_enabled":true,"jetpack_social_post_already_shared":true,"jetpack_social_options":{"image_generator_settings":{"template":"highway","default_image_id":0,"font":"","enabled":false},"version":2}},"categories":[200,197],"tags":[10576,1040,14,554],"class_list":["post-48932","post","type-post","status-publish","format-standard","has-post-thumbnail","hentry","category-brasil","category-politica","tag-alberto-fernandez","tag-argentina","tag-brasil","tag-lula"],"jetpack_publicize_connections":[],"jetpack_featured_media_url":"https:\/\/blogopara.com.br\/wp-content\/uploads\/2023\/01\/WhatsApp-Image-2021-12-10-at-16.54.39-600x400-1-e1674453993604.webp","uagb_featured_image_src":{"full":["https:\/\/blogopara.com.br\/wp-content\/uploads\/2023\/01\/WhatsApp-Image-2021-12-10-at-16.54.39-600x400-1-e1674453993604.webp",500,333,false],"thumbnail":["https:\/\/blogopara.com.br\/wp-content\/uploads\/2023\/01\/WhatsApp-Image-2021-12-10-at-16.54.39-600x400-1-150x150.webp",150,150,true],"medium":["https:\/\/blogopara.com.br\/wp-content\/uploads\/2023\/01\/WhatsApp-Image-2021-12-10-at-16.54.39-600x400-1-300x200.webp",300,200,true],"medium_large":["https:\/\/blogopara.com.br\/wp-content\/uploads\/2023\/01\/WhatsApp-Image-2021-12-10-at-16.54.39-600x400-1-e1674453993604.webp",500,333,false],"large":["https:\/\/blogopara.com.br\/wp-content\/uploads\/2023\/01\/WhatsApp-Image-2021-12-10-at-16.54.39-600x400-1-e1674453993604.webp",500,333,false],"1536x1536":["https:\/\/blogopara.com.br\/wp-content\/uploads\/2023\/01\/WhatsApp-Image-2021-12-10-at-16.54.39-600x400-1-e1674453993604.webp",500,333,false],"2048x2048":["https:\/\/blogopara.com.br\/wp-content\/uploads\/2023\/01\/WhatsApp-Image-2021-12-10-at-16.54.39-600x400-1-e1674453993604.webp",500,333,false],"mantranews-slider-large":["https:\/\/blogopara.com.br\/wp-content\/uploads\/2023\/01\/WhatsApp-Image-2021-12-10-at-16.54.39-600x400-1-e1674453993604.webp",500,333,false],"mantranews-featured-medium":["https:\/\/blogopara.com.br\/wp-content\/uploads\/2023\/01\/WhatsApp-Image-2021-12-10-at-16.54.39-600x400-1-420x307.webp",420,307,true],"mantranews-featured-long":["https:\/\/blogopara.com.br\/wp-content\/uploads\/2023\/01\/WhatsApp-Image-2021-12-10-at-16.54.39-600x400-1-300x400.webp",300,400,true],"mantranews-block-medium":["https:\/\/blogopara.com.br\/wp-content\/uploads\/2023\/01\/WhatsApp-Image-2021-12-10-at-16.54.39-600x400-1-464x290.webp",464,290,true],"mantranews-carousel-image":["https:\/\/blogopara.com.br\/wp-content\/uploads\/2023\/01\/WhatsApp-Image-2021-12-10-at-16.54.39-600x400-1-e1674453993604.webp",500,333,false],"mantranews-block-thumb":["https:\/\/blogopara.com.br\/wp-content\/uploads\/2023\/01\/WhatsApp-Image-2021-12-10-at-16.54.39-600x400-1-322x230.webp",322,230,true],"mantranews-single-large":["https:\/\/blogopara.com.br\/wp-content\/uploads\/2023\/01\/WhatsApp-Image-2021-12-10-at-16.54.39-600x400-1-e1674453993604.webp",500,333,false]},"uagb_author_info":{"display_name":"Reda\u00e7\u00e3o geral","author_link":"https:\/\/blogopara.com.br\/index.php\/author\/blogopara"},"uagb_comment_info":0,"uagb_excerpt":"O presidente\u00a0Luiz In\u00e1cio Lula da Silva (PT)\u00a0discutir\u00e1 com o presidente argentino, Alberto Fern\u00e1ndez, a cria\u00e7\u00e3o de uma moeda sul-americana comum. A ideia foi exposta pelos chefes de estado em um artigo assinado pelos dois\u00a0publicada no site argentino Perfil,\u00a0neste domingo (22\/1). \u201cDecidimos avan\u00e7ar nas discuss\u00f5es sobre uma moeda sul-americana comum que possa ser usada tanto para&hellip;","jetpack_sharing_enabled":true,"jetpack_likes_enabled":true,"_links":{"self":[{"href":"https:\/\/blogopara.com.br\/index.php\/wp-json\/wp\/v2\/posts\/48932","targetHints":{"allow":["GET"]}}],"collection":[{"href":"https:\/\/blogopara.com.br\/index.php\/wp-json\/wp\/v2\/posts"}],"about":[{"href":"https:\/\/blogopara.com.br\/index.php\/wp-json\/wp\/v2\/types\/post"}],"author":[{"embeddable":true,"href":"https:\/\/blogopara.com.br\/index.php\/wp-json\/wp\/v2\/users\/1"}],"replies":[{"embeddable":true,"href":"https:\/\/blogopara.com.br\/index.php\/wp-json\/wp\/v2\/comments?post=48932"}],"version-history":[{"count":1,"href":"https:\/\/blogopara.com.br\/index.php\/wp-json\/wp\/v2\/posts\/48932\/revisions"}],"predecessor-version":[{"id":48934,"href":"https:\/\/blogopara.com.br\/index.php\/wp-json\/wp\/v2\/posts\/48932\/revisions\/48934"}],"wp:featuredmedia":[{"embeddable":true,"href":"https:\/\/blogopara.com.br\/index.php\/wp-json\/wp\/v2\/media\/48933"}],"wp:attachment":[{"href":"https:\/\/blogopara.com.br\/index.php\/wp-json\/wp\/v2\/media?parent=48932"}],"wp:term":[{"taxonomy":"category","embeddable":true,"href":"https:\/\/blogopara.com.br\/index.php\/wp-json\/wp\/v2\/categories?post=48932"},{"taxonomy":"post_tag","embeddable":true,"href":"https:\/\/blogopara.com.br\/index.php\/wp-json\/wp\/v2\/tags?post=48932"}],"curies":[{"name":"wp","href":"https:\/\/api.w.org\/{rel}","templated":true}]}}