{"id":48935,"date":"2023-01-23T14:00:00","date_gmt":"2023-01-23T17:00:00","guid":{"rendered":"https:\/\/blogopara.com.br\/?p=48935"},"modified":"2023-01-23T03:10:02","modified_gmt":"2023-01-23T06:10:02","slug":"morre-yanomami-que-teve-foto-divulgada-com-desnutricao-grave","status":"publish","type":"post","link":"https:\/\/blogopara.com.br\/index.php\/2023\/01\/23\/morre-yanomami-que-teve-foto-divulgada-com-desnutricao-grave","title":{"rendered":"Morre yanomami que teve foto divulgada com desnutri\u00e7\u00e3o grave"},"content":{"rendered":"<p style=\"text-align: justify;\">A Urihi Associa\u00e7\u00e3o Yanomami divulgou nota, neste domingo (22\/1,) informando o falecimento da ind\u00edgena que teve sua foto divulgada para alertar sobre a situa\u00e7\u00e3o de desnutri\u00e7\u00e3o do povo. Por quest\u00f5es culturais, a organiza\u00e7\u00e3o pediu que se evite o compartilhamento da imagem.<\/p>\n<p style=\"text-align: justify;\" data-gtm-vis-recent-on-screen-8752935_845=\"5049\" data-gtm-vis-first-on-screen-8752935_845=\"5049\" data-gtm-vis-total-visible-time-8752935_845=\"100\" data-gtm-vis-has-fired-8752935_845=\"1\">\u201cNa cultura Yanomami, ap\u00f3s o falecimento, n\u00e3o pronunciamos o nome da pessoa, queimamos todos os seus pertences, e n\u00e3o permitimos que fotografias permane\u00e7am sendo divulgadas\u201d, explica a associa\u00e7\u00e3o. A imagem mostrava uma idosa em grave estado de desnutri\u00e7\u00e3o.<\/p>\n<p style=\"text-align: justify;\">Neste fim de semana, o governo federal declarou estado de emerg\u00eancia na terra yanomami de Roraima. O presidente\u00a0Lula (PT) visitou o estado acompanhado de diversos ministros. Al\u00e9m do problema de acesso \u00e0 alimenta\u00e7\u00e3o, h\u00e1 uma crise sanit\u00e1ria, com casos de mal\u00e1ria e outras doen\u00e7as.<\/p>\n<div id=\"taboola-mid-article\" class=\"TABOOLA trc_related_container trc_spotlight_widget trc_elastic trc_elastic_ab_thumbnails-c-3x1_abp-mode \" style=\"text-align: justify;\" data-placement-name=\"Mid Article\">\n<div class=\"trc_rbox_container\">\n<div>\n<div id=\"trc_wrapper_31649\" class=\"trc_rbox ab_thumbnails-c-3x1_abp-mode trc-content-sponsored \">\n<div id=\"trc_header_31649\" class=\"trc_rbox_header trc_rbox_border_elm\">\n<div class=\"trc_header_ext\">\n<div class=\"logoDiv link-attribution \">by Taboola<\/div>\n<\/div>\n<p><span class=\"trc_rbox_header_span\">conteudo patrocinado<\/span><\/div>\n<div id=\"outer_31649\" class=\"trc_rbox_outer\">\n<div id=\"rbox-t2m\" class=\"trc_rbox_div trc_rbox_border_elm\">\n<div id=\"internal_trc_31649\">\n<div class=\"videoCube trc_spotlight_item origin-default thumbnail_start syndicatedItem textItem videoCube_1_child trc-first-recommendation trc-spotlight-first-recommendation  trc_excludable \" data-item-id=\"~~V1~~-337815142061449433~~soi84t0nB9Con_xzgD8hQt_o9cLbBTOHRFIAAOEDyHP6nH0OabNJtzzP-ddPU2nvK8Bm7FKD2NW1M1BCiW1-kuMDMqg65-jJbi04eURsbtqeHe1S9jo_X4timp5pCZhQ1qPnz8TIp56FGMwGW1REdGP6mCOrMydSrc5toiHgFWAp-3Jybkbg7ntaoS2VbkfQGUkHQ3_G_JxGjhw9TrdPb23_JmdIOIT0PqBq7B_jNe6W9nBSjy_jh-InLHQDNiOGWUT-tap0v4HM4FRmtgR_wpP4X3w8-GuwjXe740dW2EBFXyi9KYK0tDHySeUgXO62THXt_GsWQ7BzkLn4QNseRH3t45oB2VwtOBoBApvrqI0\" data-item-title=\"O mercado busca quem escolhe a excel\u00eancia FGV.\" data-item-thumb=\"http:\/\/cdn.taboola.com\/libtrc\/static\/thumbnails\/998f49ea21ef126b10515d853f2c3a22.png\" data-item-syndicated=\"true\">\n<div class=\"thumbBlock_holder\">\n<div class=\"videoCube_aspect\"><\/div>\n<\/div>\n<p><span class=\"video-label-box trc-main-label \"><span class=\"video-label video-title trc_ellipsis \">O mercado busca quem escolhe a excel\u00eancia FGV.<\/span><span class=\"branding composite-branding\"><span class=\"branding-inner\">FGV<\/span><span class=\"branding-separator\">|<\/span><\/span><\/span><\/p>\n<div class=\"logoDiv link-disclosure  attribution-disclosure-link-sponsored align-disclosure-left\">Sponsored<\/div>\n<div class=\" trc_user_exclude_btn \" title=\"Remover este item\"><\/div>\n<div class=\" trc_exclude_overlay trc_fade \"><\/div>\n<div class=\" trc_undo_btn \"><\/div>\n<\/div>\n<\/div>\n<\/div>\n<\/div>\n<div class=\"trc_clearer\"><\/div>\n<\/div>\n<\/div>\n<\/div>\n<\/div>\n<h4 style=\"text-align: justify;\">Sa\u00fade dos Yanomamis<\/h4>\n<p style=\"text-align: justify;\" data-gtm-vis-recent-on-screen-8752935_862=\"13138\" data-gtm-vis-first-on-screen-8752935_862=\"13138\" data-gtm-vis-total-visible-time-8752935_862=\"100\" data-gtm-vis-has-fired-8752935_862=\"1\" data-gtm-vis-recent-on-screen-8752935_866=\"13141\" data-gtm-vis-first-on-screen-8752935_866=\"13141\" data-gtm-vis-total-visible-time-8752935_866=\"100\" data-gtm-vis-has-fired-8752935_866=\"1\">Em raz\u00e3o da grave precariza\u00e7\u00e3o das condi\u00e7\u00f5es de vida dos povos, tamb\u00e9m em decorr\u00eancia do garimpo ilegal, a popula\u00e7\u00e3o vive uma grande crise sanit\u00e1ria. Al\u00e9m de a atividade provocar assassinatos dos ind\u00edgenas, nos \u00faltimos meses foram registradas mortes por desnutri\u00e7\u00e3o.<\/p>\n<p style=\"text-align: justify;\">A explora\u00e7\u00e3o do garimpo ilegal traz a incid\u00eancia de doen\u00e7as infecciosas. A falta de assist\u00eancia em sa\u00fade tamb\u00e9m contribui para o quadro.<\/p>\n<p class=\"m-img-wrap\" style=\"text-align: justify;\">Na \u00faltima quarta-feira (18\/1), uma equipe do Minist\u00e9rio da Sa\u00fade foi enviada ao estado de Roraima para fazer um diagn\u00f3stico da situa\u00e7\u00e3o. Em nota, a pasta informou que a expectativa \u00e9 que, ap\u00f3s o levantamento, sejam definidas \u201ca\u00e7\u00f5es imediatas para superar a crise sanit\u00e1ria\u201d pela qual passa a popula\u00e7\u00e3o local.<\/p>\n","protected":false},"excerpt":{"rendered":"<p>A Urihi Associa\u00e7\u00e3o Yanomami divulgou nota, neste domingo (22\/1,) informando o falecimento da ind\u00edgena que teve sua foto divulgada para alertar sobre a situa\u00e7\u00e3o de desnutri\u00e7\u00e3o do povo. Por quest\u00f5es culturais, a organiza\u00e7\u00e3o pediu que se evite o compartilhamento da imagem. \u201cNa cultura Yanomami, ap\u00f3s o falecimento, n\u00e3o pronunciamos o nome da pessoa, queimamos todos [&hellip;]<\/p>\n","protected":false},"author":1,"featured_media":48874,"comment_status":"closed","ping_status":"open","sticky":false,"template":"","format":"standard","meta":{"_uag_custom_page_level_css":"","_monsterinsights_skip_tracking":false,"_monsterinsights_sitenote_active":false,"_monsterinsights_sitenote_note":"","_monsterinsights_sitenote_category":0,"jetpack_post_was_ever_published":false,"_jetpack_newsletter_access":"","_jetpack_dont_email_post_to_subs":false,"_jetpack_newsletter_tier_id":0,"_jetpack_memberships_contains_paywalled_content":false,"_jetpack_memberships_contains_paid_content":false,"footnotes":"","jetpack_publicize_message":"","jetpack_publicize_feature_enabled":true,"jetpack_social_post_already_shared":true,"jetpack_social_options":{"image_generator_settings":{"template":"highway","default_image_id":0,"font":"","enabled":false},"version":2}},"categories":[200],"tags":[14,2922],"class_list":["post-48935","post","type-post","status-publish","format-standard","has-post-thumbnail","hentry","category-brasil","tag-brasil","tag-yanomamis"],"jetpack_publicize_connections":[],"jetpack_featured_media_url":"https:\/\/blogopara.com.br\/wp-content\/uploads\/2023\/01\/WhatsApp-Image-2023-01-20-at-20.12.06-1-600x400-1-e1674265941989.webp","uagb_featured_image_src":{"full":["https:\/\/blogopara.com.br\/wp-content\/uploads\/2023\/01\/WhatsApp-Image-2023-01-20-at-20.12.06-1-600x400-1-e1674265941989.webp",500,333,false],"thumbnail":["https:\/\/blogopara.com.br\/wp-content\/uploads\/2023\/01\/WhatsApp-Image-2023-01-20-at-20.12.06-1-600x400-1-150x150.webp",150,150,true],"medium":["https:\/\/blogopara.com.br\/wp-content\/uploads\/2023\/01\/WhatsApp-Image-2023-01-20-at-20.12.06-1-600x400-1-300x200.webp",300,200,true],"medium_large":["https:\/\/blogopara.com.br\/wp-content\/uploads\/2023\/01\/WhatsApp-Image-2023-01-20-at-20.12.06-1-600x400-1-e1674265941989.webp",500,333,false],"large":["https:\/\/blogopara.com.br\/wp-content\/uploads\/2023\/01\/WhatsApp-Image-2023-01-20-at-20.12.06-1-600x400-1-e1674265941989.webp",500,333,false],"1536x1536":["https:\/\/blogopara.com.br\/wp-content\/uploads\/2023\/01\/WhatsApp-Image-2023-01-20-at-20.12.06-1-600x400-1-e1674265941989.webp",500,333,false],"2048x2048":["https:\/\/blogopara.com.br\/wp-content\/uploads\/2023\/01\/WhatsApp-Image-2023-01-20-at-20.12.06-1-600x400-1-e1674265941989.webp",500,333,false],"mantranews-slider-large":["https:\/\/blogopara.com.br\/wp-content\/uploads\/2023\/01\/WhatsApp-Image-2023-01-20-at-20.12.06-1-600x400-1-e1674265941989.webp",500,333,false],"mantranews-featured-medium":["https:\/\/blogopara.com.br\/wp-content\/uploads\/2023\/01\/WhatsApp-Image-2023-01-20-at-20.12.06-1-600x400-1-420x307.webp",420,307,true],"mantranews-featured-long":["https:\/\/blogopara.com.br\/wp-content\/uploads\/2023\/01\/WhatsApp-Image-2023-01-20-at-20.12.06-1-600x400-1-300x400.webp",300,400,true],"mantranews-block-medium":["https:\/\/blogopara.com.br\/wp-content\/uploads\/2023\/01\/WhatsApp-Image-2023-01-20-at-20.12.06-1-600x400-1-464x290.webp",464,290,true],"mantranews-carousel-image":["https:\/\/blogopara.com.br\/wp-content\/uploads\/2023\/01\/WhatsApp-Image-2023-01-20-at-20.12.06-1-600x400-1-e1674265941989.webp",500,333,false],"mantranews-block-thumb":["https:\/\/blogopara.com.br\/wp-content\/uploads\/2023\/01\/WhatsApp-Image-2023-01-20-at-20.12.06-1-600x400-1-322x230.webp",322,230,true],"mantranews-single-large":["https:\/\/blogopara.com.br\/wp-content\/uploads\/2023\/01\/WhatsApp-Image-2023-01-20-at-20.12.06-1-600x400-1-e1674265941989.webp",500,333,false]},"uagb_author_info":{"display_name":"Reda\u00e7\u00e3o geral","author_link":"https:\/\/blogopara.com.br\/index.php\/author\/blogopara"},"uagb_comment_info":0,"uagb_excerpt":"A Urihi Associa\u00e7\u00e3o Yanomami divulgou nota, neste domingo (22\/1,) informando o falecimento da ind\u00edgena que teve sua foto divulgada para alertar sobre a situa\u00e7\u00e3o de desnutri\u00e7\u00e3o do povo. Por quest\u00f5es culturais, a organiza\u00e7\u00e3o pediu que se evite o compartilhamento da imagem. \u201cNa cultura Yanomami, ap\u00f3s o falecimento, n\u00e3o pronunciamos o nome da pessoa, queimamos todos&hellip;","jetpack_sharing_enabled":true,"jetpack_likes_enabled":true,"_links":{"self":[{"href":"https:\/\/blogopara.com.br\/index.php\/wp-json\/wp\/v2\/posts\/48935","targetHints":{"allow":["GET"]}}],"collection":[{"href":"https:\/\/blogopara.com.br\/index.php\/wp-json\/wp\/v2\/posts"}],"about":[{"href":"https:\/\/blogopara.com.br\/index.php\/wp-json\/wp\/v2\/types\/post"}],"author":[{"embeddable":true,"href":"https:\/\/blogopara.com.br\/index.php\/wp-json\/wp\/v2\/users\/1"}],"replies":[{"embeddable":true,"href":"https:\/\/blogopara.com.br\/index.php\/wp-json\/wp\/v2\/comments?post=48935"}],"version-history":[{"count":1,"href":"https:\/\/blogopara.com.br\/index.php\/wp-json\/wp\/v2\/posts\/48935\/revisions"}],"predecessor-version":[{"id":48936,"href":"https:\/\/blogopara.com.br\/index.php\/wp-json\/wp\/v2\/posts\/48935\/revisions\/48936"}],"wp:featuredmedia":[{"embeddable":true,"href":"https:\/\/blogopara.com.br\/index.php\/wp-json\/wp\/v2\/media\/48874"}],"wp:attachment":[{"href":"https:\/\/blogopara.com.br\/index.php\/wp-json\/wp\/v2\/media?parent=48935"}],"wp:term":[{"taxonomy":"category","embeddable":true,"href":"https:\/\/blogopara.com.br\/index.php\/wp-json\/wp\/v2\/categories?post=48935"},{"taxonomy":"post_tag","embeddable":true,"href":"https:\/\/blogopara.com.br\/index.php\/wp-json\/wp\/v2\/tags?post=48935"}],"curies":[{"name":"wp","href":"https:\/\/api.w.org\/{rel}","templated":true}]}}