{"id":49080,"date":"2023-01-27T18:23:00","date_gmt":"2023-01-27T21:23:00","guid":{"rendered":"https:\/\/blogopara.com.br\/?p=49080"},"modified":"2023-01-27T08:25:33","modified_gmt":"2023-01-27T11:25:33","slug":"lula-admite-entregar-codevasf-a-elmar-nascimento-diz-jornal","status":"publish","type":"post","link":"https:\/\/blogopara.com.br\/index.php\/2023\/01\/27\/lula-admite-entregar-codevasf-a-elmar-nascimento-diz-jornal","title":{"rendered":"Lula admite entregar Codevasf a Elmar Nascimento, diz jornal"},"content":{"rendered":"<p style=\"text-align: justify;\">De acordo com o jornal Estad\u00e3o, interlocutores de Lula (PT) dizem que o presidente n\u00e3o aceitar\u00e1 o pedido triplo do deputado federal baiano Elmar Nascimento (UB). J\u00e1 a Codevasf poder\u00e1 ser cedida. A partilha de cargos de segundo escal\u00e3o mobilizou o quarto andar do Pal\u00e1cio do Planalto nos \u00faltimos dias, segundo a publica\u00e7\u00e3o, que acrescenta que h\u00e1 cobi\u00e7a de cargos por partidos menores que negociam com o governo Lula, como o Podemos.<\/p>\n<p style=\"text-align: justify;\">Esses \u00f3rg\u00e3os t\u00eam or\u00e7amento bilion\u00e1rio, costumam sofrer influ\u00eancia pol\u00edtica direta de parlamentares, que indicam diretores e superintendentes nos Estados. Alguns deles viraram focos de den\u00fancias de corrup\u00e7\u00e3o nos \u00faltimos governos, como a Codevasf, com verbas do or\u00e7amento secreto, o FNDE, e o Departamento Nacional de Infraestrutura de Transportes (Dnit).<\/p>\n<p style=\"text-align: justify;\">A ordem no Planalto, de acordo com o Estad\u00e3o, \u00e9 segurar nomea\u00e7\u00f5es at\u00e9 as elei\u00e7\u00f5es para as presid\u00eancias da C\u00e2mara e do Senado, marcadas para 1.\u00ba de fevereiro. O governo quer come\u00e7ar a destravar os pedidos depois, de acordo com o comportamento dos partidos nas vota\u00e7\u00f5es.<\/p>\n<p style=\"text-align: justify;\">O jornal ainda revela que o ministro-chefe da Secretaria de Rela\u00e7\u00f5es Institucionais, Alexandre Padilha, conversou na semana passada com Elmar. O deputado teria ficado contrariado por ter sido vetado pelo PT da Bahia para um minist\u00e9rio e manifestou sua frustra\u00e7\u00e3o a Padilha. O ministro, ent\u00e3o, indicou que considera \u201crazo\u00e1vel\u201d a reivindica\u00e7\u00e3o pela chefia da autarquia.<\/p>\n<p style=\"text-align: justify;\">O apoio do Uni\u00e3o Brasil ainda \u00e9 considerado inst\u00e1vel. O partido \u00e9 visto como uma \u201cfedera\u00e7\u00e3o\u201d com muitos pol\u00edticos influentes. Eles divulgaram um manifesto, na semana passada, em que defendem o \u201cempoderamento\u201d do Congresso, em vez de postura \u201csubserviente\u201d ao Planalto. A articula\u00e7\u00e3o pol\u00edtica lulista vai ceder para ter ao menos a maioria da bancada, mas sabe que n\u00e3o conseguir\u00e1 todo o partido na C\u00e2mara, tampouco no Senado. Al\u00e9m do comando da Codevasf, h\u00e1 pedidos por cargos no segundo escal\u00e3o dos minist\u00e9rios das Comunica\u00e7\u00f5es e da Integra\u00e7\u00e3o e Desenvolvimento Regional, destinados \u00e0 legenda.<\/p>\n<p style=\"text-align: justify;\">Diante da ofensiva por mais cargos, segundo a publica\u00e7\u00e3o, uma reuni\u00e3o causou apreens\u00e3o no governo. Integrantes da bancada petista sugeriram a Padilha uma opera\u00e7\u00e3o para contornar e isolar Elmar e neutralizar seu poder. A ideia consistia em tentar atrair com benesses os deputados mais influenciados por ele na bancada do Uni\u00e3o Brasil, que tem 59 integrantes. \u00c9 a terceira maior da C\u00e2mara. Assim, poderiam obter os votos individualmente, sem tratar com o l\u00edder do Uni\u00e3o Brasil.<\/p>\n<p style=\"text-align: justify;\">A opera\u00e7\u00e3o foi vista como arriscada pela articula\u00e7\u00e3o pol\u00edtica do Planalto. Houve quem lembrasse que a ent\u00e3o presidente Dilma Rousseff (PT) cometeu esse \u201cerro\u201d, na tentativa de sobreviver no governo. O Estad\u00e3o ainda afirma que quem conhece os meandros da C\u00e2mara alerta que Elmar conhece bem os bastidores da partilha de recursos do or\u00e7amento secreto pelos parlamentares.<\/p>\n<p style=\"text-align: justify;\">A bancada paulista do PT j\u00e1 teria indicado Jamil Yatim para chefiar a Companhia de Entrepostos e Armaz\u00e9ns Gerais do Estado de S\u00e3o Paulo (Ceagesp), outra empresa que \u00e9 alvo de cobi\u00e7a dos aliados, segundo o jornal. Yatim \u00e9 ligado ao PT de Jundia\u00ed e j\u00e1 ocupou o cargo de diretor financeiro da Ceagesp no governo Dilma.<\/p>\n<p style=\"text-align: justify;\">O Estad\u00e3o ainda revela que deputados do Uni\u00e3o Brasil querem emplacar um nome na Secretaria Executiva do Minist\u00e9rio do Turismo. Avaliam que, caso a ministra Daniela Carneiro seja demitida, poderiam fazer o substituto na pasta. Ap\u00f3s ter o nome anunciado como ministra, Daniela foi acusada de ter liga\u00e7\u00f5es com a mil\u00edcia do Rio.<\/p>\n<p style=\"text-align: justify;\">O acordo do PT para apoiar a reelei\u00e7\u00e3o de Arthur Lira (PP-AL), l\u00edder do Centr\u00e3o, como presidente da C\u00e2mara prev\u00ea a distribui\u00e7\u00e3o de postos de comando na Casa, segundo relato da publica\u00e7\u00e3o. O PT quer comandar a Comiss\u00e3o de Constitui\u00e7\u00e3o e Justi\u00e7a (CCJ), a mais poderosa da C\u00e2mara, reivindicada tamb\u00e9m pelo PL do ex-presidente Jair Bolsonaro.<\/p>\n<p style=\"text-align: justify;\">O acerto beneficiaria, ainda, o Republicanos. O deputado Marcos Pereira (SP) voltaria a ser o vice-presidente da C\u00e2mara. J\u00e1 o ex-l\u00edder da bancada Jonathan de Jesus (Republicanos-RR) seria indicado ao Tribunal de Contas da Uni\u00e3o (TCU). O problema \u00e9 que o PL tamb\u00e9m quer ocupar a vice-presid\u00eancia da C\u00e2mara.<\/p>\n<p style=\"text-align: justify;\">\n<div class=\"carregar-mais\" style=\"text-align: justify;\"><\/div>\n","protected":false},"excerpt":{"rendered":"<p>De acordo com o jornal Estad\u00e3o, interlocutores de Lula (PT) dizem que o presidente n\u00e3o aceitar\u00e1 o pedido triplo do deputado federal baiano Elmar Nascimento (UB). J\u00e1 a Codevasf poder\u00e1 ser cedida. A partilha de cargos de segundo escal\u00e3o mobilizou o quarto andar do Pal\u00e1cio do Planalto nos \u00faltimos dias, segundo a publica\u00e7\u00e3o, que acrescenta [&hellip;]<\/p>\n","protected":false},"author":1,"featured_media":17091,"comment_status":"closed","ping_status":"open","sticky":false,"template":"","format":"standard","meta":{"_uag_custom_page_level_css":"","_monsterinsights_skip_tracking":false,"_monsterinsights_sitenote_active":false,"_monsterinsights_sitenote_note":"","_monsterinsights_sitenote_category":0,"jetpack_post_was_ever_published":false,"_jetpack_newsletter_access":"","_jetpack_dont_email_post_to_subs":false,"_jetpack_newsletter_tier_id":0,"_jetpack_memberships_contains_paywalled_content":false,"_jetpack_memberships_contains_paid_content":false,"footnotes":"","jetpack_publicize_message":"","jetpack_publicize_feature_enabled":true,"jetpack_social_post_already_shared":true,"jetpack_social_options":{"image_generator_settings":{"template":"highway","default_image_id":0,"font":"","enabled":false},"version":2}},"categories":[200,197],"tags":[],"class_list":["post-49080","post","type-post","status-publish","format-standard","has-post-thumbnail","hentry","category-brasil","category-politica"],"jetpack_publicize_connections":[],"jetpack_featured_media_url":"https:\/\/blogopara.com.br\/wp-content\/uploads\/2020\/12\/x81237090_Deputado-Federal-Elmar-Nascimento.-Foto-Alex-Ferreiradivulgacao.jpg.pagespeed.ic_.fAgozAODl5.jpg","uagb_featured_image_src":{"full":["https:\/\/blogopara.com.br\/wp-content\/uploads\/2020\/12\/x81237090_Deputado-Federal-Elmar-Nascimento.-Foto-Alex-Ferreiradivulgacao.jpg.pagespeed.ic_.fAgozAODl5.jpg",500,300,false],"thumbnail":["https:\/\/blogopara.com.br\/wp-content\/uploads\/2020\/12\/x81237090_Deputado-Federal-Elmar-Nascimento.-Foto-Alex-Ferreiradivulgacao.jpg.pagespeed.ic_.fAgozAODl5-150x150.jpg",150,150,true],"medium":["https:\/\/blogopara.com.br\/wp-content\/uploads\/2020\/12\/x81237090_Deputado-Federal-Elmar-Nascimento.-Foto-Alex-Ferreiradivulgacao.jpg.pagespeed.ic_.fAgozAODl5-300x180.jpg",300,180,true],"medium_large":["https:\/\/blogopara.com.br\/wp-content\/uploads\/2020\/12\/x81237090_Deputado-Federal-Elmar-Nascimento.-Foto-Alex-Ferreiradivulgacao.jpg.pagespeed.ic_.fAgozAODl5.jpg",500,300,false],"large":["https:\/\/blogopara.com.br\/wp-content\/uploads\/2020\/12\/x81237090_Deputado-Federal-Elmar-Nascimento.-Foto-Alex-Ferreiradivulgacao.jpg.pagespeed.ic_.fAgozAODl5.jpg",500,300,false],"1536x1536":["https:\/\/blogopara.com.br\/wp-content\/uploads\/2020\/12\/x81237090_Deputado-Federal-Elmar-Nascimento.-Foto-Alex-Ferreiradivulgacao.jpg.pagespeed.ic_.fAgozAODl5.jpg",500,300,false],"2048x2048":["https:\/\/blogopara.com.br\/wp-content\/uploads\/2020\/12\/x81237090_Deputado-Federal-Elmar-Nascimento.-Foto-Alex-Ferreiradivulgacao.jpg.pagespeed.ic_.fAgozAODl5.jpg",500,300,false],"mantranews-slider-large":["https:\/\/blogopara.com.br\/wp-content\/uploads\/2020\/12\/x81237090_Deputado-Federal-Elmar-Nascimento.-Foto-Alex-Ferreiradivulgacao.jpg.pagespeed.ic_.fAgozAODl5.jpg",500,300,false],"mantranews-featured-medium":["https:\/\/blogopara.com.br\/wp-content\/uploads\/2020\/12\/x81237090_Deputado-Federal-Elmar-Nascimento.-Foto-Alex-Ferreiradivulgacao.jpg.pagespeed.ic_.fAgozAODl5-420x300.jpg",420,300,true],"mantranews-featured-long":["https:\/\/blogopara.com.br\/wp-content\/uploads\/2020\/12\/x81237090_Deputado-Federal-Elmar-Nascimento.-Foto-Alex-Ferreiradivulgacao.jpg.pagespeed.ic_.fAgozAODl5-300x300.jpg",300,300,true],"mantranews-block-medium":["https:\/\/blogopara.com.br\/wp-content\/uploads\/2020\/12\/x81237090_Deputado-Federal-Elmar-Nascimento.-Foto-Alex-Ferreiradivulgacao.jpg.pagespeed.ic_.fAgozAODl5-464x290.jpg",464,290,true],"mantranews-carousel-image":["https:\/\/blogopara.com.br\/wp-content\/uploads\/2020\/12\/x81237090_Deputado-Federal-Elmar-Nascimento.-Foto-Alex-Ferreiradivulgacao.jpg.pagespeed.ic_.fAgozAODl5.jpg",500,300,false],"mantranews-block-thumb":["https:\/\/blogopara.com.br\/wp-content\/uploads\/2020\/12\/x81237090_Deputado-Federal-Elmar-Nascimento.-Foto-Alex-Ferreiradivulgacao.jpg.pagespeed.ic_.fAgozAODl5-322x230.jpg",322,230,true],"mantranews-single-large":["https:\/\/blogopara.com.br\/wp-content\/uploads\/2020\/12\/x81237090_Deputado-Federal-Elmar-Nascimento.-Foto-Alex-Ferreiradivulgacao.jpg.pagespeed.ic_.fAgozAODl5.jpg",500,300,false]},"uagb_author_info":{"display_name":"Reda\u00e7\u00e3o geral","author_link":"https:\/\/blogopara.com.br\/index.php\/author\/blogopara"},"uagb_comment_info":0,"uagb_excerpt":"De acordo com o jornal Estad\u00e3o, interlocutores de Lula (PT) dizem que o presidente n\u00e3o aceitar\u00e1 o pedido triplo do deputado federal baiano Elmar Nascimento (UB). J\u00e1 a Codevasf poder\u00e1 ser cedida. A partilha de cargos de segundo escal\u00e3o mobilizou o quarto andar do Pal\u00e1cio do Planalto nos \u00faltimos dias, segundo a publica\u00e7\u00e3o, que acrescenta&hellip;","jetpack_sharing_enabled":true,"jetpack_likes_enabled":true,"_links":{"self":[{"href":"https:\/\/blogopara.com.br\/index.php\/wp-json\/wp\/v2\/posts\/49080","targetHints":{"allow":["GET"]}}],"collection":[{"href":"https:\/\/blogopara.com.br\/index.php\/wp-json\/wp\/v2\/posts"}],"about":[{"href":"https:\/\/blogopara.com.br\/index.php\/wp-json\/wp\/v2\/types\/post"}],"author":[{"embeddable":true,"href":"https:\/\/blogopara.com.br\/index.php\/wp-json\/wp\/v2\/users\/1"}],"replies":[{"embeddable":true,"href":"https:\/\/blogopara.com.br\/index.php\/wp-json\/wp\/v2\/comments?post=49080"}],"version-history":[{"count":1,"href":"https:\/\/blogopara.com.br\/index.php\/wp-json\/wp\/v2\/posts\/49080\/revisions"}],"predecessor-version":[{"id":49081,"href":"https:\/\/blogopara.com.br\/index.php\/wp-json\/wp\/v2\/posts\/49080\/revisions\/49081"}],"wp:featuredmedia":[{"embeddable":true,"href":"https:\/\/blogopara.com.br\/index.php\/wp-json\/wp\/v2\/media\/17091"}],"wp:attachment":[{"href":"https:\/\/blogopara.com.br\/index.php\/wp-json\/wp\/v2\/media?parent=49080"}],"wp:term":[{"taxonomy":"category","embeddable":true,"href":"https:\/\/blogopara.com.br\/index.php\/wp-json\/wp\/v2\/categories?post=49080"},{"taxonomy":"post_tag","embeddable":true,"href":"https:\/\/blogopara.com.br\/index.php\/wp-json\/wp\/v2\/tags?post=49080"}],"curies":[{"name":"wp","href":"https:\/\/api.w.org\/{rel}","templated":true}]}}