{"id":49087,"date":"2023-01-28T07:01:00","date_gmt":"2023-01-28T10:01:00","guid":{"rendered":"https:\/\/blogopara.com.br\/?p=49087"},"modified":"2023-01-27T09:03:55","modified_gmt":"2023-01-27T12:03:55","slug":"festival-salitrando-a-historia-acontece-no-dia-05-de-fevereiro","status":"publish","type":"post","link":"https:\/\/blogopara.com.br\/index.php\/2023\/01\/28\/festival-salitrando-a-historia-acontece-no-dia-05-de-fevereiro","title":{"rendered":"Festival Salitrando a Hist\u00f3ria acontece no dia 05 de fevereiro"},"content":{"rendered":"<p style=\"text-align: justify;\">Anita Rodrigues, 81 anos. Diva Rodrigues, 70 anos. S\u00e3o duas irm\u00e3s que tiveram o privil\u00e9gio de nascer nas margens do Rio S\u00e3o Francisco, em Juazeiro Bahia. As duas cultivam a valoriza\u00e7\u00e3o da cultura e religiosidade.<\/p>\n<p style=\"text-align: justify;\">&#8220;Nossos antepassados, ancestrais, nos passaram essa devo\u00e7\u00e3o. A Casa de Ora\u00e7\u00e3o, os ter\u00e7os, of\u00edcios, ter\u00e7os das almas, tudo \u00e9 motivo de gratid\u00e3o e festejos&#8221;, diz Anita.<\/p>\n<p style=\"text-align: justify;\">No pr\u00f3ximo dia 05 de fevereiro, as duas v\u00e3o viver um momento de emo\u00e7\u00e3o. Trata-se do Festival Salitranto a Hist\u00f3ria, 25 anos de sacerd\u00f3cio do filho de dona Anita e sobrinho de dona Diva. Padre Tito Regis Rodrigues da Silva festeja o Jubileu de Prata.<\/p>\n<p style=\"text-align: justify;\">Anita revela que Salitre, vem do sal, de sabor. &#8220;Salitrar \u00e9 restituir, devolver sabores. Estamos na emergencia cultural e ste momento \u00e9 de valorizar a nossa hist\u00f3ria e por isto os salitreiros v\u00e3o mostrar habilidades humanas, culturais, sociais e religiosas&#8221;.<\/p>\n<p style=\"text-align: justify;\">O padre Tito diz que a festa tem raz\u00f5es b\u00edblicas. &#8220;Os livros de N\u00fameros e Cr\u00f4nicas apresentam o sal como o simbolo que confirma amizade entre as regi\u00f5es e nos Evangelhos, Jesus chama seus disc\u00edpulos de Sal da Terra e alerta para \u00a0que todos tenham sal entre si e estejam em paz uns com os outros&#8221;.<\/p>\n<p style=\"text-align: justify;\">Al\u00e9m da Missas no dia 5 de fevereiro \u00e1s 8hs, no S\u00edtio Recanto da Emaus, Salitre, a programa\u00e7\u00e3o consta de v\u00e1rias manifesta\u00e7\u00f5es culturais, congada, paineis referente hist\u00f3ria do Salitre, roda de S\u00e3o Gon\u00e7alo, \u00a0Samba de Vei, distribui\u00e7\u00e3o de plantas nativas para plantio, lan\u00e7amento da cartilha cultural, brincadeiras para crian\u00e7as, bumba meu boi e folia de reis, entrega Trof\u00e9u Salitrando a Hist\u00f3ria.<\/p>\n<p style=\"text-align: justify;\">Durante o per\u00edodo da noite haver\u00e1 apresenta\u00e7\u00e3o dos penitentes do Salitre e Alimentadoras de Almas e festas juninas.<\/p>\n<p style=\"text-align: justify;\">Fonte: RedeGN<\/p>\n","protected":false},"excerpt":{"rendered":"<p>Anita Rodrigues, 81 anos. Diva Rodrigues, 70 anos. S\u00e3o duas irm\u00e3s que tiveram o privil\u00e9gio de nascer nas margens do Rio S\u00e3o Francisco, em Juazeiro Bahia. As duas cultivam a valoriza\u00e7\u00e3o da cultura e religiosidade. &#8220;Nossos antepassados, ancestrais, nos passaram essa devo\u00e7\u00e3o. A Casa de Ora\u00e7\u00e3o, os ter\u00e7os, of\u00edcios, ter\u00e7os das almas, tudo \u00e9 motivo [&hellip;]<\/p>\n","protected":false},"author":1,"featured_media":49088,"comment_status":"closed","ping_status":"open","sticky":false,"template":"","format":"standard","meta":{"_uag_custom_page_level_css":"","_monsterinsights_skip_tracking":false,"_monsterinsights_sitenote_active":false,"_monsterinsights_sitenote_note":"","_monsterinsights_sitenote_category":0,"jetpack_post_was_ever_published":false,"_jetpack_newsletter_access":"","_jetpack_dont_email_post_to_subs":false,"_jetpack_newsletter_tier_id":0,"_jetpack_memberships_contains_paywalled_content":false,"_jetpack_memberships_contains_paid_content":false,"footnotes":"","jetpack_publicize_message":"","jetpack_publicize_feature_enabled":true,"jetpack_social_post_already_shared":true,"jetpack_social_options":{"image_generator_settings":{"template":"highway","default_image_id":0,"font":"","enabled":false},"version":2}},"categories":[1506,1784,203],"tags":[],"class_list":["post-49087","post","type-post","status-publish","format-standard","has-post-thumbnail","hentry","category-cultura","category-cultura-2","category-juazeiro"],"jetpack_publicize_connections":[],"jetpack_featured_media_url":"https:\/\/blogopara.com.br\/wp-content\/uploads\/2023\/01\/salitrando.jpg","uagb_featured_image_src":{"full":["https:\/\/blogopara.com.br\/wp-content\/uploads\/2023\/01\/salitrando.jpg",500,500,false],"thumbnail":["https:\/\/blogopara.com.br\/wp-content\/uploads\/2023\/01\/salitrando-150x150.jpg",150,150,true],"medium":["https:\/\/blogopara.com.br\/wp-content\/uploads\/2023\/01\/salitrando-300x300.jpg",300,300,true],"medium_large":["https:\/\/blogopara.com.br\/wp-content\/uploads\/2023\/01\/salitrando.jpg",500,500,false],"large":["https:\/\/blogopara.com.br\/wp-content\/uploads\/2023\/01\/salitrando.jpg",500,500,false],"1536x1536":["https:\/\/blogopara.com.br\/wp-content\/uploads\/2023\/01\/salitrando.jpg",500,500,false],"2048x2048":["https:\/\/blogopara.com.br\/wp-content\/uploads\/2023\/01\/salitrando.jpg",500,500,false],"mantranews-slider-large":["https:\/\/blogopara.com.br\/wp-content\/uploads\/2023\/01\/salitrando.jpg",500,500,false],"mantranews-featured-medium":["https:\/\/blogopara.com.br\/wp-content\/uploads\/2023\/01\/salitrando-420x307.jpg",420,307,true],"mantranews-featured-long":["https:\/\/blogopara.com.br\/wp-content\/uploads\/2023\/01\/salitrando-300x443.jpg",300,443,true],"mantranews-block-medium":["https:\/\/blogopara.com.br\/wp-content\/uploads\/2023\/01\/salitrando-464x290.jpg",464,290,true],"mantranews-carousel-image":["https:\/\/blogopara.com.br\/wp-content\/uploads\/2023\/01\/salitrando.jpg",500,500,false],"mantranews-block-thumb":["https:\/\/blogopara.com.br\/wp-content\/uploads\/2023\/01\/salitrando-322x230.jpg",322,230,true],"mantranews-single-large":["https:\/\/blogopara.com.br\/wp-content\/uploads\/2023\/01\/salitrando.jpg",500,500,false]},"uagb_author_info":{"display_name":"Reda\u00e7\u00e3o geral","author_link":"https:\/\/blogopara.com.br\/index.php\/author\/blogopara"},"uagb_comment_info":0,"uagb_excerpt":"Anita Rodrigues, 81 anos. Diva Rodrigues, 70 anos. S\u00e3o duas irm\u00e3s que tiveram o privil\u00e9gio de nascer nas margens do Rio S\u00e3o Francisco, em Juazeiro Bahia. As duas cultivam a valoriza\u00e7\u00e3o da cultura e religiosidade. &#8220;Nossos antepassados, ancestrais, nos passaram essa devo\u00e7\u00e3o. A Casa de Ora\u00e7\u00e3o, os ter\u00e7os, of\u00edcios, ter\u00e7os das almas, tudo \u00e9 motivo&hellip;","jetpack_sharing_enabled":true,"jetpack_likes_enabled":true,"_links":{"self":[{"href":"https:\/\/blogopara.com.br\/index.php\/wp-json\/wp\/v2\/posts\/49087","targetHints":{"allow":["GET"]}}],"collection":[{"href":"https:\/\/blogopara.com.br\/index.php\/wp-json\/wp\/v2\/posts"}],"about":[{"href":"https:\/\/blogopara.com.br\/index.php\/wp-json\/wp\/v2\/types\/post"}],"author":[{"embeddable":true,"href":"https:\/\/blogopara.com.br\/index.php\/wp-json\/wp\/v2\/users\/1"}],"replies":[{"embeddable":true,"href":"https:\/\/blogopara.com.br\/index.php\/wp-json\/wp\/v2\/comments?post=49087"}],"version-history":[{"count":1,"href":"https:\/\/blogopara.com.br\/index.php\/wp-json\/wp\/v2\/posts\/49087\/revisions"}],"predecessor-version":[{"id":49089,"href":"https:\/\/blogopara.com.br\/index.php\/wp-json\/wp\/v2\/posts\/49087\/revisions\/49089"}],"wp:featuredmedia":[{"embeddable":true,"href":"https:\/\/blogopara.com.br\/index.php\/wp-json\/wp\/v2\/media\/49088"}],"wp:attachment":[{"href":"https:\/\/blogopara.com.br\/index.php\/wp-json\/wp\/v2\/media?parent=49087"}],"wp:term":[{"taxonomy":"category","embeddable":true,"href":"https:\/\/blogopara.com.br\/index.php\/wp-json\/wp\/v2\/categories?post=49087"},{"taxonomy":"post_tag","embeddable":true,"href":"https:\/\/blogopara.com.br\/index.php\/wp-json\/wp\/v2\/tags?post=49087"}],"curies":[{"name":"wp","href":"https:\/\/api.w.org\/{rel}","templated":true}]}}