{"id":49192,"date":"2023-01-12T13:56:00","date_gmt":"2023-01-12T16:56:00","guid":{"rendered":"https:\/\/blogopara.com.br\/?p=49192"},"modified":"2023-01-30T14:04:40","modified_gmt":"2023-01-30T17:04:40","slug":"a-cooperativa-de-consumo-dos-profissionais-de-seguranca-publica-convoca-os-cooperados-para-assembleia-geral-extraordinaria","status":"publish","type":"post","link":"https:\/\/blogopara.com.br\/index.php\/2023\/01\/12\/a-cooperativa-de-consumo-dos-profissionais-de-seguranca-publica-convoca-os-cooperados-para-assembleia-geral-extraordinaria","title":{"rendered":"A Cooperativa de Consumo dos Profissionais de Seguran\u00e7a P\u00fablica convoca os cooperados para Assembleia Geral Extraordin\u00e1ria"},"content":{"rendered":"\n<p>O presidente em exerc\u00edcio convoca todos os cooperados aptos a votar e ser votado para participar de Assembleia Geral Extraordin\u00e1ria para discutir e decidir sobre presta\u00e7\u00e3o de contas, elei\u00e7\u00e3o de diretoria e do conselho fiscal, aquisi\u00e7\u00e3o de im\u00f3vel e reforma de Estatuto Social, conforme ata de convoca\u00e7\u00e3o a seguir:<\/p>\n\n\n\n<p>A reuni\u00e3o ocorrer\u00e1 na sede social da Cooperativa, localizada na rua Santa In\u00eas, bairro Argemiro, Juazeiro-BA.<\/p>\n\n\n\n<figure class=\"wp-block-image size-large\"><img loading=\"lazy\" decoding=\"async\" width=\"724\" height=\"1024\" src=\"https:\/\/blogopara.com.br\/wp-content\/uploads\/2023\/01\/Ata-de-assembleia-geral-13-02-2023-2-724x1024.jpg\" alt=\"\" class=\"wp-image-49195\" srcset=\"https:\/\/blogopara.com.br\/wp-content\/uploads\/2023\/01\/Ata-de-assembleia-geral-13-02-2023-2-724x1024.jpg 724w, https:\/\/blogopara.com.br\/wp-content\/uploads\/2023\/01\/Ata-de-assembleia-geral-13-02-2023-2-212x300.jpg 212w, https:\/\/blogopara.com.br\/wp-content\/uploads\/2023\/01\/Ata-de-assembleia-geral-13-02-2023-2-768x1086.jpg 768w, https:\/\/blogopara.com.br\/wp-content\/uploads\/2023\/01\/Ata-de-assembleia-geral-13-02-2023-2-1086x1536.jpg 1086w, https:\/\/blogopara.com.br\/wp-content\/uploads\/2023\/01\/Ata-de-assembleia-geral-13-02-2023-2-1448x2048.jpg 1448w, https:\/\/blogopara.com.br\/wp-content\/uploads\/2023\/01\/Ata-de-assembleia-geral-13-02-2023-2-scaled.jpg 1811w\" sizes=\"auto, (max-width: 724px) 100vw, 724px\" \/><\/figure>\n\n\n\n<p><\/p>\n","protected":false},"excerpt":{"rendered":"<p>O presidente em exerc\u00edcio convoca todos os cooperados aptos a votar e ser votado para participar de Assembleia Geral Extraordin\u00e1ria para discutir e decidir sobre presta\u00e7\u00e3o de contas, elei\u00e7\u00e3o de diretoria e do conselho fiscal, aquisi\u00e7\u00e3o de im\u00f3vel e reforma de Estatuto Social, conforme ata de convoca\u00e7\u00e3o a seguir: A reuni\u00e3o ocorrer\u00e1 na sede social [&hellip;]<\/p>\n","protected":false},"author":1,"featured_media":0,"comment_status":"closed","ping_status":"open","sticky":false,"template":"","format":"standard","meta":{"_uag_custom_page_level_css":"","_monsterinsights_skip_tracking":false,"_monsterinsights_sitenote_active":false,"_monsterinsights_sitenote_note":"","_monsterinsights_sitenote_category":0,"jetpack_post_was_ever_published":false,"_jetpack_newsletter_access":"","_jetpack_dont_email_post_to_subs":false,"_jetpack_newsletter_tier_id":0,"_jetpack_memberships_contains_paywalled_content":false,"_jetpack_memberships_contains_paid_content":false,"footnotes":"","jetpack_publicize_message":"","jetpack_publicize_feature_enabled":false,"jetpack_social_post_already_shared":true,"jetpack_social_options":{"image_generator_settings":{"template":"highway","default_image_id":0,"font":"","enabled":false},"version":2}},"categories":[203],"tags":[],"class_list":["post-49192","post","type-post","status-publish","format-standard","hentry","category-juazeiro"],"jetpack_publicize_connections":[],"jetpack_featured_media_url":"","uagb_featured_image_src":{"full":false,"thumbnail":false,"medium":false,"medium_large":false,"large":false,"1536x1536":false,"2048x2048":false,"mantranews-slider-large":false,"mantranews-featured-medium":false,"mantranews-featured-long":false,"mantranews-block-medium":false,"mantranews-carousel-image":false,"mantranews-block-thumb":false,"mantranews-single-large":false},"uagb_author_info":{"display_name":"Reda\u00e7\u00e3o geral","author_link":"https:\/\/blogopara.com.br\/index.php\/author\/blogopara"},"uagb_comment_info":0,"uagb_excerpt":"O presidente em exerc\u00edcio convoca todos os cooperados aptos a votar e ser votado para participar de Assembleia Geral Extraordin\u00e1ria para discutir e decidir sobre presta\u00e7\u00e3o de contas, elei\u00e7\u00e3o de diretoria e do conselho fiscal, aquisi\u00e7\u00e3o de im\u00f3vel e reforma de Estatuto Social, conforme ata de convoca\u00e7\u00e3o a seguir: A reuni\u00e3o ocorrer\u00e1 na sede social&hellip;","jetpack_sharing_enabled":true,"jetpack_likes_enabled":true,"_links":{"self":[{"href":"https:\/\/blogopara.com.br\/index.php\/wp-json\/wp\/v2\/posts\/49192","targetHints":{"allow":["GET"]}}],"collection":[{"href":"https:\/\/blogopara.com.br\/index.php\/wp-json\/wp\/v2\/posts"}],"about":[{"href":"https:\/\/blogopara.com.br\/index.php\/wp-json\/wp\/v2\/types\/post"}],"author":[{"embeddable":true,"href":"https:\/\/blogopara.com.br\/index.php\/wp-json\/wp\/v2\/users\/1"}],"replies":[{"embeddable":true,"href":"https:\/\/blogopara.com.br\/index.php\/wp-json\/wp\/v2\/comments?post=49192"}],"version-history":[{"count":2,"href":"https:\/\/blogopara.com.br\/index.php\/wp-json\/wp\/v2\/posts\/49192\/revisions"}],"predecessor-version":[{"id":49198,"href":"https:\/\/blogopara.com.br\/index.php\/wp-json\/wp\/v2\/posts\/49192\/revisions\/49198"}],"wp:attachment":[{"href":"https:\/\/blogopara.com.br\/index.php\/wp-json\/wp\/v2\/media?parent=49192"}],"wp:term":[{"taxonomy":"category","embeddable":true,"href":"https:\/\/blogopara.com.br\/index.php\/wp-json\/wp\/v2\/categories?post=49192"},{"taxonomy":"post_tag","embeddable":true,"href":"https:\/\/blogopara.com.br\/index.php\/wp-json\/wp\/v2\/tags?post=49192"}],"curies":[{"name":"wp","href":"https:\/\/api.w.org\/{rel}","templated":true}]}}