{"id":4928,"date":"2019-11-20T11:30:34","date_gmt":"2019-11-20T14:30:34","guid":{"rendered":"http:\/\/blogopara.com.br\/?p=4928"},"modified":"2019-11-20T11:30:42","modified_gmt":"2019-11-20T14:30:42","slug":"juazeiro-funcionario-da-prefeitura-preso-na-operacao-da-pc-nao-tem-participacao-no-crime","status":"publish","type":"post","link":"https:\/\/blogopara.com.br\/index.php\/2019\/11\/20\/juazeiro-funcionario-da-prefeitura-preso-na-operacao-da-pc-nao-tem-participacao-no-crime","title":{"rendered":"JUAZEIRO: FUNCION\u00c1RIO DA PREFEITURA PRESO NA OPERA\u00c7\u00c3O DA PC, N\u00c3O TEM PARTICIPA\u00c7\u00c3O NO CRIME"},"content":{"rendered":"<p style=\"text-align: justify;\">Conforme foi amplamente divulgado na imprensa estadual nessa ter\u00e7a-feira (19), a pris\u00e3o de Edson Ferreira da Cunha, o mesmo estava sendo acusado de integrar uma quadrilha de roubo a bancos. O funcion\u00e1rio foi liberado na audi\u00eancia de custodia, pois n\u00e3o foi comprovada a sua participa\u00e7\u00e3o nos crimes imputados, raz\u00e3o pela qual o juiz decidiu por sua libera\u00e7\u00e3o.<\/p>\n<p style=\"text-align: justify;\">Ainda n\u00e3o se sabe como o nome Edson Ferreira comp\u00f4s a lista de criminosos presos e as raz\u00f5es que levaram a sua pris\u00e3o.<\/p>\n<p style=\"text-align: justify;\"><span style=\"font-size: inherit;\">Edson da Cunha \u00e9 coordenador da unidade de sa\u00fade do Distrito de Juremal, e est\u00e1 na prefeitura desde mar\u00e7o de 2009.<\/span><\/p>\n","protected":false},"excerpt":{"rendered":"<p>Conforme foi amplamente divulgado na imprensa estadual nessa ter\u00e7a-feira (19), a pris\u00e3o de Edson Ferreira da Cunha, o mesmo estava sendo acusado de integrar uma quadrilha de roubo a bancos. O funcion\u00e1rio foi liberado na audi\u00eancia de custodia, pois n\u00e3o foi comprovada a sua participa\u00e7\u00e3o nos crimes imputados, raz\u00e3o pela qual o juiz decidiu por [&hellip;]<\/p>\n","protected":false},"author":1,"featured_media":4929,"comment_status":"open","ping_status":"open","sticky":false,"template":"","format":"standard","meta":{"_uag_custom_page_level_css":"","_monsterinsights_skip_tracking":false,"_monsterinsights_sitenote_active":false,"_monsterinsights_sitenote_note":"","_monsterinsights_sitenote_category":0,"jetpack_post_was_ever_published":false,"_jetpack_newsletter_access":"","_jetpack_dont_email_post_to_subs":false,"_jetpack_newsletter_tier_id":0,"_jetpack_memberships_contains_paywalled_content":false,"_jetpack_memberships_contains_paid_content":false,"footnotes":"","jetpack_publicize_message":"","jetpack_publicize_feature_enabled":true,"jetpack_social_post_already_shared":true,"jetpack_social_options":{"image_generator_settings":{"template":"highway","default_image_id":0,"font":"","enabled":false},"version":2}},"categories":[203],"tags":[1232,170,935],"class_list":["post-4928","post","type-post","status-publish","format-standard","has-post-thumbnail","hentry","category-juazeiro","tag-inocente","tag-justica","tag-prisao"],"jetpack_publicize_connections":[],"jetpack_featured_media_url":"https:\/\/blogopara.com.br\/wp-content\/uploads\/2019\/11\/14705612_643584575802164_4143591551929671819_n.jpg","uagb_featured_image_src":{"full":["https:\/\/blogopara.com.br\/wp-content\/uploads\/2019\/11\/14705612_643584575802164_4143591551929671819_n.jpg",528,960,false],"thumbnail":["https:\/\/blogopara.com.br\/wp-content\/uploads\/2019\/11\/14705612_643584575802164_4143591551929671819_n-150x150.jpg",150,150,true],"medium":["https:\/\/blogopara.com.br\/wp-content\/uploads\/2019\/11\/14705612_643584575802164_4143591551929671819_n-165x300.jpg",165,300,true],"medium_large":["https:\/\/blogopara.com.br\/wp-content\/uploads\/2019\/11\/14705612_643584575802164_4143591551929671819_n.jpg",528,960,false],"large":["https:\/\/blogopara.com.br\/wp-content\/uploads\/2019\/11\/14705612_643584575802164_4143591551929671819_n.jpg",528,960,false],"1536x1536":["https:\/\/blogopara.com.br\/wp-content\/uploads\/2019\/11\/14705612_643584575802164_4143591551929671819_n.jpg",528,960,false],"2048x2048":["https:\/\/blogopara.com.br\/wp-content\/uploads\/2019\/11\/14705612_643584575802164_4143591551929671819_n.jpg",528,960,false],"mantranews-slider-large":["https:\/\/blogopara.com.br\/wp-content\/uploads\/2019\/11\/14705612_643584575802164_4143591551929671819_n.jpg",408,741,false],"mantranews-featured-medium":["https:\/\/blogopara.com.br\/wp-content\/uploads\/2019\/11\/14705612_643584575802164_4143591551929671819_n.jpg",169,307,false],"mantranews-featured-long":["https:\/\/blogopara.com.br\/wp-content\/uploads\/2019\/11\/14705612_643584575802164_4143591551929671819_n.jpg",244,443,false],"mantranews-block-medium":["https:\/\/blogopara.com.br\/wp-content\/uploads\/2019\/11\/14705612_643584575802164_4143591551929671819_n.jpg",160,290,false],"mantranews-carousel-image":["https:\/\/blogopara.com.br\/wp-content\/uploads\/2019\/11\/14705612_643584575802164_4143591551929671819_n.jpg",275,500,false],"mantranews-block-thumb":["https:\/\/blogopara.com.br\/wp-content\/uploads\/2019\/11\/14705612_643584575802164_4143591551929671819_n.jpg",127,230,false],"mantranews-single-large":["https:\/\/blogopara.com.br\/wp-content\/uploads\/2019\/11\/14705612_643584575802164_4143591551929671819_n.jpg",353,642,false]},"uagb_author_info":{"display_name":"Reda\u00e7\u00e3o geral","author_link":"https:\/\/blogopara.com.br\/index.php\/author\/blogopara"},"uagb_comment_info":21,"uagb_excerpt":"Conforme foi amplamente divulgado na imprensa estadual nessa ter\u00e7a-feira (19), a pris\u00e3o de Edson Ferreira da Cunha, o mesmo estava sendo acusado de integrar uma quadrilha de roubo a bancos. O funcion\u00e1rio foi liberado na audi\u00eancia de custodia, pois n\u00e3o foi comprovada a sua participa\u00e7\u00e3o nos crimes imputados, raz\u00e3o pela qual o juiz decidiu por&hellip;","jetpack_sharing_enabled":true,"jetpack_likes_enabled":true,"_links":{"self":[{"href":"https:\/\/blogopara.com.br\/index.php\/wp-json\/wp\/v2\/posts\/4928","targetHints":{"allow":["GET"]}}],"collection":[{"href":"https:\/\/blogopara.com.br\/index.php\/wp-json\/wp\/v2\/posts"}],"about":[{"href":"https:\/\/blogopara.com.br\/index.php\/wp-json\/wp\/v2\/types\/post"}],"author":[{"embeddable":true,"href":"https:\/\/blogopara.com.br\/index.php\/wp-json\/wp\/v2\/users\/1"}],"replies":[{"embeddable":true,"href":"https:\/\/blogopara.com.br\/index.php\/wp-json\/wp\/v2\/comments?post=4928"}],"version-history":[{"count":1,"href":"https:\/\/blogopara.com.br\/index.php\/wp-json\/wp\/v2\/posts\/4928\/revisions"}],"predecessor-version":[{"id":4930,"href":"https:\/\/blogopara.com.br\/index.php\/wp-json\/wp\/v2\/posts\/4928\/revisions\/4930"}],"wp:featuredmedia":[{"embeddable":true,"href":"https:\/\/blogopara.com.br\/index.php\/wp-json\/wp\/v2\/media\/4929"}],"wp:attachment":[{"href":"https:\/\/blogopara.com.br\/index.php\/wp-json\/wp\/v2\/media?parent=4928"}],"wp:term":[{"taxonomy":"category","embeddable":true,"href":"https:\/\/blogopara.com.br\/index.php\/wp-json\/wp\/v2\/categories?post=4928"},{"taxonomy":"post_tag","embeddable":true,"href":"https:\/\/blogopara.com.br\/index.php\/wp-json\/wp\/v2\/tags?post=4928"}],"curies":[{"name":"wp","href":"https:\/\/api.w.org\/{rel}","templated":true}]}}