{"id":49500,"date":"2023-02-09T17:41:00","date_gmt":"2023-02-09T20:41:00","guid":{"rendered":"https:\/\/blogopara.com.br\/?p=49500"},"modified":"2023-02-09T07:43:53","modified_gmt":"2023-02-09T10:43:53","slug":"segundo-dia-de-jornada-pedagogica-em-juazeiro-destaca-ludicidade-inclusao-e-aprendizagens-multiplas-na-educacao-infantil","status":"publish","type":"post","link":"https:\/\/blogopara.com.br\/index.php\/2023\/02\/09\/segundo-dia-de-jornada-pedagogica-em-juazeiro-destaca-ludicidade-inclusao-e-aprendizagens-multiplas-na-educacao-infantil","title":{"rendered":"Segundo dia de Jornada Pedag\u00f3gica em Juazeiro destaca ludicidade, inclus\u00e3o e aprendizagens m\u00faltiplas na Educa\u00e7\u00e3o Infantil"},"content":{"rendered":"<p style=\"text-align: justify;\">O segundo dia da Jornada Pedag\u00f3gica 2023, promovida pela Prefeitura de Juazeiro, atrav\u00e9s da Secretaria de Educa\u00e7\u00e3o e Juventude (Seduc), abordou a ludicidade, inclus\u00e3o e aprendizagens m\u00faltiplas na Educa\u00e7\u00e3o Infantil e contou com a participa\u00e7\u00e3o do grupo curitibano Tupi Perer\u00ea.<\/p>\n<p style=\"text-align: justify;\">Com o tema &#8216;Educar e cuidar no caminho do novo aprender&#8217;, o evento acontece na Ch\u00e1cara Bougainville at\u00e9 quinta-feira (9) e re\u00fane cerca de 2 mil servidores da rede municipal de educa\u00e7\u00e3o.<\/p>\n<p style=\"text-align: justify;\">A superintendente de Ensino da Seduc, Willany Cunha, falou sobre a felicidade de realizar mais uma Jornada Pedag\u00f3gica. &#8220;Estamos muito felizes em dar continuidade \u00e0 Jornada Pedag\u00f3gica com muitas surpresas e an\u00fancios para os professores, mas tamb\u00e9m conte\u00fado. Nossa proposi\u00e7\u00e3o em todo o evento \u00e9 de muita integra\u00e7\u00e3o e de momentos motivadores para que o professor v\u00e1 para a sala de aula cada vez mais preparado para a miss\u00e3o do educar&#8221;, disse.<\/p>\n<p style=\"text-align: justify;\">Convidado para o evento, o grupo Tupi Perer\u00ea fez a alegria do p\u00fablico em uma apresenta\u00e7\u00e3o repleta de brincadeiras e can\u00e7\u00f5es do repert\u00f3rio popular. &#8220;N\u00f3s trabalhamos com dois temas bem centrais que s\u00e3o temas da minha pesquisa e do Tupi, que \u00e9 a crian\u00e7a e a inf\u00e2ncia, e a arte \u00e9 a costura disso tudo. O que buscamos \u00e9 fazer com que os professores entendam as concep\u00e7\u00f5es, acreditem na pot\u00eancia das crian\u00e7as e da inf\u00e2ncia, para que termos uma escola mais din\u00e2mica, mais criativa e com crian\u00e7as mais protagonistas&#8221;, pontuou o artista e professor, Guga Cidral, que ministrou a palestra &#8216;Arte, Inf\u00e2ncia e Educa\u00e7\u00e3o&#8217;.<\/p>\n<p style=\"text-align: justify;\">A atividade ministrada pelo grupo Tupi Perer\u00ea teve como p\u00fablico-alvo os professores da Educa\u00e7\u00e3o Infantil, como Magali Rios, educadora da EMEI Maria Julia Rodrigues Tanuri. &#8220;Esse foi um momento \u00edmpar para n\u00f3s professores sermos recebidos assim com tanta alegria, com tanto entusiasmo. Isso nos motiva a estar de volta para o ano letivo 2023, que promete muita alegria, muito trabalho e muita din\u00e2mica. E a m\u00fasica na educa\u00e7\u00e3o infantil \u00e9 tudo&#8221;, frisou a professora.<\/p>\n<p style=\"text-align: justify;\">Palestras<\/p>\n<p style=\"text-align: justify;\">A programa\u00e7\u00e3o seguiu com uma palestra ministrada pela professora da rede municipal de ensino, e tamb\u00e9m doutoranda em Tecnologia da Educa\u00e7\u00e3o, Lindsai Amaral, que trouxe contribui\u00e7\u00f5es atrav\u00e9s da tem\u00e1tica: &#8216;Metodologias ativas: planejamento para a promo\u00e7\u00e3o de aprendizagem significativa&#8217;, compartilhando estrat\u00e9gias de aprendizagens m\u00faltiplas, inovadoras e assertivas.<\/p>\n<p style=\"text-align: justify;\">Finalizando o segundo dia da Jornada Pedag\u00f3gica, a palestrante, pedagoga, especialista em sa\u00fade mental, mestra em Educa\u00e7\u00e3o, e tamb\u00e9m professora da rede municipal de ensino, Jussya Rodrigues, falou sobre &#8220;Transtornos da aprendizagem: conceito, condu\u00e7\u00e3o e inclus\u00e3o&#8221;, e enfatizou a necessidade de todas as crian\u00e7as terem o direito ao acesso a educa\u00e7\u00e3o de qualidade, considerando as especificidades e pluralidades do ensino.<\/p>\n<p style=\"text-align: justify;\">Professor de matem\u00e1tica, na Escola Municipal Graciosa Xavier Ramos Gomes, localizada no interior do munic\u00edpio, em Carna\u00edba do Sert\u00e3o, Maike Oliveira avaliou a iniciativa. &#8220;Entrei para a rede municipal de ensino recentemente atrav\u00e9s da convoca\u00e7\u00e3o do concurso da Educa\u00e7\u00e3o, e estou achando a Jornada Pedag\u00f3gica espetacular. Uma programa\u00e7\u00e3o incr\u00edvel, que est\u00e1 agregando muito conhecimento, al\u00e9m de trazer novidades motivadoras para o exerc\u00edcio de nossas atividades&#8221;, disse Maike.<\/p>\n<p style=\"text-align: justify;\">\n<div>\n<div id=\"denakop-auto-intext-c3c490f5-979b-4d99-a419-fd239e9282d4\" style=\"text-align: justify;\" data-google-query-id=\"CM6AkK2giP0CFVS3lQIdKJ8FPg\"><\/div>\n<\/div>\n","protected":false},"excerpt":{"rendered":"<p>O segundo dia da Jornada Pedag\u00f3gica 2023, promovida pela Prefeitura de Juazeiro, atrav\u00e9s da Secretaria de Educa\u00e7\u00e3o e Juventude (Seduc), abordou a ludicidade, inclus\u00e3o e aprendizagens m\u00faltiplas na Educa\u00e7\u00e3o Infantil e contou com a participa\u00e7\u00e3o do grupo curitibano Tupi Perer\u00ea. Com o tema &#8216;Educar e cuidar no caminho do novo aprender&#8217;, o evento acontece na [&hellip;]<\/p>\n","protected":false},"author":1,"featured_media":49501,"comment_status":"closed","ping_status":"open","sticky":false,"template":"","format":"standard","meta":{"_uag_custom_page_level_css":"","_monsterinsights_skip_tracking":false,"_monsterinsights_sitenote_active":false,"_monsterinsights_sitenote_note":"","_monsterinsights_sitenote_category":0,"jetpack_post_was_ever_published":false,"_jetpack_newsletter_access":"","_jetpack_dont_email_post_to_subs":false,"_jetpack_newsletter_tier_id":0,"_jetpack_memberships_contains_paywalled_content":false,"_jetpack_memberships_contains_paid_content":false,"footnotes":"","jetpack_publicize_message":"","jetpack_publicize_feature_enabled":true,"jetpack_social_post_already_shared":true,"jetpack_social_options":{"image_generator_settings":{"template":"highway","default_image_id":0,"font":"","enabled":false},"version":2}},"categories":[209,203],"tags":[],"class_list":["post-49500","post","type-post","status-publish","format-standard","has-post-thumbnail","hentry","category-educacao","category-juazeiro"],"jetpack_publicize_connections":[],"jetpack_featured_media_url":"https:\/\/blogopara.com.br\/wp-content\/uploads\/2023\/02\/jornada6-1.jpg","uagb_featured_image_src":{"full":["https:\/\/blogopara.com.br\/wp-content\/uploads\/2023\/02\/jornada6-1.jpg",500,334,false],"thumbnail":["https:\/\/blogopara.com.br\/wp-content\/uploads\/2023\/02\/jornada6-1-150x150.jpg",150,150,true],"medium":["https:\/\/blogopara.com.br\/wp-content\/uploads\/2023\/02\/jornada6-1-300x200.jpg",300,200,true],"medium_large":["https:\/\/blogopara.com.br\/wp-content\/uploads\/2023\/02\/jornada6-1.jpg",500,334,false],"large":["https:\/\/blogopara.com.br\/wp-content\/uploads\/2023\/02\/jornada6-1.jpg",500,334,false],"1536x1536":["https:\/\/blogopara.com.br\/wp-content\/uploads\/2023\/02\/jornada6-1.jpg",500,334,false],"2048x2048":["https:\/\/blogopara.com.br\/wp-content\/uploads\/2023\/02\/jornada6-1.jpg",500,334,false],"mantranews-slider-large":["https:\/\/blogopara.com.br\/wp-content\/uploads\/2023\/02\/jornada6-1.jpg",500,334,false],"mantranews-featured-medium":["https:\/\/blogopara.com.br\/wp-content\/uploads\/2023\/02\/jornada6-1-420x307.jpg",420,307,true],"mantranews-featured-long":["https:\/\/blogopara.com.br\/wp-content\/uploads\/2023\/02\/jornada6-1-300x334.jpg",300,334,true],"mantranews-block-medium":["https:\/\/blogopara.com.br\/wp-content\/uploads\/2023\/02\/jornada6-1-464x290.jpg",464,290,true],"mantranews-carousel-image":["https:\/\/blogopara.com.br\/wp-content\/uploads\/2023\/02\/jornada6-1.jpg",500,334,false],"mantranews-block-thumb":["https:\/\/blogopara.com.br\/wp-content\/uploads\/2023\/02\/jornada6-1-322x230.jpg",322,230,true],"mantranews-single-large":["https:\/\/blogopara.com.br\/wp-content\/uploads\/2023\/02\/jornada6-1.jpg",500,334,false]},"uagb_author_info":{"display_name":"Reda\u00e7\u00e3o geral","author_link":"https:\/\/blogopara.com.br\/index.php\/author\/blogopara"},"uagb_comment_info":0,"uagb_excerpt":"O segundo dia da Jornada Pedag\u00f3gica 2023, promovida pela Prefeitura de Juazeiro, atrav\u00e9s da Secretaria de Educa\u00e7\u00e3o e Juventude (Seduc), abordou a ludicidade, inclus\u00e3o e aprendizagens m\u00faltiplas na Educa\u00e7\u00e3o Infantil e contou com a participa\u00e7\u00e3o do grupo curitibano Tupi Perer\u00ea. Com o tema &#8216;Educar e cuidar no caminho do novo aprender&#8217;, o evento acontece na&hellip;","jetpack_sharing_enabled":true,"jetpack_likes_enabled":true,"_links":{"self":[{"href":"https:\/\/blogopara.com.br\/index.php\/wp-json\/wp\/v2\/posts\/49500","targetHints":{"allow":["GET"]}}],"collection":[{"href":"https:\/\/blogopara.com.br\/index.php\/wp-json\/wp\/v2\/posts"}],"about":[{"href":"https:\/\/blogopara.com.br\/index.php\/wp-json\/wp\/v2\/types\/post"}],"author":[{"embeddable":true,"href":"https:\/\/blogopara.com.br\/index.php\/wp-json\/wp\/v2\/users\/1"}],"replies":[{"embeddable":true,"href":"https:\/\/blogopara.com.br\/index.php\/wp-json\/wp\/v2\/comments?post=49500"}],"version-history":[{"count":1,"href":"https:\/\/blogopara.com.br\/index.php\/wp-json\/wp\/v2\/posts\/49500\/revisions"}],"predecessor-version":[{"id":49502,"href":"https:\/\/blogopara.com.br\/index.php\/wp-json\/wp\/v2\/posts\/49500\/revisions\/49502"}],"wp:featuredmedia":[{"embeddable":true,"href":"https:\/\/blogopara.com.br\/index.php\/wp-json\/wp\/v2\/media\/49501"}],"wp:attachment":[{"href":"https:\/\/blogopara.com.br\/index.php\/wp-json\/wp\/v2\/media?parent=49500"}],"wp:term":[{"taxonomy":"category","embeddable":true,"href":"https:\/\/blogopara.com.br\/index.php\/wp-json\/wp\/v2\/categories?post=49500"},{"taxonomy":"post_tag","embeddable":true,"href":"https:\/\/blogopara.com.br\/index.php\/wp-json\/wp\/v2\/tags?post=49500"}],"curies":[{"name":"wp","href":"https:\/\/api.w.org\/{rel}","templated":true}]}}