{"id":49540,"date":"2023-02-10T14:00:00","date_gmt":"2023-02-10T17:00:00","guid":{"rendered":"https:\/\/blogopara.com.br\/?p=49540"},"modified":"2023-02-10T00:36:06","modified_gmt":"2023-02-10T03:36:06","slug":"inflacao-sobe-053-em-janeiro-com-pressao-de-alimentos","status":"publish","type":"post","link":"https:\/\/blogopara.com.br\/index.php\/2023\/02\/10\/inflacao-sobe-053-em-janeiro-com-pressao-de-alimentos","title":{"rendered":"Infla\u00e7\u00e3o sobe 0,53% em janeiro com press\u00e3o de alimentos"},"content":{"rendered":"<p style=\"text-align: justify;\">A infla\u00e7\u00e3o oficial do Brasil, medida pelo IPCA (\u00cdndice Nacional de Pre\u00e7os ao Consumidor Amplo), teve alta de 0,53% em janeiro, o primeiro m\u00eas do governo Luiz In\u00e1cio Lula da Silva (PT).<\/p>\n<p style=\"text-align: justify;\">O resultado foi divulgado pelo IBGE (Instituto Brasileiro de Geografia e Estat\u00edstica) na manh\u00e3 desta quinta-feira (9).<\/p>\n<p style=\"text-align: justify;\">Analistas consultados pela ag\u00eancia Bloomberg projetavam infla\u00e7\u00e3o de 0,56% no m\u00eas passado, ap\u00f3s a alta de 0,62% registrada em dezembro.<\/p>\n<p style=\"text-align: justify;\">Em 12 meses, o IPCA acumulou avan\u00e7o de 5,77% at\u00e9 janeiro, conforme o IBGE. Nesse recorte, a varia\u00e7\u00e3o era de 5,79% at\u00e9 a divulga\u00e7\u00e3o anterior.<\/p>\n<p style=\"text-align: justify;\">O \u00edndice acumulado est\u00e1 acima da meta de infla\u00e7\u00e3o perseguida pelo BC (Banco Central) para 2023. O centro da medida de refer\u00eancia \u00e9 de 3,25% neste ano. O intervalo de toler\u00e2ncia \u00e9 de 1,5 ponto percentual para mais (4,75%) ou para menos (1,75%).<\/p>\n<h4 style=\"text-align: justify;\">Lula sobe tom contra BC<\/h4>\n<p style=\"text-align: justify;\">O&nbsp;<a class=\"link  yahoo-link\" href=\"https:\/\/br.financas.yahoo.com\/noticias\/lula-v%C3%AA-trai%C3%A7%C3%A3o-presidente-bc-010500180.html\" data-i13n=\"cpos:1;pos:1\" data-ylk=\"slk:BC, ali\u00e1s, virou alvo de cr\u00edticas de Lula;cpos:1;pos:1;outcm:mb_qualified_link;_E:mb_qualified_link;ct:story;\" data-rapid_p=\"6\" data-v9y=\"1\">BC, ali\u00e1s, virou alvo de cr\u00edticas de Lula<\/a>. Para tentar conter a infla\u00e7\u00e3o no pa\u00eds, a autoridade monet\u00e1ria vem deixando a taxa b\u00e1sica de juros (Selic) em 13,75% ao ano. A reuni\u00e3o mais recente do Copom (Comit\u00ea de Pol\u00edtica Monet\u00e1ria do BC) ocorreu na semana passada. Foi o primeiro encontro desde o in\u00edcio do governo Lula.<\/p>\n<p style=\"text-align: justify;\">Na segunda-feira (6), o&nbsp;<a class=\"link  yahoo-link\" href=\"https:\/\/br.financas.yahoo.com\/noticias\/%C3%A9-uma-vergonha-esse-aumento-234000944.html\" data-i13n=\"cpos:2;pos:1\" data-ylk=\"slk:presidente chamou de &quot;vergonha&quot; o n\u00edvel atual da Selic;cpos:2;pos:1;outcm:mb_qualified_link;_E:mb_qualified_link;ct:story;\" data-rapid_p=\"7\" data-v9y=\"1\">presidente chamou de &#8220;vergonha&#8221; o n\u00edvel atual da Selic<\/a>. Lula ainda conclamou o empresariado a fazer cobran\u00e7as sobre os juros altos.<\/p>\n<p style=\"text-align: justify;\">A eleva\u00e7\u00e3o da Selic \u00e9 o instrumento do BC para tentar esfriar a demanda por bens e servi\u00e7os e, assim, conter os pre\u00e7os e ancorar as expectativas de infla\u00e7\u00e3o. O poss\u00edvel efeito colateral \u00e9 a perda de f\u00f4lego da atividade econ\u00f4mica, porque o custo do cr\u00e9dito fica mais alto para empresas e consumidores.<\/p>\n<p style=\"text-align: justify;\">A economia j\u00e1 vinha mostrando sinais de desacelera\u00e7\u00e3o antes de Lula assumir a Presid\u00eancia. As cr\u00edticas do petista \u00e0 atua\u00e7\u00e3o do BC, por\u00e9m, t\u00eam ampliado expectativas de infla\u00e7\u00e3o e pressionado os juros.<\/p>\n<p style=\"text-align: justify;\">O movimento gera um reflexo contr\u00e1rio ao pretendido pelo governo. O discurso traz risco de press\u00e3o sobre o d\u00f3lar, que impacta pre\u00e7os de alimentos. A infla\u00e7\u00e3o da comida afeta principalmente a popula\u00e7\u00e3o pobre, camada da sociedade na qual Lula encontra apoio.<\/p>\n<p style=\"text-align: justify;\">O mercado financeiro elevou a perspectiva para o IPCA acumulado em 2023 a 5,78%, conforme a edi\u00e7\u00e3o mais recente do boletim Focus, divulgada pelo BC na segunda-feira. Foi a oitava alta consecutiva na proje\u00e7\u00e3o.<\/p>\n<p style=\"text-align: justify;\"><em>Fonte: Folhapress<\/em><\/p>\n\n\n<p><a rel=\"noreferrer noopener\" href=\"mailto:?subject=Infla%C3%A7%C3%A3o%20sobe%200%2C53%25%20em%20janeiro%20com%20press%C3%A3o%20de%20alimentos&amp;body=https%3A%2F%2Fbr.noticias.yahoo.com%2Finfla%25C3%25A7%25C3%25A3o-sobe-0-53-em-121600677.html%3Fsoc_src%3Dsocial-sh%26soc_trk%3Dma\" target=\"_blank\"><\/a><\/p>\n","protected":false},"excerpt":{"rendered":"<p>A infla\u00e7\u00e3o oficial do Brasil, medida pelo IPCA (\u00cdndice Nacional de Pre\u00e7os ao Consumidor Amplo), teve alta de 0,53% em janeiro, o primeiro m\u00eas do governo Luiz In\u00e1cio Lula da Silva (PT). O resultado foi divulgado pelo IBGE (Instituto Brasileiro de Geografia e Estat\u00edstica) na manh\u00e3 desta quinta-feira (9). Analistas consultados pela ag\u00eancia Bloomberg projetavam [&hellip;]<\/p>\n","protected":false},"author":1,"featured_media":49543,"comment_status":"closed","ping_status":"open","sticky":false,"template":"","format":"standard","meta":{"_uag_custom_page_level_css":"","_monsterinsights_skip_tracking":false,"_monsterinsights_sitenote_active":false,"_monsterinsights_sitenote_note":"","_monsterinsights_sitenote_category":0,"jetpack_post_was_ever_published":false,"_jetpack_newsletter_access":"","_jetpack_dont_email_post_to_subs":false,"_jetpack_newsletter_tier_id":0,"_jetpack_memberships_contains_paywalled_content":false,"_jetpack_memberships_contains_paid_content":false,"footnotes":"","jetpack_publicize_message":"","jetpack_publicize_feature_enabled":true,"jetpack_social_post_already_shared":true,"jetpack_social_options":{"image_generator_settings":{"template":"highway","default_image_id":0,"font":"","enabled":false},"version":2}},"categories":[200,206],"tags":[2355,24,5685,8254],"class_list":["post-49540","post","type-post","status-publish","format-standard","has-post-thumbnail","hentry","category-brasil","category-economia","tag-alimentos","tag-economia","tag-inflacao","tag-janeiro"],"jetpack_publicize_connections":[],"jetpack_featured_media_url":"https:\/\/blogopara.com.br\/wp-content\/uploads\/2023\/02\/compras.jpg","uagb_featured_image_src":{"full":["https:\/\/blogopara.com.br\/wp-content\/uploads\/2023\/02\/compras.jpg",500,300,false],"thumbnail":["https:\/\/blogopara.com.br\/wp-content\/uploads\/2023\/02\/compras-150x150.jpg",150,150,true],"medium":["https:\/\/blogopara.com.br\/wp-content\/uploads\/2023\/02\/compras-300x180.jpg",300,180,true],"medium_large":["https:\/\/blogopara.com.br\/wp-content\/uploads\/2023\/02\/compras.jpg",500,300,false],"large":["https:\/\/blogopara.com.br\/wp-content\/uploads\/2023\/02\/compras.jpg",500,300,false],"1536x1536":["https:\/\/blogopara.com.br\/wp-content\/uploads\/2023\/02\/compras.jpg",500,300,false],"2048x2048":["https:\/\/blogopara.com.br\/wp-content\/uploads\/2023\/02\/compras.jpg",500,300,false],"mantranews-slider-large":["https:\/\/blogopara.com.br\/wp-content\/uploads\/2023\/02\/compras.jpg",500,300,false],"mantranews-featured-medium":["https:\/\/blogopara.com.br\/wp-content\/uploads\/2023\/02\/compras-420x300.jpg",420,300,true],"mantranews-featured-long":["https:\/\/blogopara.com.br\/wp-content\/uploads\/2023\/02\/compras-300x300.jpg",300,300,true],"mantranews-block-medium":["https:\/\/blogopara.com.br\/wp-content\/uploads\/2023\/02\/compras-464x290.jpg",464,290,true],"mantranews-carousel-image":["https:\/\/blogopara.com.br\/wp-content\/uploads\/2023\/02\/compras.jpg",500,300,false],"mantranews-block-thumb":["https:\/\/blogopara.com.br\/wp-content\/uploads\/2023\/02\/compras-322x230.jpg",322,230,true],"mantranews-single-large":["https:\/\/blogopara.com.br\/wp-content\/uploads\/2023\/02\/compras.jpg",500,300,false]},"uagb_author_info":{"display_name":"Reda\u00e7\u00e3o geral","author_link":"https:\/\/blogopara.com.br\/index.php\/author\/blogopara"},"uagb_comment_info":0,"uagb_excerpt":"A infla\u00e7\u00e3o oficial do Brasil, medida pelo IPCA (\u00cdndice Nacional de Pre\u00e7os ao Consumidor Amplo), teve alta de 0,53% em janeiro, o primeiro m\u00eas do governo Luiz In\u00e1cio Lula da Silva (PT). O resultado foi divulgado pelo IBGE (Instituto Brasileiro de Geografia e Estat\u00edstica) na manh\u00e3 desta quinta-feira (9). Analistas consultados pela ag\u00eancia Bloomberg projetavam&hellip;","jetpack_sharing_enabled":true,"jetpack_likes_enabled":true,"_links":{"self":[{"href":"https:\/\/blogopara.com.br\/index.php\/wp-json\/wp\/v2\/posts\/49540","targetHints":{"allow":["GET"]}}],"collection":[{"href":"https:\/\/blogopara.com.br\/index.php\/wp-json\/wp\/v2\/posts"}],"about":[{"href":"https:\/\/blogopara.com.br\/index.php\/wp-json\/wp\/v2\/types\/post"}],"author":[{"embeddable":true,"href":"https:\/\/blogopara.com.br\/index.php\/wp-json\/wp\/v2\/users\/1"}],"replies":[{"embeddable":true,"href":"https:\/\/blogopara.com.br\/index.php\/wp-json\/wp\/v2\/comments?post=49540"}],"version-history":[{"count":2,"href":"https:\/\/blogopara.com.br\/index.php\/wp-json\/wp\/v2\/posts\/49540\/revisions"}],"predecessor-version":[{"id":49544,"href":"https:\/\/blogopara.com.br\/index.php\/wp-json\/wp\/v2\/posts\/49540\/revisions\/49544"}],"wp:featuredmedia":[{"embeddable":true,"href":"https:\/\/blogopara.com.br\/index.php\/wp-json\/wp\/v2\/media\/49543"}],"wp:attachment":[{"href":"https:\/\/blogopara.com.br\/index.php\/wp-json\/wp\/v2\/media?parent=49540"}],"wp:term":[{"taxonomy":"category","embeddable":true,"href":"https:\/\/blogopara.com.br\/index.php\/wp-json\/wp\/v2\/categories?post=49540"},{"taxonomy":"post_tag","embeddable":true,"href":"https:\/\/blogopara.com.br\/index.php\/wp-json\/wp\/v2\/tags?post=49540"}],"curies":[{"name":"wp","href":"https:\/\/api.w.org\/{rel}","templated":true}]}}