{"id":49545,"date":"2023-02-10T15:00:00","date_gmt":"2023-02-10T18:00:00","guid":{"rendered":"https:\/\/blogopara.com.br\/?p=49545"},"modified":"2023-02-10T00:38:41","modified_gmt":"2023-02-10T03:38:41","slug":"justica-decreta-a-falencia-da-livraria-cultura-dividas-somam-r-285-milhoes","status":"publish","type":"post","link":"https:\/\/blogopara.com.br\/index.php\/2023\/02\/10\/justica-decreta-a-falencia-da-livraria-cultura-dividas-somam-r-285-milhoes","title":{"rendered":"Justi\u00e7a decreta a fal\u00eancia da Livraria Cultura; d\u00edvidas somam R$ 285 milh\u00f5es"},"content":{"rendered":"<p style=\"text-align: justify;\">A Justi\u00e7a decretou a\u00a0fal\u00eancia\u00a0da\u00a0Livraria Cultura\u00a0nesta quinta-feira (9). A empresa apontou a queda de vendas de livros e a crise econ\u00f4mica brasileira desde 2014 como os motivos que selaram seu destino. A companhia ainda pode recorrer da decis\u00e3o.<\/p>\n<p style=\"text-align: justify;\">A senten\u00e7a foi do juiz Ralpho Waldo De Barros Monteiro Filho, da 2\u00aa Vara de Fal\u00eancias e Recupera\u00e7\u00f5es Judiciais de S\u00e3o Paulo. Segundo especialistas ouvidos pelo Estad\u00e3o, a Livraria Cultura dava sinais de que n\u00e3o conseguiria honrar os pagamentos previstos no plano de\u00a0recupera\u00e7\u00e3o judicial\u00a0desde 2019.<\/p>\n<p style=\"text-align: justify;\">\u201c\u00c9 uma convola\u00e7\u00e3o cl\u00e1ssica: descumprimento de plano. O juiz deu oportunidades para se manifestarem, mas eles n\u00e3o apresentaram elementos fortes para manter a recupera\u00e7\u00e3o judicial\u201d, afirma Renato Leopoldo e Silva, l\u00edder de contencioso empresarial c\u00edvel, recupera\u00e7\u00e3o judicial e arbitragem do escrit\u00f3rio DSA Advogados.<\/p>\n<p style=\"text-align: justify;\">O pagamento de direitos trabalhistas e demais credores depender\u00e1 do caixa da empresa. \u201cNa fal\u00eancia, a ordem estabelecida em lei diz que h\u00e1 prefer\u00eancia nos pagamentos. Primeiro, vem os trabalhadores (150 sal\u00e1rios m\u00ednimos por credor), e depois os cr\u00e9ditos com garantia real, os cr\u00e9ditos tribut\u00e1rios e os quirograf\u00e1rios (fornecedores e prestadores de servi\u00e7o)\u201d, afirma Adriana Conrado Zamponi, s\u00f3cia de Wald, Antunes, Vita e Blattner Advogados. \u201cA fal\u00eancia \u00e9 sempre a pior situa\u00e7\u00e3o para todos. Na recupera\u00e7\u00e3o judicial, mesmo com des\u00e1gio no pagamento de valores, \u00e9 melhor do que a fal\u00eancia.\u201d<\/p>\n<p style=\"text-align: justify;\">A Livraria Cultura tem uma unidade em S\u00e3o Paulo, no Conjunto Nacional, e outra em Porto Alegre (RS). Se a decis\u00e3o de fal\u00eancia for mantida, as lojas devem ser lacradas em breve.<\/p>\n<p style=\"text-align: justify;\">No pedido de recupera\u00e7\u00e3o judicial, a empresa declarou ter R$ 285,4 milh\u00f5es em d\u00edvidas. A companhia ter\u00e1 dois dias para identificar e avaliar seus bens. Podem ser vendidos im\u00f3veis, estoque e at\u00e9 sua marca. O processo de fal\u00eancia ser\u00e1 feito pela Laspro Consultores.<\/p>\n<p><em>Fonte: CNN Brasil<\/em><\/p>\n","protected":false},"excerpt":{"rendered":"<p>A Justi\u00e7a decretou a\u00a0fal\u00eancia\u00a0da\u00a0Livraria Cultura\u00a0nesta quinta-feira (9). A empresa apontou a queda de vendas de livros e a crise econ\u00f4mica brasileira desde 2014 como os motivos que selaram seu destino. A companhia ainda pode recorrer da decis\u00e3o. A senten\u00e7a foi do juiz Ralpho Waldo De Barros Monteiro Filho, da 2\u00aa Vara de Fal\u00eancias e Recupera\u00e7\u00f5es [&hellip;]<\/p>\n","protected":false},"author":1,"featured_media":49546,"comment_status":"closed","ping_status":"open","sticky":false,"template":"","format":"standard","meta":{"_uag_custom_page_level_css":"","_monsterinsights_skip_tracking":false,"_monsterinsights_sitenote_active":false,"_monsterinsights_sitenote_note":"","_monsterinsights_sitenote_category":0,"jetpack_post_was_ever_published":false,"_jetpack_newsletter_access":"","_jetpack_dont_email_post_to_subs":false,"_jetpack_newsletter_tier_id":0,"_jetpack_memberships_contains_paywalled_content":false,"_jetpack_memberships_contains_paid_content":false,"footnotes":"","jetpack_publicize_message":"","jetpack_publicize_feature_enabled":true,"jetpack_social_post_already_shared":true,"jetpack_social_options":{"image_generator_settings":{"template":"highway","default_image_id":0,"font":"","enabled":false},"version":2}},"categories":[200,210],"tags":[10659,170,10658],"class_list":["post-49545","post","type-post","status-publish","format-standard","has-post-thumbnail","hentry","category-brasil","category-justica","tag-falencia","tag-justica","tag-livraria-cultura"],"jetpack_publicize_connections":[],"jetpack_featured_media_url":"https:\/\/blogopara.com.br\/wp-content\/uploads\/2023\/02\/livrariaculturall.jpg","uagb_featured_image_src":{"full":["https:\/\/blogopara.com.br\/wp-content\/uploads\/2023\/02\/livrariaculturall.jpg",500,300,false],"thumbnail":["https:\/\/blogopara.com.br\/wp-content\/uploads\/2023\/02\/livrariaculturall-150x150.jpg",150,150,true],"medium":["https:\/\/blogopara.com.br\/wp-content\/uploads\/2023\/02\/livrariaculturall-300x180.jpg",300,180,true],"medium_large":["https:\/\/blogopara.com.br\/wp-content\/uploads\/2023\/02\/livrariaculturall.jpg",500,300,false],"large":["https:\/\/blogopara.com.br\/wp-content\/uploads\/2023\/02\/livrariaculturall.jpg",500,300,false],"1536x1536":["https:\/\/blogopara.com.br\/wp-content\/uploads\/2023\/02\/livrariaculturall.jpg",500,300,false],"2048x2048":["https:\/\/blogopara.com.br\/wp-content\/uploads\/2023\/02\/livrariaculturall.jpg",500,300,false],"mantranews-slider-large":["https:\/\/blogopara.com.br\/wp-content\/uploads\/2023\/02\/livrariaculturall.jpg",500,300,false],"mantranews-featured-medium":["https:\/\/blogopara.com.br\/wp-content\/uploads\/2023\/02\/livrariaculturall-420x300.jpg",420,300,true],"mantranews-featured-long":["https:\/\/blogopara.com.br\/wp-content\/uploads\/2023\/02\/livrariaculturall-300x300.jpg",300,300,true],"mantranews-block-medium":["https:\/\/blogopara.com.br\/wp-content\/uploads\/2023\/02\/livrariaculturall-464x290.jpg",464,290,true],"mantranews-carousel-image":["https:\/\/blogopara.com.br\/wp-content\/uploads\/2023\/02\/livrariaculturall.jpg",500,300,false],"mantranews-block-thumb":["https:\/\/blogopara.com.br\/wp-content\/uploads\/2023\/02\/livrariaculturall-322x230.jpg",322,230,true],"mantranews-single-large":["https:\/\/blogopara.com.br\/wp-content\/uploads\/2023\/02\/livrariaculturall.jpg",500,300,false]},"uagb_author_info":{"display_name":"Reda\u00e7\u00e3o geral","author_link":"https:\/\/blogopara.com.br\/index.php\/author\/blogopara"},"uagb_comment_info":0,"uagb_excerpt":"A Justi\u00e7a decretou a\u00a0fal\u00eancia\u00a0da\u00a0Livraria Cultura\u00a0nesta quinta-feira (9). A empresa apontou a queda de vendas de livros e a crise econ\u00f4mica brasileira desde 2014 como os motivos que selaram seu destino. A companhia ainda pode recorrer da decis\u00e3o. A senten\u00e7a foi do juiz Ralpho Waldo De Barros Monteiro Filho, da 2\u00aa Vara de Fal\u00eancias e Recupera\u00e7\u00f5es&hellip;","jetpack_sharing_enabled":true,"jetpack_likes_enabled":true,"_links":{"self":[{"href":"https:\/\/blogopara.com.br\/index.php\/wp-json\/wp\/v2\/posts\/49545","targetHints":{"allow":["GET"]}}],"collection":[{"href":"https:\/\/blogopara.com.br\/index.php\/wp-json\/wp\/v2\/posts"}],"about":[{"href":"https:\/\/blogopara.com.br\/index.php\/wp-json\/wp\/v2\/types\/post"}],"author":[{"embeddable":true,"href":"https:\/\/blogopara.com.br\/index.php\/wp-json\/wp\/v2\/users\/1"}],"replies":[{"embeddable":true,"href":"https:\/\/blogopara.com.br\/index.php\/wp-json\/wp\/v2\/comments?post=49545"}],"version-history":[{"count":2,"href":"https:\/\/blogopara.com.br\/index.php\/wp-json\/wp\/v2\/posts\/49545\/revisions"}],"predecessor-version":[{"id":49548,"href":"https:\/\/blogopara.com.br\/index.php\/wp-json\/wp\/v2\/posts\/49545\/revisions\/49548"}],"wp:featuredmedia":[{"embeddable":true,"href":"https:\/\/blogopara.com.br\/index.php\/wp-json\/wp\/v2\/media\/49546"}],"wp:attachment":[{"href":"https:\/\/blogopara.com.br\/index.php\/wp-json\/wp\/v2\/media?parent=49545"}],"wp:term":[{"taxonomy":"category","embeddable":true,"href":"https:\/\/blogopara.com.br\/index.php\/wp-json\/wp\/v2\/categories?post=49545"},{"taxonomy":"post_tag","embeddable":true,"href":"https:\/\/blogopara.com.br\/index.php\/wp-json\/wp\/v2\/tags?post=49545"}],"curies":[{"name":"wp","href":"https:\/\/api.w.org\/{rel}","templated":true}]}}