{"id":49549,"date":"2023-02-10T16:00:00","date_gmt":"2023-02-10T19:00:00","guid":{"rendered":"https:\/\/blogopara.com.br\/?p=49549"},"modified":"2023-02-10T00:48:30","modified_gmt":"2023-02-10T03:48:30","slug":"bolsa-familia-dias-afirma-que-25-milhoes-de-beneficios-sao-indevidos","status":"publish","type":"post","link":"https:\/\/blogopara.com.br\/index.php\/2023\/02\/10\/bolsa-familia-dias-afirma-que-25-milhoes-de-beneficios-sao-indevidos","title":{"rendered":"Bolsa Fam\u00edlia: Dias afirma que 2,5 milh\u00f5es de benef\u00edcios s\u00e3o indevidos"},"content":{"rendered":"<p style=\"text-align: justify;\">O ministro do Desenvolvimento e Assist\u00eancia Social,\u00a0Wellington Dias, afirmou, nesta quinta-feira (9\/2), que cerca de 2,5 milh\u00f5es de benefici\u00e1rios do programa Bolsa Fam\u00edlia est\u00e3o irregulares. Pelos novos c\u00e1lculos do ministro, o n\u00famero caiu drasticamente desde 11 de janeiro, quando Dias estimou que\u00a0cerca de 10 milh\u00f5es de benef\u00edcios tinham \u201cind\u00edcios de irregularidades\u201d.<\/p>\n<p style=\"text-align: justify;\" data-gtm-vis-recent-on-screen-8752935_845=\"42765\" data-gtm-vis-first-on-screen-8752935_845=\"42765\" data-gtm-vis-total-visible-time-8752935_845=\"100\" data-gtm-vis-has-fired-8752935_845=\"1\">O novo levantamento foi feito durante a revis\u00e3o dos cadastros do Bolsa Fam\u00edlia.<\/p>\n<p style=\"text-align: justify;\">Dias ainda acusa o governo de\u00a0Jair Bolsonaro\u00a0de fazer uma \u201cbagun\u00e7a\u201d no Cad\u00danico em troca de votos. O que, segundo o ministro, est\u00e1 sob investiga\u00e7\u00e3o. \u201cFoi desmantelado o c\u00e9rebro do Cadastro \u00danico. \u00c9 como se tivesse uma bagun\u00e7a para perder o controle\u201d, disse o ministro ao\u00a0G1.<\/p>\n<div class=\"m-news-list-content m-related-news\" style=\"text-align: justify;\"><\/div>\n<p style=\"text-align: justify;\">\u201cTemos, infelizmente, pessoas com renda elevada, com nove sal\u00e1rios m\u00ednimos, recebendo Bolsa Fam\u00edlia. E pessoas sem renda, com fome, que n\u00e3o conseguem acessar [o programa]. \u00c9 mais que uma\u00a0atualiza\u00e7\u00e3o de cadastro, \u00e9 justi\u00e7a social\u201c, declarou.<\/p>\n<p style=\"text-align: justify;\" data-gtm-vis-recent-on-screen-8752935_862=\"42925\" data-gtm-vis-first-on-screen-8752935_862=\"42925\" data-gtm-vis-total-visible-time-8752935_862=\"100\" data-gtm-vis-has-fired-8752935_862=\"1\" data-gtm-vis-recent-on-screen-8752935_866=\"42929\" data-gtm-vis-first-on-screen-8752935_866=\"42929\" data-gtm-vis-total-visible-time-8752935_866=\"100\" data-gtm-vis-has-fired-8752935_866=\"1\">O pagamento do Bolsa Fam\u00edlia de fevereiro ser\u00e1 antecipado. O dinheiro deve ser liberado na pr\u00f3xima segunda-feira (13\/2). O valor m\u00ednimo do benef\u00edcio \u00e9 de R$ 600. A partir de mar\u00e7o, deve come\u00e7ar o pagamento do acr\u00e9scimo de R$ 150 por crian\u00e7a de at\u00e9 seis anos por fam\u00edlia.<\/p>\n<p data-gtm-vis-recent-on-screen-8752935_862=\"42925\" data-gtm-vis-first-on-screen-8752935_862=\"42925\" data-gtm-vis-total-visible-time-8752935_862=\"100\" data-gtm-vis-has-fired-8752935_862=\"1\" data-gtm-vis-recent-on-screen-8752935_866=\"42929\" data-gtm-vis-first-on-screen-8752935_866=\"42929\" data-gtm-vis-total-visible-time-8752935_866=\"100\" data-gtm-vis-has-fired-8752935_866=\"1\"><em>Fonte: Metr\u00f3poles<\/em><\/p>\n","protected":false},"excerpt":{"rendered":"<p>O ministro do Desenvolvimento e Assist\u00eancia Social,\u00a0Wellington Dias, afirmou, nesta quinta-feira (9\/2), que cerca de 2,5 milh\u00f5es de benefici\u00e1rios do programa Bolsa Fam\u00edlia est\u00e3o irregulares. Pelos novos c\u00e1lculos do ministro, o n\u00famero caiu drasticamente desde 11 de janeiro, quando Dias estimou que\u00a0cerca de 10 milh\u00f5es de benef\u00edcios tinham \u201cind\u00edcios de irregularidades\u201d. O novo levantamento foi [&hellip;]<\/p>\n","protected":false},"author":1,"featured_media":47992,"comment_status":"closed","ping_status":"open","sticky":false,"template":"","format":"standard","meta":{"_uag_custom_page_level_css":"","_monsterinsights_skip_tracking":false,"_monsterinsights_sitenote_active":false,"_monsterinsights_sitenote_note":"","_monsterinsights_sitenote_category":0,"jetpack_post_was_ever_published":false,"_jetpack_newsletter_access":"","_jetpack_dont_email_post_to_subs":false,"_jetpack_newsletter_tier_id":0,"_jetpack_memberships_contains_paywalled_content":false,"_jetpack_memberships_contains_paid_content":false,"footnotes":"","jetpack_publicize_message":"","jetpack_publicize_feature_enabled":true,"jetpack_social_post_already_shared":true,"jetpack_social_options":{"image_generator_settings":{"template":"highway","default_image_id":0,"font":"","enabled":false},"version":2}},"categories":[200,197],"tags":[1193,1174,10661,10660],"class_list":["post-49549","post","type-post","status-publish","format-standard","has-post-thumbnail","hentry","category-brasil","category-politica","tag-bolsa-familia","tag-irregularidades","tag-ministerio-do-desenvolvimento","tag-wellington-dias"],"jetpack_publicize_connections":[],"jetpack_featured_media_url":"https:\/\/blogopara.com.br\/wp-content\/uploads\/2022\/12\/300b0375101c66ce256387a8d2b3a4fd.jpg","uagb_featured_image_src":{"full":["https:\/\/blogopara.com.br\/wp-content\/uploads\/2022\/12\/300b0375101c66ce256387a8d2b3a4fd.jpg",500,300,false],"thumbnail":["https:\/\/blogopara.com.br\/wp-content\/uploads\/2022\/12\/300b0375101c66ce256387a8d2b3a4fd-150x150.jpg",150,150,true],"medium":["https:\/\/blogopara.com.br\/wp-content\/uploads\/2022\/12\/300b0375101c66ce256387a8d2b3a4fd-300x180.jpg",300,180,true],"medium_large":["https:\/\/blogopara.com.br\/wp-content\/uploads\/2022\/12\/300b0375101c66ce256387a8d2b3a4fd.jpg",500,300,false],"large":["https:\/\/blogopara.com.br\/wp-content\/uploads\/2022\/12\/300b0375101c66ce256387a8d2b3a4fd.jpg",500,300,false],"1536x1536":["https:\/\/blogopara.com.br\/wp-content\/uploads\/2022\/12\/300b0375101c66ce256387a8d2b3a4fd.jpg",500,300,false],"2048x2048":["https:\/\/blogopara.com.br\/wp-content\/uploads\/2022\/12\/300b0375101c66ce256387a8d2b3a4fd.jpg",500,300,false],"mantranews-slider-large":["https:\/\/blogopara.com.br\/wp-content\/uploads\/2022\/12\/300b0375101c66ce256387a8d2b3a4fd.jpg",500,300,false],"mantranews-featured-medium":["https:\/\/blogopara.com.br\/wp-content\/uploads\/2022\/12\/300b0375101c66ce256387a8d2b3a4fd-420x300.jpg",420,300,true],"mantranews-featured-long":["https:\/\/blogopara.com.br\/wp-content\/uploads\/2022\/12\/300b0375101c66ce256387a8d2b3a4fd-300x300.jpg",300,300,true],"mantranews-block-medium":["https:\/\/blogopara.com.br\/wp-content\/uploads\/2022\/12\/300b0375101c66ce256387a8d2b3a4fd-464x290.jpg",464,290,true],"mantranews-carousel-image":["https:\/\/blogopara.com.br\/wp-content\/uploads\/2022\/12\/300b0375101c66ce256387a8d2b3a4fd.jpg",500,300,false],"mantranews-block-thumb":["https:\/\/blogopara.com.br\/wp-content\/uploads\/2022\/12\/300b0375101c66ce256387a8d2b3a4fd-322x230.jpg",322,230,true],"mantranews-single-large":["https:\/\/blogopara.com.br\/wp-content\/uploads\/2022\/12\/300b0375101c66ce256387a8d2b3a4fd.jpg",500,300,false]},"uagb_author_info":{"display_name":"Reda\u00e7\u00e3o geral","author_link":"https:\/\/blogopara.com.br\/index.php\/author\/blogopara"},"uagb_comment_info":0,"uagb_excerpt":"O ministro do Desenvolvimento e Assist\u00eancia Social,\u00a0Wellington Dias, afirmou, nesta quinta-feira (9\/2), que cerca de 2,5 milh\u00f5es de benefici\u00e1rios do programa Bolsa Fam\u00edlia est\u00e3o irregulares. Pelos novos c\u00e1lculos do ministro, o n\u00famero caiu drasticamente desde 11 de janeiro, quando Dias estimou que\u00a0cerca de 10 milh\u00f5es de benef\u00edcios tinham \u201cind\u00edcios de irregularidades\u201d. O novo levantamento foi&hellip;","jetpack_sharing_enabled":true,"jetpack_likes_enabled":true,"_links":{"self":[{"href":"https:\/\/blogopara.com.br\/index.php\/wp-json\/wp\/v2\/posts\/49549","targetHints":{"allow":["GET"]}}],"collection":[{"href":"https:\/\/blogopara.com.br\/index.php\/wp-json\/wp\/v2\/posts"}],"about":[{"href":"https:\/\/blogopara.com.br\/index.php\/wp-json\/wp\/v2\/types\/post"}],"author":[{"embeddable":true,"href":"https:\/\/blogopara.com.br\/index.php\/wp-json\/wp\/v2\/users\/1"}],"replies":[{"embeddable":true,"href":"https:\/\/blogopara.com.br\/index.php\/wp-json\/wp\/v2\/comments?post=49549"}],"version-history":[{"count":1,"href":"https:\/\/blogopara.com.br\/index.php\/wp-json\/wp\/v2\/posts\/49549\/revisions"}],"predecessor-version":[{"id":49550,"href":"https:\/\/blogopara.com.br\/index.php\/wp-json\/wp\/v2\/posts\/49549\/revisions\/49550"}],"wp:featuredmedia":[{"embeddable":true,"href":"https:\/\/blogopara.com.br\/index.php\/wp-json\/wp\/v2\/media\/47992"}],"wp:attachment":[{"href":"https:\/\/blogopara.com.br\/index.php\/wp-json\/wp\/v2\/media?parent=49549"}],"wp:term":[{"taxonomy":"category","embeddable":true,"href":"https:\/\/blogopara.com.br\/index.php\/wp-json\/wp\/v2\/categories?post=49549"},{"taxonomy":"post_tag","embeddable":true,"href":"https:\/\/blogopara.com.br\/index.php\/wp-json\/wp\/v2\/tags?post=49549"}],"curies":[{"name":"wp","href":"https:\/\/api.w.org\/{rel}","templated":true}]}}