{"id":49605,"date":"2023-02-12T18:00:00","date_gmt":"2023-02-12T21:00:00","guid":{"rendered":"https:\/\/blogopara.com.br\/?p=49605"},"modified":"2023-02-12T06:37:31","modified_gmt":"2023-02-12T09:37:31","slug":"abertas-inscricoes-para-edicao-especial-de-carnaval-do-projeto-empreender-na-praca-em-petrolina","status":"publish","type":"post","link":"https:\/\/blogopara.com.br\/index.php\/2023\/02\/12\/abertas-inscricoes-para-edicao-especial-de-carnaval-do-projeto-empreender-na-praca-em-petrolina","title":{"rendered":"Abertas inscri\u00e7\u00f5es para edi\u00e7\u00e3o especial de Carnaval do projeto Empreender na Pra\u00e7a em Petrolina"},"content":{"rendered":"<div id=\"chunk-d4bt2\">\n<div class=\"mc-column content-text active-extra-styles \" data-block-type=\"unstyled\" data-block-weight=\"38\" data-block-id=\"3\">\n<p class=\"content-text__container \" style=\"text-align: justify;\" data-track-category=\"Link no Texto\" data-track-links=\"\">Est\u00e3o abertas at\u00e9 a pr\u00f3xima ter\u00e7a-feira (14), as inscri\u00e7\u00f5es para a edi\u00e7\u00e3o especial de carnaval do projeto \u2018Empreender na Pra\u00e7a\u2019, em\u00a0Petrolina, no Sert\u00e3o de Pernambuco. Durante os quatro dias de festa, os empreendedores ir\u00e3o expor seus produtos.<\/p>\n<\/div>\n<\/div>\n<div class=\"wall protected-content\">\n<div id=\"chunk-l4to\" style=\"text-align: justify;\">\n<div class=\"mc-column content-text active-extra-styles \" data-block-type=\"unstyled\" data-block-weight=\"25\" data-block-id=\"4\">\n<p class=\"content-text__container \" data-track-category=\"Link no Texto\" data-track-links=\"\">Ao todo, s\u00e3o 40 vagas dispon\u00edveis para empreendedores dos segmentos de gastronomia, acess\u00f3rios e artesanato. Os interessados podem se inscrever gratuitamente pelo\u00a0<a href=\"https:\/\/docs.google.com\/forms\/d\/e\/1FAIpQLSf5oRkrb1L4Wc1mIIPO7K2KDV8QzhNVEiQN6J7H1gc79gYcdQ\/viewform?usp=pp_url\" target=\"_blank\" rel=\"noopener\">link<\/a>.<\/p>\n<\/div>\n<\/div>\n<div id=\"chunk-gaku\">\n<div class=\"mc-column content-text active-extra-styles \" data-block-type=\"unstyled\" data-block-weight=\"30\" data-block-id=\"5\">\n<p class=\"content-text__container \" style=\"text-align: justify;\" data-track-category=\"Link no Texto\" data-track-links=\"\">Outras informa\u00e7\u00f5es podem ser obtidas pelo WhatsApp (87) 98165-8270 ou na Ag\u00eancia Municipal do Empreendedor (AGE Petrolina), localizada na Rua Castro Alves, 55, Centro, das 8h \u00e0s 12h.<\/p>\n<p style=\"text-align: justify;\" data-track-category=\"Link no Texto\" data-track-links=\"\"><em>Fonte: g1 Petrolina<\/em><\/p>\n<\/div>\n<\/div>\n<\/div>\n","protected":false},"excerpt":{"rendered":"<p>Est\u00e3o abertas at\u00e9 a pr\u00f3xima ter\u00e7a-feira (14), as inscri\u00e7\u00f5es para a edi\u00e7\u00e3o especial de carnaval do projeto \u2018Empreender na Pra\u00e7a\u2019, em\u00a0Petrolina, no Sert\u00e3o de Pernambuco. Durante os quatro dias de festa, os empreendedores ir\u00e3o expor seus produtos. Ao todo, s\u00e3o 40 vagas dispon\u00edveis para empreendedores dos segmentos de gastronomia, acess\u00f3rios e artesanato. Os interessados podem [&hellip;]<\/p>\n","protected":false},"author":1,"featured_media":49606,"comment_status":"closed","ping_status":"open","sticky":false,"template":"","format":"standard","meta":{"_uag_custom_page_level_css":"","_monsterinsights_skip_tracking":false,"_monsterinsights_sitenote_active":false,"_monsterinsights_sitenote_note":"","_monsterinsights_sitenote_category":0,"jetpack_post_was_ever_published":false,"_jetpack_newsletter_access":"","_jetpack_dont_email_post_to_subs":false,"_jetpack_newsletter_tier_id":0,"_jetpack_memberships_contains_paywalled_content":false,"_jetpack_memberships_contains_paid_content":false,"footnotes":"","jetpack_publicize_message":"","jetpack_publicize_feature_enabled":true,"jetpack_social_post_already_shared":true,"jetpack_social_options":{"image_generator_settings":{"template":"highway","default_image_id":0,"font":"","enabled":false},"version":2}},"categories":[1784,851],"tags":[10682,115,10681,58],"class_list":["post-49605","post","type-post","status-publish","format-standard","has-post-thumbnail","hentry","category-cultura-2","category-petrolina","tag-carnaval-petrolina-2023","tag-empreendedorismo","tag-empreender-na-praca","tag-petrolina"],"jetpack_publicize_connections":[],"jetpack_featured_media_url":"https:\/\/blogopara.com.br\/wp-content\/uploads\/2023\/02\/Captura-de-tela-2023-02-11-182944-1.jpg","uagb_featured_image_src":{"full":["https:\/\/blogopara.com.br\/wp-content\/uploads\/2023\/02\/Captura-de-tela-2023-02-11-182944-1.jpg",500,309,false],"thumbnail":["https:\/\/blogopara.com.br\/wp-content\/uploads\/2023\/02\/Captura-de-tela-2023-02-11-182944-1-150x150.jpg",150,150,true],"medium":["https:\/\/blogopara.com.br\/wp-content\/uploads\/2023\/02\/Captura-de-tela-2023-02-11-182944-1-300x185.jpg",300,185,true],"medium_large":["https:\/\/blogopara.com.br\/wp-content\/uploads\/2023\/02\/Captura-de-tela-2023-02-11-182944-1.jpg",500,309,false],"large":["https:\/\/blogopara.com.br\/wp-content\/uploads\/2023\/02\/Captura-de-tela-2023-02-11-182944-1.jpg",500,309,false],"1536x1536":["https:\/\/blogopara.com.br\/wp-content\/uploads\/2023\/02\/Captura-de-tela-2023-02-11-182944-1.jpg",500,309,false],"2048x2048":["https:\/\/blogopara.com.br\/wp-content\/uploads\/2023\/02\/Captura-de-tela-2023-02-11-182944-1.jpg",500,309,false],"mantranews-slider-large":["https:\/\/blogopara.com.br\/wp-content\/uploads\/2023\/02\/Captura-de-tela-2023-02-11-182944-1.jpg",500,309,false],"mantranews-featured-medium":["https:\/\/blogopara.com.br\/wp-content\/uploads\/2023\/02\/Captura-de-tela-2023-02-11-182944-1-420x307.jpg",420,307,true],"mantranews-featured-long":["https:\/\/blogopara.com.br\/wp-content\/uploads\/2023\/02\/Captura-de-tela-2023-02-11-182944-1-300x309.jpg",300,309,true],"mantranews-block-medium":["https:\/\/blogopara.com.br\/wp-content\/uploads\/2023\/02\/Captura-de-tela-2023-02-11-182944-1-464x290.jpg",464,290,true],"mantranews-carousel-image":["https:\/\/blogopara.com.br\/wp-content\/uploads\/2023\/02\/Captura-de-tela-2023-02-11-182944-1.jpg",500,309,false],"mantranews-block-thumb":["https:\/\/blogopara.com.br\/wp-content\/uploads\/2023\/02\/Captura-de-tela-2023-02-11-182944-1-322x230.jpg",322,230,true],"mantranews-single-large":["https:\/\/blogopara.com.br\/wp-content\/uploads\/2023\/02\/Captura-de-tela-2023-02-11-182944-1.jpg",500,309,false]},"uagb_author_info":{"display_name":"Reda\u00e7\u00e3o geral","author_link":"https:\/\/blogopara.com.br\/index.php\/author\/blogopara"},"uagb_comment_info":0,"uagb_excerpt":"Est\u00e3o abertas at\u00e9 a pr\u00f3xima ter\u00e7a-feira (14), as inscri\u00e7\u00f5es para a edi\u00e7\u00e3o especial de carnaval do projeto \u2018Empreender na Pra\u00e7a\u2019, em\u00a0Petrolina, no Sert\u00e3o de Pernambuco. Durante os quatro dias de festa, os empreendedores ir\u00e3o expor seus produtos. Ao todo, s\u00e3o 40 vagas dispon\u00edveis para empreendedores dos segmentos de gastronomia, acess\u00f3rios e artesanato. Os interessados podem&hellip;","jetpack_sharing_enabled":true,"jetpack_likes_enabled":true,"_links":{"self":[{"href":"https:\/\/blogopara.com.br\/index.php\/wp-json\/wp\/v2\/posts\/49605","targetHints":{"allow":["GET"]}}],"collection":[{"href":"https:\/\/blogopara.com.br\/index.php\/wp-json\/wp\/v2\/posts"}],"about":[{"href":"https:\/\/blogopara.com.br\/index.php\/wp-json\/wp\/v2\/types\/post"}],"author":[{"embeddable":true,"href":"https:\/\/blogopara.com.br\/index.php\/wp-json\/wp\/v2\/users\/1"}],"replies":[{"embeddable":true,"href":"https:\/\/blogopara.com.br\/index.php\/wp-json\/wp\/v2\/comments?post=49605"}],"version-history":[{"count":1,"href":"https:\/\/blogopara.com.br\/index.php\/wp-json\/wp\/v2\/posts\/49605\/revisions"}],"predecessor-version":[{"id":49607,"href":"https:\/\/blogopara.com.br\/index.php\/wp-json\/wp\/v2\/posts\/49605\/revisions\/49607"}],"wp:featuredmedia":[{"embeddable":true,"href":"https:\/\/blogopara.com.br\/index.php\/wp-json\/wp\/v2\/media\/49606"}],"wp:attachment":[{"href":"https:\/\/blogopara.com.br\/index.php\/wp-json\/wp\/v2\/media?parent=49605"}],"wp:term":[{"taxonomy":"category","embeddable":true,"href":"https:\/\/blogopara.com.br\/index.php\/wp-json\/wp\/v2\/categories?post=49605"},{"taxonomy":"post_tag","embeddable":true,"href":"https:\/\/blogopara.com.br\/index.php\/wp-json\/wp\/v2\/tags?post=49605"}],"curies":[{"name":"wp","href":"https:\/\/api.w.org\/{rel}","templated":true}]}}