{"id":49668,"date":"2023-02-14T08:00:00","date_gmt":"2023-02-14T11:00:00","guid":{"rendered":"https:\/\/blogopara.com.br\/?p=49668"},"modified":"2023-02-13T22:51:06","modified_gmt":"2023-02-14T01:51:06","slug":"volkswagen-suspendera-producao-em-fabricas-no-brasil-por-falta-de-pecas","status":"publish","type":"post","link":"https:\/\/blogopara.com.br\/index.php\/2023\/02\/14\/volkswagen-suspendera-producao-em-fabricas-no-brasil-por-falta-de-pecas","title":{"rendered":"Volkswagen suspender\u00e1 produ\u00e7\u00e3o em f\u00e1bricas no Brasil por falta de pe\u00e7as"},"content":{"rendered":"<p style=\"text-align: justify;\">A\u00a0Volkswagen suspender\u00e1 novamente a produ\u00e7\u00e3o em tr\u00eas das suas f\u00e1bricas no Brasil por falta de pe\u00e7as e componentes. As plantas de S\u00e3o Bernardo do Campo (SP) e S\u00e3o Jos\u00e9 dos Pinhais (PR) entrar\u00e3o em f\u00e9rias coletivas entre os dias 22 de fevereiro e 3 de mar\u00e7o, enquanto a unidade de motores, em S\u00e3o Carlos (SP), paralisar\u00e1 a produ\u00e7\u00e3o entre 20 de fevereiro e 1\u00ba de mar\u00e7o.<\/p>\n<div id=\"relacionadas\" class=\"block  three_columns\" style=\"text-align: justify;\">\n<div id=\"tab-1\" class=\"block-content active\"><\/div>\n<\/div>\n<p style=\"text-align: justify;\">De acordo com a VW, a paralisa\u00e7\u00e3o na f\u00e1brica do ABC j\u00e1 estava planejada desde o ano passado. Por l\u00e1, s\u00e3o fabricados\u00a0Virtus,\u00a0Nivus,\u00a0Saveiro\u00a0e a maior parte das vers\u00f5es do\u00a0Polo. \u201cOs dias de parada j\u00e1 estavam programados desde o ano passado e fazem parte da estrat\u00e9gia da montadora de flexibiliza\u00e7\u00e3o nos processos produtivos devido ao fornecimento de componentes\u201d, diz a nota.<\/p>\n<figure id=\"attachment_321813\" class=\"wp-caption alignnone media-super \" style=\"text-align: justify;\">\n<p><figure id=\"attachment_321813\" aria-describedby=\"caption-attachment-321813\" style=\"width: 1024px\" class=\"wp-caption alignnone media-super\"><img loading=\"lazy\" decoding=\"async\" class=\"wp-image-321813 size-full\" title=\"98102a36-6fb0-4ce0-955b-499690354f66\" src=\"https:\/\/quatrorodas.abril.com.br\/wp-content\/uploads\/2023\/02\/98102a36-6fb0-4ce0-955b-499690354f66-e1675698121188.jpeg?quality=70&amp;strip=info\" alt=\"Volkswagen Polo Track 1st Edition\" width=\"1024\" height=\"684\" border=\"0\" data-restrict=\"false\" data-portal-copyright=\"Divulga\u00e7\u00e3o\" data-image-caption=\"Volkswagen Polo Track 1st Edition\" data-image-title=\"\" data-image-source=\"Volkswagen\" \/><figcaption id=\"caption-attachment-321813\" class=\"wp-caption-text\">Apenas a f\u00e1brica de Taubat\u00e9, que produz o Polo Track n\u00e3o ter\u00e1 a produ\u00e7\u00e3o paralisada Divulga\u00e7\u00e3o\/Volkswagen<\/figcaption><\/figure><figcaption class=\"wp-caption-text\"><\/figcaption><\/figure>\n<p style=\"text-align: justify;\">A f\u00e1brica de Taubat\u00e9, no interior de S\u00e3o Paulo e que produz o rec\u00e9m-lan\u00e7ado\u00a0Polo Track,\u00a0ser\u00e1 a \u00fanica a manter sua produ\u00e7\u00e3o em ritmo normal, com dois turnos.<\/p>\n<p style=\"text-align: justify;\">A not\u00edcia vem num momento onde a produ\u00e7\u00e3o automotiva se restabelece ap\u00f3s as crises geradas pela pandemia e, posteriormente, pela guerra entre Ucr\u00e2nia e R\u00fassia. Embora a produ\u00e7\u00e3o de ve\u00edculos tenha atingido 152,7 mil ve\u00edculos em janeiro deste ano, maior que os 145,4 mil do mesmo per\u00edodo do ano passado, segundo a Anfavea, as paralisa\u00e7\u00f5es da Volkswagen mostram que a ind\u00fastria ainda n\u00e3o est\u00e1 totalmente recuperada.<\/p>\n<p><em>Fonte: Quatro Rodas<\/em><\/p>\n","protected":false},"excerpt":{"rendered":"<p>A\u00a0Volkswagen suspender\u00e1 novamente a produ\u00e7\u00e3o em tr\u00eas das suas f\u00e1bricas no Brasil por falta de pe\u00e7as e componentes. As plantas de S\u00e3o Bernardo do Campo (SP) e S\u00e3o Jos\u00e9 dos Pinhais (PR) entrar\u00e3o em f\u00e9rias coletivas entre os dias 22 de fevereiro e 3 de mar\u00e7o, enquanto a unidade de motores, em S\u00e3o Carlos (SP), [&hellip;]<\/p>\n","protected":false},"author":1,"featured_media":49669,"comment_status":"closed","ping_status":"open","sticky":false,"template":"","format":"standard","meta":{"_uag_custom_page_level_css":"","_monsterinsights_skip_tracking":false,"_monsterinsights_sitenote_active":false,"_monsterinsights_sitenote_note":"","_monsterinsights_sitenote_category":0,"jetpack_post_was_ever_published":false,"_jetpack_newsletter_access":"","_jetpack_dont_email_post_to_subs":false,"_jetpack_newsletter_tier_id":0,"_jetpack_memberships_contains_paywalled_content":false,"_jetpack_memberships_contains_paid_content":false,"footnotes":"","jetpack_publicize_message":"","jetpack_publicize_feature_enabled":true,"jetpack_social_post_already_shared":true,"jetpack_social_options":{"image_generator_settings":{"template":"highway","default_image_id":0,"font":"","enabled":false},"version":2}},"categories":[200],"tags":[10693,10692],"class_list":["post-49668","post","type-post","status-publish","format-standard","has-post-thumbnail","hentry","category-brasil","tag-pecas","tag-volkswagen"],"jetpack_publicize_connections":[],"jetpack_featured_media_url":"https:\/\/blogopara.com.br\/wp-content\/uploads\/2023\/02\/Volkskwagen-500x333-1.jpg","uagb_featured_image_src":{"full":["https:\/\/blogopara.com.br\/wp-content\/uploads\/2023\/02\/Volkskwagen-500x333-1.jpg",500,333,false],"thumbnail":["https:\/\/blogopara.com.br\/wp-content\/uploads\/2023\/02\/Volkskwagen-500x333-1-150x150.jpg",150,150,true],"medium":["https:\/\/blogopara.com.br\/wp-content\/uploads\/2023\/02\/Volkskwagen-500x333-1-300x200.jpg",300,200,true],"medium_large":["https:\/\/blogopara.com.br\/wp-content\/uploads\/2023\/02\/Volkskwagen-500x333-1.jpg",500,333,false],"large":["https:\/\/blogopara.com.br\/wp-content\/uploads\/2023\/02\/Volkskwagen-500x333-1.jpg",500,333,false],"1536x1536":["https:\/\/blogopara.com.br\/wp-content\/uploads\/2023\/02\/Volkskwagen-500x333-1.jpg",500,333,false],"2048x2048":["https:\/\/blogopara.com.br\/wp-content\/uploads\/2023\/02\/Volkskwagen-500x333-1.jpg",500,333,false],"mantranews-slider-large":["https:\/\/blogopara.com.br\/wp-content\/uploads\/2023\/02\/Volkskwagen-500x333-1.jpg",500,333,false],"mantranews-featured-medium":["https:\/\/blogopara.com.br\/wp-content\/uploads\/2023\/02\/Volkskwagen-500x333-1-420x307.jpg",420,307,true],"mantranews-featured-long":["https:\/\/blogopara.com.br\/wp-content\/uploads\/2023\/02\/Volkskwagen-500x333-1-300x333.jpg",300,333,true],"mantranews-block-medium":["https:\/\/blogopara.com.br\/wp-content\/uploads\/2023\/02\/Volkskwagen-500x333-1-464x290.jpg",464,290,true],"mantranews-carousel-image":["https:\/\/blogopara.com.br\/wp-content\/uploads\/2023\/02\/Volkskwagen-500x333-1.jpg",500,333,false],"mantranews-block-thumb":["https:\/\/blogopara.com.br\/wp-content\/uploads\/2023\/02\/Volkskwagen-500x333-1-322x230.jpg",322,230,true],"mantranews-single-large":["https:\/\/blogopara.com.br\/wp-content\/uploads\/2023\/02\/Volkskwagen-500x333-1.jpg",500,333,false]},"uagb_author_info":{"display_name":"Reda\u00e7\u00e3o geral","author_link":"https:\/\/blogopara.com.br\/index.php\/author\/blogopara"},"uagb_comment_info":0,"uagb_excerpt":"A\u00a0Volkswagen suspender\u00e1 novamente a produ\u00e7\u00e3o em tr\u00eas das suas f\u00e1bricas no Brasil por falta de pe\u00e7as e componentes. As plantas de S\u00e3o Bernardo do Campo (SP) e S\u00e3o Jos\u00e9 dos Pinhais (PR) entrar\u00e3o em f\u00e9rias coletivas entre os dias 22 de fevereiro e 3 de mar\u00e7o, enquanto a unidade de motores, em S\u00e3o Carlos (SP),&hellip;","jetpack_sharing_enabled":true,"jetpack_likes_enabled":true,"_links":{"self":[{"href":"https:\/\/blogopara.com.br\/index.php\/wp-json\/wp\/v2\/posts\/49668","targetHints":{"allow":["GET"]}}],"collection":[{"href":"https:\/\/blogopara.com.br\/index.php\/wp-json\/wp\/v2\/posts"}],"about":[{"href":"https:\/\/blogopara.com.br\/index.php\/wp-json\/wp\/v2\/types\/post"}],"author":[{"embeddable":true,"href":"https:\/\/blogopara.com.br\/index.php\/wp-json\/wp\/v2\/users\/1"}],"replies":[{"embeddable":true,"href":"https:\/\/blogopara.com.br\/index.php\/wp-json\/wp\/v2\/comments?post=49668"}],"version-history":[{"count":1,"href":"https:\/\/blogopara.com.br\/index.php\/wp-json\/wp\/v2\/posts\/49668\/revisions"}],"predecessor-version":[{"id":49670,"href":"https:\/\/blogopara.com.br\/index.php\/wp-json\/wp\/v2\/posts\/49668\/revisions\/49670"}],"wp:featuredmedia":[{"embeddable":true,"href":"https:\/\/blogopara.com.br\/index.php\/wp-json\/wp\/v2\/media\/49669"}],"wp:attachment":[{"href":"https:\/\/blogopara.com.br\/index.php\/wp-json\/wp\/v2\/media?parent=49668"}],"wp:term":[{"taxonomy":"category","embeddable":true,"href":"https:\/\/blogopara.com.br\/index.php\/wp-json\/wp\/v2\/categories?post=49668"},{"taxonomy":"post_tag","embeddable":true,"href":"https:\/\/blogopara.com.br\/index.php\/wp-json\/wp\/v2\/tags?post=49668"}],"curies":[{"name":"wp","href":"https:\/\/api.w.org\/{rel}","templated":true}]}}