{"id":49757,"date":"2023-02-16T12:00:00","date_gmt":"2023-02-16T15:00:00","guid":{"rendered":"https:\/\/blogopara.com.br\/?p=49757"},"modified":"2023-02-15T22:44:28","modified_gmt":"2023-02-16T01:44:28","slug":"programacao-em-juazeiro-segue-apresentando-novas-estrategias-de-recomposicao-da-aprendizagem-para-profissionais-da-rede-municipal-de-ensino","status":"publish","type":"post","link":"https:\/\/blogopara.com.br\/index.php\/2023\/02\/16\/programacao-em-juazeiro-segue-apresentando-novas-estrategias-de-recomposicao-da-aprendizagem-para-profissionais-da-rede-municipal-de-ensino","title":{"rendered":"Programa\u00e7\u00e3o em Juazeiro segue apresentando novas estrat\u00e9gias de recomposi\u00e7\u00e3o da aprendizagem para profissionais da rede municipal de ensino"},"content":{"rendered":"<p style=\"text-align: justify;\">Com o tema: \u2018Ressignificando a pr\u00e1tica na sua melhor vers\u00e3o\u2019, a programa\u00e7\u00e3o do #borAgir 2023 segue dando continuidade \u00e0s atividades, reunindo profissionais da Educa\u00e7\u00e3o para discutir novas estrat\u00e9gias de recomposi\u00e7\u00e3o da aprendizagem. Nesta ter\u00e7a-feira (15), as atividades aconteceram no audit\u00f3rio da Seduc, Rapport Hotel, Ch\u00e1cara Bougainville, Escola Municipal Jos\u00e9 Padilha, Escola de Forma\u00e7\u00e3o Continuada de Educadores Parlim (Efep), Escola Municipal Maria de Lourdes, e Escola Municipal Judite Leal Costa.<\/p>\n<p style=\"text-align: justify;\">Iniciativa desenvolvida pela Prefeitura de Juazeiro, atrav\u00e9s da Secretaria de Educa\u00e7\u00e3o e Juventude (Seduc), o #borAgir corresponde a um conjunto de a\u00e7\u00f5es sistematizadas para minimizar as perdas no processo de aprendizagem causadas pela pandemia. De acordo com a superintendente de Gest\u00e3o Escolar, Programas e Projetos da Seduc, Maria Alexandrina Ara\u00fajo, as forma\u00e7\u00f5es oferecidas durante a semana de programa\u00e7\u00e3o, se prop\u00f5em intencionalmente, em preparar um trabalho pedag\u00f3gico escolar, na rede municipal de ensino, a partir de uma perspectiva de garantia dos direitos de aprendizagem dos estudantes de forma efetiva e assertiva.<\/p>\n<p style=\"text-align: justify;\">\u201dEssas a\u00e7\u00f5es permitir\u00e3o percorrer um caminho assertivo, discutindo e deliberando pol\u00edticas p\u00fablicas para a educa\u00e7\u00e3o b\u00e1sica municipal, com a intencionalidade de merecermos o reconhecimento por excel\u00eancia de qualidade da gest\u00e3o, com foco no aprimoramento do ensino-aprendizagem, no desempenho dos alunos e nos resultados a serem alcan\u00e7ados, sempre atentos ao cumprimento de metas, e a cria\u00e7\u00e3o de condi\u00e7\u00f5es favor\u00e1veis para uma Educa\u00e7\u00e3o de qualidade cada vez mais elevada\u201d, disse Alexandrina.<\/p>\n<p style=\"text-align: justify;\">A gestora da Escola Municipal Esta\u00e7\u00e3o do Saber Jos\u00e9 Carlos Tanuri, Virna Sarissa, comentou sobre os benef\u00edcios de estar participando da programa\u00e7\u00e3o. \u201cDurante a programa\u00e7\u00e3o, tivemos esclarecimentos e direcionamentos sobre o \u00cdndice de Desempenho da Gest\u00e3o Descentralizada (Ideges), do Programa Dinheiro Direto na Escola (PDDE), para o p\u00fablico de gestores, que contou com um momento \u00fanico e capacitador. Essa programa\u00e7\u00e3o \u00e9 mais uma estrat\u00e9gia eficiente que a Seduc encontrou para auxiliar os profissionais da educa\u00e7\u00e3o na constru\u00e7\u00e3o de plano pedag\u00f3gico eficaz, capaz de gerar melhores resultados, entendendo que todo planejamento organizado \u00e9 sin\u00f4nimo de produtividade com qualidade, gerando maior entrosamento e melhorias dos processos referentes ao ensino\u201d, falou Virna.<\/p>\n<p style=\"text-align: justify;\">Jeane da Costa Chaves, coordenadora da Escola Municipal Centro Social Urbano Am\u00e9rico Tanuri, contou sobre a experi\u00eancia de estar inovando e somando conhecimentos. \u201cEssa programa\u00e7\u00e3o \u00e9 de grande relev\u00e2ncia para a rede, pois tem proporcionado momentos de reflex\u00e3o sobre todo trabalho docente e aprendizagens dos alunos, repensando e reavaliando os objetivos de estrutura\u00e7\u00e3o das pr\u00e1ticas, e instrumentos capazes de tornar o ensino cada vez mais significativo, onde os resultados possam ser cada vez mais positivos. Tem sido uma oportunidade enriquecedora de aquisi\u00e7\u00e3o e renova\u00e7\u00e3o de conhecimentos\u201d, pontuou Jeane.<br \/>\n<img loading=\"lazy\" decoding=\"async\" class=\"aligncenter size-full wp-image-79939\" src=\"https:\/\/www.juazeiro.ba.gov.br\/wp-content\/uploads\/2023\/02\/C5F4453D-BEE7-4197-BBE8-A283F3C6FA77.jpeg\" sizes=\"auto, (max-width: 2048px) 100vw, 2048px\" srcset=\"https:\/\/www.juazeiro.ba.gov.br\/wp-content\/uploads\/2023\/02\/C5F4453D-BEE7-4197-BBE8-A283F3C6FA77.jpeg 2048w, https:\/\/www.juazeiro.ba.gov.br\/wp-content\/uploads\/2023\/02\/C5F4453D-BEE7-4197-BBE8-A283F3C6FA77-300x200.jpeg 300w, https:\/\/www.juazeiro.ba.gov.br\/wp-content\/uploads\/2023\/02\/C5F4453D-BEE7-4197-BBE8-A283F3C6FA77-1024x683.jpeg 1024w, https:\/\/www.juazeiro.ba.gov.br\/wp-content\/uploads\/2023\/02\/C5F4453D-BEE7-4197-BBE8-A283F3C6FA77-768x512.jpeg 768w, https:\/\/www.juazeiro.ba.gov.br\/wp-content\/uploads\/2023\/02\/C5F4453D-BEE7-4197-BBE8-A283F3C6FA77-1536x1024.jpeg 1536w\" alt=\"\" width=\"2048\" height=\"1365\" \/><br \/>\n<img loading=\"lazy\" decoding=\"async\" class=\"aligncenter size-full wp-image-79937\" src=\"https:\/\/www.juazeiro.ba.gov.br\/wp-content\/uploads\/2023\/02\/83A1B84E-23EF-461E-AA11-7443BB2352E4.jpeg\" sizes=\"auto, (max-width: 2048px) 100vw, 2048px\" srcset=\"https:\/\/www.juazeiro.ba.gov.br\/wp-content\/uploads\/2023\/02\/83A1B84E-23EF-461E-AA11-7443BB2352E4.jpeg 2048w, https:\/\/www.juazeiro.ba.gov.br\/wp-content\/uploads\/2023\/02\/83A1B84E-23EF-461E-AA11-7443BB2352E4-300x200.jpeg 300w, https:\/\/www.juazeiro.ba.gov.br\/wp-content\/uploads\/2023\/02\/83A1B84E-23EF-461E-AA11-7443BB2352E4-1024x683.jpeg 1024w, https:\/\/www.juazeiro.ba.gov.br\/wp-content\/uploads\/2023\/02\/83A1B84E-23EF-461E-AA11-7443BB2352E4-768x512.jpeg 768w, https:\/\/www.juazeiro.ba.gov.br\/wp-content\/uploads\/2023\/02\/83A1B84E-23EF-461E-AA11-7443BB2352E4-1536x1024.jpeg 1536w\" alt=\"\" width=\"2048\" height=\"1365\" \/><img loading=\"lazy\" decoding=\"async\" class=\"aligncenter size-full wp-image-79935\" src=\"https:\/\/www.juazeiro.ba.gov.br\/wp-content\/uploads\/2023\/02\/89EBD06B-59D0-4948-99A0-B31BA9839F3D.jpeg\" sizes=\"auto, (max-width: 2048px) 100vw, 2048px\" srcset=\"https:\/\/www.juazeiro.ba.gov.br\/wp-content\/uploads\/2023\/02\/89EBD06B-59D0-4948-99A0-B31BA9839F3D.jpeg 2048w, https:\/\/www.juazeiro.ba.gov.br\/wp-content\/uploads\/2023\/02\/89EBD06B-59D0-4948-99A0-B31BA9839F3D-300x200.jpeg 300w, https:\/\/www.juazeiro.ba.gov.br\/wp-content\/uploads\/2023\/02\/89EBD06B-59D0-4948-99A0-B31BA9839F3D-1024x683.jpeg 1024w, https:\/\/www.juazeiro.ba.gov.br\/wp-content\/uploads\/2023\/02\/89EBD06B-59D0-4948-99A0-B31BA9839F3D-768x512.jpeg 768w, https:\/\/www.juazeiro.ba.gov.br\/wp-content\/uploads\/2023\/02\/89EBD06B-59D0-4948-99A0-B31BA9839F3D-1536x1024.jpeg 1536w\" alt=\"\" width=\"2048\" height=\"1365\" \/><img loading=\"lazy\" decoding=\"async\" class=\"aligncenter size-full wp-image-79936\" src=\"https:\/\/www.juazeiro.ba.gov.br\/wp-content\/uploads\/2023\/02\/50099394-9C6B-4392-AADB-4CADAB4D36BD.jpeg\" sizes=\"auto, (max-width: 2048px) 100vw, 2048px\" srcset=\"https:\/\/www.juazeiro.ba.gov.br\/wp-content\/uploads\/2023\/02\/50099394-9C6B-4392-AADB-4CADAB4D36BD.jpeg 2048w, https:\/\/www.juazeiro.ba.gov.br\/wp-content\/uploads\/2023\/02\/50099394-9C6B-4392-AADB-4CADAB4D36BD-300x200.jpeg 300w, https:\/\/www.juazeiro.ba.gov.br\/wp-content\/uploads\/2023\/02\/50099394-9C6B-4392-AADB-4CADAB4D36BD-1024x683.jpeg 1024w, https:\/\/www.juazeiro.ba.gov.br\/wp-content\/uploads\/2023\/02\/50099394-9C6B-4392-AADB-4CADAB4D36BD-768x512.jpeg 768w, https:\/\/www.juazeiro.ba.gov.br\/wp-content\/uploads\/2023\/02\/50099394-9C6B-4392-AADB-4CADAB4D36BD-1536x1024.jpeg 1536w\" alt=\"\" width=\"2048\" height=\"1365\" \/><\/p>\n<p style=\"text-align: justify;\"><em><span style=\"font-size: revert; color: initial;\">Fonte: Ascom\/Seduc\/PMJ<\/span><\/em><\/p>\n","protected":false},"excerpt":{"rendered":"<p>Com o tema: \u2018Ressignificando a pr\u00e1tica na sua melhor vers\u00e3o\u2019, a programa\u00e7\u00e3o do #borAgir 2023 segue dando continuidade \u00e0s atividades, reunindo profissionais da Educa\u00e7\u00e3o para discutir novas estrat\u00e9gias de recomposi\u00e7\u00e3o da aprendizagem. Nesta ter\u00e7a-feira (15), as atividades aconteceram no audit\u00f3rio da Seduc, Rapport Hotel, Ch\u00e1cara Bougainville, Escola Municipal Jos\u00e9 Padilha, Escola de Forma\u00e7\u00e3o Continuada de [&hellip;]<\/p>\n","protected":false},"author":1,"featured_media":49758,"comment_status":"closed","ping_status":"open","sticky":false,"template":"","format":"standard","meta":{"_uag_custom_page_level_css":"","_monsterinsights_skip_tracking":false,"_monsterinsights_sitenote_active":false,"_monsterinsights_sitenote_note":"","_monsterinsights_sitenote_category":0,"jetpack_post_was_ever_published":false,"_jetpack_newsletter_access":"","_jetpack_dont_email_post_to_subs":false,"_jetpack_newsletter_tier_id":0,"_jetpack_memberships_contains_paywalled_content":false,"_jetpack_memberships_contains_paid_content":false,"footnotes":"","jetpack_publicize_message":"","jetpack_publicize_feature_enabled":true,"jetpack_social_post_already_shared":true,"jetpack_social_options":{"image_generator_settings":{"template":"highway","default_image_id":0,"font":"","enabled":false},"version":2}},"categories":[209,203],"tags":[340],"class_list":["post-49757","post","type-post","status-publish","format-standard","has-post-thumbnail","hentry","category-educacao","category-juazeiro","tag-prefeitura-de-juazeiro"],"jetpack_publicize_connections":[],"jetpack_featured_media_url":"https:\/\/blogopara.com.br\/wp-content\/uploads\/2023\/02\/7C7A2649-200E-4247-B470-C97BC908C2C2-1.jpeg","uagb_featured_image_src":{"full":["https:\/\/blogopara.com.br\/wp-content\/uploads\/2023\/02\/7C7A2649-200E-4247-B470-C97BC908C2C2-1.jpeg",500,333,false],"thumbnail":["https:\/\/blogopara.com.br\/wp-content\/uploads\/2023\/02\/7C7A2649-200E-4247-B470-C97BC908C2C2-1-150x150.jpeg",150,150,true],"medium":["https:\/\/blogopara.com.br\/wp-content\/uploads\/2023\/02\/7C7A2649-200E-4247-B470-C97BC908C2C2-1-300x200.jpeg",300,200,true],"medium_large":["https:\/\/blogopara.com.br\/wp-content\/uploads\/2023\/02\/7C7A2649-200E-4247-B470-C97BC908C2C2-1.jpeg",500,333,false],"large":["https:\/\/blogopara.com.br\/wp-content\/uploads\/2023\/02\/7C7A2649-200E-4247-B470-C97BC908C2C2-1.jpeg",500,333,false],"1536x1536":["https:\/\/blogopara.com.br\/wp-content\/uploads\/2023\/02\/7C7A2649-200E-4247-B470-C97BC908C2C2-1.jpeg",500,333,false],"2048x2048":["https:\/\/blogopara.com.br\/wp-content\/uploads\/2023\/02\/7C7A2649-200E-4247-B470-C97BC908C2C2-1.jpeg",500,333,false],"mantranews-slider-large":["https:\/\/blogopara.com.br\/wp-content\/uploads\/2023\/02\/7C7A2649-200E-4247-B470-C97BC908C2C2-1.jpeg",500,333,false],"mantranews-featured-medium":["https:\/\/blogopara.com.br\/wp-content\/uploads\/2023\/02\/7C7A2649-200E-4247-B470-C97BC908C2C2-1-420x307.jpeg",420,307,true],"mantranews-featured-long":["https:\/\/blogopara.com.br\/wp-content\/uploads\/2023\/02\/7C7A2649-200E-4247-B470-C97BC908C2C2-1-300x333.jpeg",300,333,true],"mantranews-block-medium":["https:\/\/blogopara.com.br\/wp-content\/uploads\/2023\/02\/7C7A2649-200E-4247-B470-C97BC908C2C2-1-464x290.jpeg",464,290,true],"mantranews-carousel-image":["https:\/\/blogopara.com.br\/wp-content\/uploads\/2023\/02\/7C7A2649-200E-4247-B470-C97BC908C2C2-1.jpeg",500,333,false],"mantranews-block-thumb":["https:\/\/blogopara.com.br\/wp-content\/uploads\/2023\/02\/7C7A2649-200E-4247-B470-C97BC908C2C2-1-322x230.jpeg",322,230,true],"mantranews-single-large":["https:\/\/blogopara.com.br\/wp-content\/uploads\/2023\/02\/7C7A2649-200E-4247-B470-C97BC908C2C2-1.jpeg",500,333,false]},"uagb_author_info":{"display_name":"Reda\u00e7\u00e3o geral","author_link":"https:\/\/blogopara.com.br\/index.php\/author\/blogopara"},"uagb_comment_info":0,"uagb_excerpt":"Com o tema: \u2018Ressignificando a pr\u00e1tica na sua melhor vers\u00e3o\u2019, a programa\u00e7\u00e3o do #borAgir 2023 segue dando continuidade \u00e0s atividades, reunindo profissionais da Educa\u00e7\u00e3o para discutir novas estrat\u00e9gias de recomposi\u00e7\u00e3o da aprendizagem. Nesta ter\u00e7a-feira (15), as atividades aconteceram no audit\u00f3rio da Seduc, Rapport Hotel, Ch\u00e1cara Bougainville, Escola Municipal Jos\u00e9 Padilha, Escola de Forma\u00e7\u00e3o Continuada de&hellip;","jetpack_sharing_enabled":true,"jetpack_likes_enabled":true,"_links":{"self":[{"href":"https:\/\/blogopara.com.br\/index.php\/wp-json\/wp\/v2\/posts\/49757","targetHints":{"allow":["GET"]}}],"collection":[{"href":"https:\/\/blogopara.com.br\/index.php\/wp-json\/wp\/v2\/posts"}],"about":[{"href":"https:\/\/blogopara.com.br\/index.php\/wp-json\/wp\/v2\/types\/post"}],"author":[{"embeddable":true,"href":"https:\/\/blogopara.com.br\/index.php\/wp-json\/wp\/v2\/users\/1"}],"replies":[{"embeddable":true,"href":"https:\/\/blogopara.com.br\/index.php\/wp-json\/wp\/v2\/comments?post=49757"}],"version-history":[{"count":1,"href":"https:\/\/blogopara.com.br\/index.php\/wp-json\/wp\/v2\/posts\/49757\/revisions"}],"predecessor-version":[{"id":49759,"href":"https:\/\/blogopara.com.br\/index.php\/wp-json\/wp\/v2\/posts\/49757\/revisions\/49759"}],"wp:featuredmedia":[{"embeddable":true,"href":"https:\/\/blogopara.com.br\/index.php\/wp-json\/wp\/v2\/media\/49758"}],"wp:attachment":[{"href":"https:\/\/blogopara.com.br\/index.php\/wp-json\/wp\/v2\/media?parent=49757"}],"wp:term":[{"taxonomy":"category","embeddable":true,"href":"https:\/\/blogopara.com.br\/index.php\/wp-json\/wp\/v2\/categories?post=49757"},{"taxonomy":"post_tag","embeddable":true,"href":"https:\/\/blogopara.com.br\/index.php\/wp-json\/wp\/v2\/tags?post=49757"}],"curies":[{"name":"wp","href":"https:\/\/api.w.org\/{rel}","templated":true}]}}